{"id":7897,"date":"2016-07-23T08:08:38","date_gmt":"2016-07-23T06:08:38","guid":{"rendered":"http:\/\/www.sabine-seyffert.de\/blog\/?p=7897"},"modified":"2018-06-26T17:31:42","modified_gmt":"2018-06-26T15:31:42","slug":"unsere-lieblingsbuecher-fuer-die-sommerzeit-den-urlaubskoffer-zum-vorlesen-oder-selber-lesen","status":"publish","type":"post","link":"https:\/\/www.sabine-seyffert.de\/blog\/unsere-lieblingsbuecher-fuer-die-sommerzeit-den-urlaubskoffer-zum-vorlesen-oder-selber-lesen\/","title":{"rendered":"Unsere Lieblingsb\u00fccher f\u00fcr die Sommerzeit &#038; den Urlaubskoffer &#8211; zum Vorlesen oder selber lesen"},"content":{"rendered":"<p style=\"text-align: justify;\"><img loading=\"lazy\" decoding=\"async\" src=\"https:\/\/ssl-vg03.met.vgwort.de\/na\/d44459448034448eb1220e1ed55e56e8\" alt=\"\" width=\"1\" height=\"1\" \/>Der Sommer hat begonnen und vor uns liegen die <a href=\"http:\/\/www.sabine-seyffert.de\/blog\/?cat=38\" target=\"_blank\" rel=\"noopener\">gro\u00dfen Ferien<\/a> mit allerhand freier Zeit. Damit in den Ferien erst gar keine Langeweile aufkommt, gibt es heute mal wieder ein paar B\u00fcchertipps von uns, die uns gut gefallen und Euch einfach mal n\u00e4her vorstellen m\u00f6chten:<\/p>\n<p style=\"text-align: justify;\"><span style=\"color: #ff9900;\"><strong>Die Karlsson Kinder \u201eSpukgestalten und Spione\u201c<\/strong><\/span> von Katarina Mazetti<\/p>\n<p style=\"text-align: justify;\">In den Sommerferien sollen Julia und ihre j\u00fcngere Schwester Daniella, genannt Hummel, bei ihrer Tante Frieda auf der Insel Dopping\u00f6 verbringen. Allerdings st\u00f6\u00dft diese Aussieht bei den Schwestern auf wenig Begeisterung. Schlie\u00dflich ist Tante Frieda echt \u201ekrass\u201c und nicht ganz bei Trost. Und kochen tut Frieda auch nicht. Selbst das Einkaufen vergisst sie gerne einmal. Au\u00dferdem werden auch die beiden Cousins George und Alex in den Ferien auf die Insel kommen, die sie bislang noch nicht kannten. Nicht gerade rosige Aussichten!<br \/>\nKaum auf der Insel angekommen, muss Tante Frieda dringend auf das Festland. Und auf der Insel geschehen merkw\u00fcrdige Dinge. Hier und da verschwinden Sachen aus der Vorratskammer. Und mitten in der Nacht schleicht jemand um das Haus. Was geht hier blo\u00df vor? Mutig und gewitzt machen sich die vier Karlssonkinder schlie\u00dflich auf die Suche nach dem Geheimnis. Und dabei wird es richtig spannend. Zum Gl\u00fcck, das am Ende alles gut ausgeht und auch Tante Frieda wieder da ist!<br \/>\nDie Karlsson Kinder haben uns sofort begeistert. Daher freuen wir uns, dass es aus dieser Reihe offenbar noch weitere B\u00e4nde gibt, die nun auf unserer Wunschliste ganz oben stehen \ud83d\ude09<\/p>\n<p style=\"text-align: center;\"><a href=\"http:\/\/www.sabine-seyffert.de\/blog\/wp-content\/uploads\/2016\/07\/Buch-Karlsson.jpg\" rel=\"attachment wp-att-7898\"><img loading=\"lazy\" decoding=\"async\" class=\"alignnone size-full wp-image-7898\" src=\"http:\/\/www.sabine-seyffert.de\/blog\/wp-content\/uploads\/2016\/07\/Buch-Karlsson.jpg\" alt=\"Buch Karlsson\" width=\"800\" height=\"600\" srcset=\"https:\/\/www.sabine-seyffert.de\/blog\/wp-content\/uploads\/2016\/07\/Buch-Karlsson.jpg 800w, https:\/\/www.sabine-seyffert.de\/blog\/wp-content\/uploads\/2016\/07\/Buch-Karlsson-300x225.jpg 300w, https:\/\/www.sabine-seyffert.de\/blog\/wp-content\/uploads\/2016\/07\/Buch-Karlsson-768x576.jpg 768w\" sizes=\"auto, (max-width: 800px) 100vw, 800px\" \/><\/a><\/p>\n<p style=\"text-align: justify;\"><strong><span style=\"color: #ff9900;\">Sommer im Holunderweg<\/span><\/strong> von Martina Baumbach<\/p>\n<p style=\"text-align: justify;\">Ach, wie ist so ein Sommer doch wunderbar! Der Himmel ist blau, die Sonne scheint warm und von leckerem Eis zur Erfrischung kann man in dieser Zeit eigentlich nie genug haben, oder?<br \/>\nDer fr\u00f6hlichen Kinderschar, die im Holunderweg 7 zu Hause ist, geht es da nicht anders. Ida, Lennart, Malte, Ella, Bruno und die kleine Lilly genie\u00dfen den Sommer in vollen Z\u00fcgen. Und das Beste daran \u2013 sie wohnen alle im selben Haus. Somit hat man stets genug Freunde an seiner Seite. Ob die Rasselband mit dem Rad gemeinsam zum nahe gelegenen Erdbeerfeld f\u00e4hrt um frische Erdbeeren zu pfl\u00fccken und im Anschluss Marmelade zu kochen, einen Ausflug zum Bauernhofmuseum unternimmt, fr\u00f6hliche Wasserschlachten auf dem Hof veranstaltet, dem Sonnwendfeuer entgegenfiebert und ein Mitternachtsschwimmen im Stadtweiher genie\u00dft, den ersten Ferientag im Venezia, der besten Eisdiele der Stadt feiert &#8211; der Sommer samt Ferienzeit ist einfach nur toll. Und Langeweile kommt im Holunderweg garantiert nicht auf.<br \/>\nEin tolles, sehr vergn\u00fcgliches Buch zum Vor- oder auch selber lesen!<\/p>\n<p style=\"text-align: center;\"><a href=\"http:\/\/www.sabine-seyffert.de\/blog\/wp-content\/uploads\/2016\/07\/Buch-Holunderweg.jpg\" rel=\"attachment wp-att-7899\"><img loading=\"lazy\" decoding=\"async\" class=\"alignnone size-full wp-image-7899\" src=\"http:\/\/www.sabine-seyffert.de\/blog\/wp-content\/uploads\/2016\/07\/Buch-Holunderweg.jpg\" alt=\"Buch Holunderweg\" width=\"800\" height=\"600\" srcset=\"https:\/\/www.sabine-seyffert.de\/blog\/wp-content\/uploads\/2016\/07\/Buch-Holunderweg.jpg 800w, https:\/\/www.sabine-seyffert.de\/blog\/wp-content\/uploads\/2016\/07\/Buch-Holunderweg-300x225.jpg 300w, https:\/\/www.sabine-seyffert.de\/blog\/wp-content\/uploads\/2016\/07\/Buch-Holunderweg-768x576.jpg 768w\" sizes=\"auto, (max-width: 800px) 100vw, 800px\" \/><\/a><\/p>\n<p style=\"text-align: justify;\"><span style=\"color: #ff9900;\"><strong>Wir sind nachher wieder da, wir m\u00fcssen kurz nach Afrika<\/strong><\/span> von Oliver Scherz<\/p>\n<p style=\"text-align: justify;\">Joscha und seine Schwester Marie sind am Abend ganz allein zu Haus. Drau\u00dfen st\u00fcrmt es und so ohne die Eltern ist es doch ganz sch\u00f6n unheimlich. Und da klopft es auch noch an Fenster \u2013 wer kann das blo\u00df sein? Ein Riese! Um genauer zu sein ein riesiger Elefant steht da und bittet die beiden um Hilfe. Denn er ist aus dem Zoo gefl\u00fcchtet und m\u00f6chte nun gerne nach Afrika, zu seiner Familie. Allerdings wei\u00df er nicht, wo genau das ist. Doch Joscha wei\u00df Rat und holt den Globus. Schnell ist Afrika gefunden und gemeinsam machen sich die drei auf den Weg. Unterwes erleben sie allerhand aufregende Dinge und immer wieder gibt es Hindernisse, die \u00fcberwunden werden m\u00fcssen. Zuerst treffen sie auf eine kleine Maus, dann auf einen gro\u00dfen B\u00e4ren. Es gibt Schnee und Gebirge zu \u00fcberwinden, einen langen Fluss und ein selbst gebautes Flo\u00df. Ja sogar das weite Meer\u2026<br \/>\nEine wahrhaft fantastische Geschichte mit einem \u00fcberraschenden Ende!<\/p>\n<p style=\"text-align: center;\"><a href=\"http:\/\/www.sabine-seyffert.de\/blog\/wp-content\/uploads\/2016\/07\/Buch-Afrika.jpg\" rel=\"attachment wp-att-7900\"><img loading=\"lazy\" decoding=\"async\" class=\"alignnone size-full wp-image-7900\" src=\"http:\/\/www.sabine-seyffert.de\/blog\/wp-content\/uploads\/2016\/07\/Buch-Afrika.jpg\" alt=\"Buch Afrika\" width=\"800\" height=\"600\" srcset=\"https:\/\/www.sabine-seyffert.de\/blog\/wp-content\/uploads\/2016\/07\/Buch-Afrika.jpg 800w, https:\/\/www.sabine-seyffert.de\/blog\/wp-content\/uploads\/2016\/07\/Buch-Afrika-300x225.jpg 300w, https:\/\/www.sabine-seyffert.de\/blog\/wp-content\/uploads\/2016\/07\/Buch-Afrika-768x576.jpg 768w\" sizes=\"auto, (max-width: 800px) 100vw, 800px\" \/><\/a><\/p>\n<p><a href=\"http:\/\/www.sabine-seyffert.de\/blog\/?page_id=32#urheberrecht\">urheberrechtlich gesch\u00fctzt<\/a>, \u00a9 Sabine Seyffert<\/p>\n","protected":false},"excerpt":{"rendered":"<p>Der Sommer hat begonnen und vor uns liegen die gro\u00dfen Ferien mit allerhand freier Zeit. Damit in den Ferien erst gar keine Langeweile aufkommt, gibt es heute mal wieder ein paar B\u00fcchertipps von uns, die uns gut gefallen und Euch einfach mal n\u00e4her vorstellen m\u00f6chten: Die Karlsson Kinder \u201eSpukgestalten und Spione\u201c von Katarina Mazetti In&#8230; <a href=\"https:\/\/www.sabine-seyffert.de\/blog\/unsere-lieblingsbuecher-fuer-die-sommerzeit-den-urlaubskoffer-zum-vorlesen-oder-selber-lesen\/\" class=\"more-link\">Read more: Unsere Lieblingsb\u00fccher f\u00fcr die Sommerzeit &#038; den Urlaubskoffer &#8211; zum Vorlesen oder selber lesen<\/a><\/p>\n","protected":false},"author":2,"featured_media":7898,"comment_status":"open","ping_status":"open","sticky":false,"template":"","format":"standard","meta":{"_metis_text_type":"","_metis_text_length":3653,"_post_count":0,"footnotes":""},"categories":[20,24],"tags":[],"class_list":["post-7897","post","type-post","status-publish","format-standard","has-post-thumbnail","hentry","category-bucher","category-sommer"],"_links":{"self":[{"href":"https:\/\/www.sabine-seyffert.de\/blog\/wp-json\/wp\/v2\/posts\/7897","targetHints":{"allow":["GET"]}}],"collection":[{"href":"https:\/\/www.sabine-seyffert.de\/blog\/wp-json\/wp\/v2\/posts"}],"about":[{"href":"https:\/\/www.sabine-seyffert.de\/blog\/wp-json\/wp\/v2\/types\/post"}],"author":[{"embeddable":true,"href":"https:\/\/www.sabine-seyffert.de\/blog\/wp-json\/wp\/v2\/users\/2"}],"replies":[{"embeddable":true,"href":"https:\/\/www.sabine-seyffert.de\/blog\/wp-json\/wp\/v2\/comments?post=7897"}],"version-history":[{"count":4,"href":"https:\/\/www.sabine-seyffert.de\/blog\/wp-json\/wp\/v2\/posts\/7897\/revisions"}],"predecessor-version":[{"id":12877,"href":"https:\/\/www.sabine-seyffert.de\/blog\/wp-json\/wp\/v2\/posts\/7897\/revisions\/12877"}],"wp:featuredmedia":[{"embeddable":true,"href":"https:\/\/www.sabine-seyffert.de\/blog\/wp-json\/wp\/v2\/media\/7898"}],"wp:attachment":[{"href":"https:\/\/www.sabine-seyffert.de\/blog\/wp-json\/wp\/v2\/media?parent=7897"}],"wp:term":[{"taxonomy":"category","embeddable":true,"href":"https:\/\/www.sabine-seyffert.de\/blog\/wp-json\/wp\/v2\/categories?post=7897"},{"taxonomy":"post_tag","embeddable":true,"href":"https:\/\/www.sabine-seyffert.de\/blog\/wp-json\/wp\/v2\/tags?post=7897"}],"curies":[{"name":"wp","href":"https:\/\/api.w.org\/{rel}","templated":true}]}}