{"id":7873,"date":"2016-07-19T09:13:04","date_gmt":"2016-07-19T07:13:04","guid":{"rendered":"http:\/\/www.sabine-seyffert.de\/blog\/?p=7873"},"modified":"2017-03-01T12:14:23","modified_gmt":"2017-03-01T10:14:23","slug":"ahoi-kleines-traumschiff-und-gute-reise-buntes-upcycling-sommerliche-naeherei","status":"publish","type":"post","link":"https:\/\/www.sabine-seyffert.de\/blog\/ahoi-kleines-traumschiff-und-gute-reise-buntes-upcycling-sommerliche-naeherei\/","title":{"rendered":"Ahoi, kleines Traumschiff und gute Reise \/ Buntes Upcycling &#038; sommerliche N\u00e4herei"},"content":{"rendered":"<p style=\"text-align: justify;\"><img loading=\"lazy\" decoding=\"async\" src=\"https:\/\/ssl-vg03.met.vgwort.de\/na\/e8ac9196cac04cfba04207903a84c2ef\" alt=\"\" width=\"1\" height=\"1\" \/>Die Idee zu diesem kleinen Traumschiff bzw. Traumkissen entstand mehr oder weniger aus der Not heraus. Dieses <a href=\"http:\/\/www.sabine-seyffert.de\/blog\/?p=4122\" target=\"_blank\">selbst gen\u00e4hte Kissen<\/a> wird so hei\u00df und innig geliebt, dass das Kind sich beharrlich weigert dies auch mal f\u00fcr einen kurzen Waschgang herauszur\u00fccken\u2026<\/p>\n<p style=\"text-align: center;\"><a href=\"http:\/\/www.sabine-seyffert.de\/blog\/wp-content\/uploads\/2016\/07\/Kissen-Schiff-5.jpg\" rel=\"attachment wp-att-7874\"><img loading=\"lazy\" decoding=\"async\" class=\"alignnone size-full wp-image-7874\" src=\"http:\/\/www.sabine-seyffert.de\/blog\/wp-content\/uploads\/2016\/07\/Kissen-Schiff-5.jpg\" alt=\"Kissen Schiff 5\" width=\"600\" height=\"800\" srcset=\"https:\/\/www.sabine-seyffert.de\/blog\/wp-content\/uploads\/2016\/07\/Kissen-Schiff-5.jpg 600w, https:\/\/www.sabine-seyffert.de\/blog\/wp-content\/uploads\/2016\/07\/Kissen-Schiff-5-225x300.jpg 225w\" sizes=\"auto, (max-width: 600px) 100vw, 600px\" \/><\/a><\/p>\n<p style=\"text-align: justify;\">Also musste eine passende Alternative her. Wie gut, dass relativ zeitgleich meine absolute Lieblingsjeans prompt an beiden Knien L\u00f6chern bekam. Was w\u00fcrde da besser passen als meiner hei\u00dfgeliebten Hose einen neuen Zweck zu verpassen? Mit schwerem Herzen kamen die Beine ab und wurden zu einem neuen Kissen vern\u00e4ht, in dem auch allerhand weitere Stoffreste verarbeitet wurden.<\/p>\n<p style=\"text-align: center;\"><a href=\"http:\/\/www.sabine-seyffert.de\/blog\/wp-content\/uploads\/2016\/07\/Kissen-Schiff-6.jpg\" rel=\"attachment wp-att-7875\"><img loading=\"lazy\" decoding=\"async\" class=\"alignnone size-full wp-image-7875\" src=\"http:\/\/www.sabine-seyffert.de\/blog\/wp-content\/uploads\/2016\/07\/Kissen-Schiff-6.jpg\" alt=\"Kissen Schiff 6\" width=\"800\" height=\"600\" srcset=\"https:\/\/www.sabine-seyffert.de\/blog\/wp-content\/uploads\/2016\/07\/Kissen-Schiff-6.jpg 800w, https:\/\/www.sabine-seyffert.de\/blog\/wp-content\/uploads\/2016\/07\/Kissen-Schiff-6-300x225.jpg 300w, https:\/\/www.sabine-seyffert.de\/blog\/wp-content\/uploads\/2016\/07\/Kissen-Schiff-6-768x576.jpg 768w\" sizes=\"auto, (max-width: 800px) 100vw, 800px\" \/><\/a><\/p>\n<p style=\"text-align: justify;\"><strong>Das wird gebraucht:<\/strong><br \/>\nEin gro\u00dfes St\u00fcck Jeansstoff (bestens geeignet ein Bein einer Jeanshose), uni blauen Baumwollstoff (Webstoff), einen Rei\u00dfverschluss, N\u00e4hgarn, eine Stoffschere, Vliesofix, Bleistift, eine Papierschere, Nadeln, ein Kissen 40 x 40 cm, einen Rei\u00dfverschluss und einen Schwung an farbigen \/ gemusterten Stoffresten.<\/p>\n<p style=\"text-align: center;\"><a href=\"http:\/\/www.sabine-seyffert.de\/blog\/wp-content\/uploads\/2016\/07\/Kissen-Schiff-9.jpg\" rel=\"attachment wp-att-7876\"><img loading=\"lazy\" decoding=\"async\" class=\"alignnone size-full wp-image-7876\" src=\"http:\/\/www.sabine-seyffert.de\/blog\/wp-content\/uploads\/2016\/07\/Kissen-Schiff-9.jpg\" alt=\"Kissen Schiff 9\" width=\"800\" height=\"600\" srcset=\"https:\/\/www.sabine-seyffert.de\/blog\/wp-content\/uploads\/2016\/07\/Kissen-Schiff-9.jpg 800w, https:\/\/www.sabine-seyffert.de\/blog\/wp-content\/uploads\/2016\/07\/Kissen-Schiff-9-300x225.jpg 300w, https:\/\/www.sabine-seyffert.de\/blog\/wp-content\/uploads\/2016\/07\/Kissen-Schiff-9-768x576.jpg 768w\" sizes=\"auto, (max-width: 800px) 100vw, 800px\" \/><\/a><\/p>\n<p style=\"text-align: justify;\"><strong>So wird\u2019s gemacht:<\/strong><br \/>\nWenn man das Hosenbein geschickt abschneidet, kann man dies so verwenden, dass das Kissen gleich einen sauberen Rand oben hat. F\u00fcr das untere Kissenteil habe ich einfach aus marinefarbenem Stoff an Vor- und R\u00fcckseite eine Verl\u00e4ngerung angen\u00e4ht.<\/p>\n<p style=\"text-align: center;\"><a href=\"http:\/\/www.sabine-seyffert.de\/blog\/wp-content\/uploads\/2016\/07\/Kissen-Schiff-2.jpg\" rel=\"attachment wp-att-7877\"><img loading=\"lazy\" decoding=\"async\" class=\"alignnone size-full wp-image-7877\" src=\"http:\/\/www.sabine-seyffert.de\/blog\/wp-content\/uploads\/2016\/07\/Kissen-Schiff-2.jpg\" alt=\"Kissen Schiff 2\" width=\"800\" height=\"600\" srcset=\"https:\/\/www.sabine-seyffert.de\/blog\/wp-content\/uploads\/2016\/07\/Kissen-Schiff-2.jpg 800w, https:\/\/www.sabine-seyffert.de\/blog\/wp-content\/uploads\/2016\/07\/Kissen-Schiff-2-300x225.jpg 300w, https:\/\/www.sabine-seyffert.de\/blog\/wp-content\/uploads\/2016\/07\/Kissen-Schiff-2-768x576.jpg 768w\" sizes=\"auto, (max-width: 800px) 100vw, 800px\" \/><\/a><\/p>\n<p style=\"text-align: justify;\">Wobei ich den oberen Rand, der unmittelbar an den Jeansstoff gen\u00e4ht wird, wellenf\u00f6rmig zugeschnitten und mit einer engen Zickzack Naht aneinander gen\u00e4ht habe.<\/p>\n<p style=\"text-align: center;\"><a href=\"http:\/\/www.sabine-seyffert.de\/blog\/wp-content\/uploads\/2016\/07\/Kissen-Schiff-4.jpg\" rel=\"attachment wp-att-7878\"><img loading=\"lazy\" decoding=\"async\" class=\"alignnone size-full wp-image-7878\" src=\"http:\/\/www.sabine-seyffert.de\/blog\/wp-content\/uploads\/2016\/07\/Kissen-Schiff-4.jpg\" alt=\"Kissen Schiff 4\" width=\"800\" height=\"600\" srcset=\"https:\/\/www.sabine-seyffert.de\/blog\/wp-content\/uploads\/2016\/07\/Kissen-Schiff-4.jpg 800w, https:\/\/www.sabine-seyffert.de\/blog\/wp-content\/uploads\/2016\/07\/Kissen-Schiff-4-300x225.jpg 300w, https:\/\/www.sabine-seyffert.de\/blog\/wp-content\/uploads\/2016\/07\/Kissen-Schiff-4-768x576.jpg 768w\" sizes=\"auto, (max-width: 800px) 100vw, 800px\" \/><\/a><\/p>\n<p style=\"text-align: justify;\">Aus einer kaputten Kinderjeans wurde dann das Schiff geschnitten, mit Vliesofix ausgestattet, wie <a href=\"http:\/\/www.sabine-seyffert.de\/blog\/?p=1690\" target=\"_blank\">hier<\/a> schon mal an einem anderen Kissenprojekt erkl\u00e4rt und angen\u00e4ht.<\/p>\n<p style=\"text-align: center;\"><a href=\"http:\/\/www.sabine-seyffert.de\/blog\/wp-content\/uploads\/2016\/07\/Kissen-Schiff-12.jpg\" rel=\"attachment wp-att-7879\"><img loading=\"lazy\" decoding=\"async\" class=\"alignnone size-full wp-image-7879\" src=\"http:\/\/www.sabine-seyffert.de\/blog\/wp-content\/uploads\/2016\/07\/Kissen-Schiff-12.jpg\" alt=\"Kissen Schiff 12\" width=\"800\" height=\"600\" srcset=\"https:\/\/www.sabine-seyffert.de\/blog\/wp-content\/uploads\/2016\/07\/Kissen-Schiff-12.jpg 800w, https:\/\/www.sabine-seyffert.de\/blog\/wp-content\/uploads\/2016\/07\/Kissen-Schiff-12-300x225.jpg 300w, https:\/\/www.sabine-seyffert.de\/blog\/wp-content\/uploads\/2016\/07\/Kissen-Schiff-12-768x576.jpg 768w\" sizes=\"auto, (max-width: 800px) 100vw, 800px\" \/><\/a><\/p>\n<p style=\"text-align: justify;\">Aus klitzekleinen Stoffresten habe ich dem kleinen Schiff noch einen Fahnenmast mit kleinen Wimpeln gen\u00e4ht und zu guter Letzt wieder den Namen appliziert. So wei\u00df jeder direkt, mit wem das Traumschiff jede Nacht ins Traumland segelt\u2026<\/p>\n<p style=\"text-align: center;\"><a href=\"http:\/\/www.sabine-seyffert.de\/blog\/wp-content\/uploads\/2016\/07\/Kissen-Schiff-10.jpg\" rel=\"attachment wp-att-7880\"><img loading=\"lazy\" decoding=\"async\" class=\"alignnone size-full wp-image-7880\" src=\"http:\/\/www.sabine-seyffert.de\/blog\/wp-content\/uploads\/2016\/07\/Kissen-Schiff-10.jpg\" alt=\"Kissen Schiff 10\" width=\"800\" height=\"600\" srcset=\"https:\/\/www.sabine-seyffert.de\/blog\/wp-content\/uploads\/2016\/07\/Kissen-Schiff-10.jpg 800w, https:\/\/www.sabine-seyffert.de\/blog\/wp-content\/uploads\/2016\/07\/Kissen-Schiff-10-300x225.jpg 300w, https:\/\/www.sabine-seyffert.de\/blog\/wp-content\/uploads\/2016\/07\/Kissen-Schiff-10-768x576.jpg 768w\" sizes=\"auto, (max-width: 800px) 100vw, 800px\" \/><\/a><\/p>\n<p style=\"text-align: justify;\">Wer weitere Kissenimpressionen sucht, findet <a href=\"http:\/\/www.sabine-seyffert.de\/blog\/?p=1690\" target=\"_blank\">hier<\/a> ein kleines Traumwiese-Kissen, das nicht nur in der Fr\u00fchlings- und Sommerzeit im Einsatz ist und dort gibt es noch ein <a href=\"http:\/\/www.sabine-seyffert.de\/blog\/?p=6111\" target=\"_blank\">upcyceltes Eulenkissen<\/a> f\u00fcr kleine Tr\u00e4umer und Kuschelfreunde!<\/p>\n<p style=\"text-align: center;\"><a href=\"http:\/\/www.sabine-seyffert.de\/blog\/wp-content\/uploads\/2016\/07\/Kissen-Schiff-11.jpg\" rel=\"attachment wp-att-7881\"><img loading=\"lazy\" decoding=\"async\" class=\"alignnone size-full wp-image-7881\" src=\"http:\/\/www.sabine-seyffert.de\/blog\/wp-content\/uploads\/2016\/07\/Kissen-Schiff-11.jpg\" alt=\"Kissen Schiff 11\" width=\"800\" height=\"600\" srcset=\"https:\/\/www.sabine-seyffert.de\/blog\/wp-content\/uploads\/2016\/07\/Kissen-Schiff-11.jpg 800w, https:\/\/www.sabine-seyffert.de\/blog\/wp-content\/uploads\/2016\/07\/Kissen-Schiff-11-300x225.jpg 300w, https:\/\/www.sabine-seyffert.de\/blog\/wp-content\/uploads\/2016\/07\/Kissen-Schiff-11-768x576.jpg 768w\" sizes=\"auto, (max-width: 800px) 100vw, 800px\" \/><\/a><\/p>\n<p><a href=\"http:\/\/www.sabine-seyffert.de\/blog\/?page_id=32#urheberrecht\">urheberrechtlich gesch\u00fctzt<\/a>, \u00a9 Sabine Seyffert<\/p>\n","protected":false},"excerpt":{"rendered":"<p>Die Idee zu diesem kleinen Traumschiff bzw. Traumkissen entstand mehr oder weniger aus der Not heraus. Dieses selbst gen\u00e4hte Kissen wird so hei\u00df und innig geliebt, dass das Kind sich beharrlich weigert dies auch mal f\u00fcr einen kurzen Waschgang herauszur\u00fccken\u2026 Also musste eine passende Alternative her. Wie gut, dass relativ zeitgleich meine absolute Lieblingsjeans prompt&#8230; <a href=\"https:\/\/www.sabine-seyffert.de\/blog\/ahoi-kleines-traumschiff-und-gute-reise-buntes-upcycling-sommerliche-naeherei\/\" class=\"more-link\">Read more: Ahoi, kleines Traumschiff und gute Reise \/ Buntes Upcycling &#038; sommerliche N\u00e4herei<\/a><\/p>\n","protected":false},"author":2,"featured_media":7874,"comment_status":"open","ping_status":"open","sticky":false,"template":"","format":"standard","meta":{"_metis_text_type":"","_metis_text_length":2062,"_post_count":0,"footnotes":""},"categories":[33,24],"tags":[],"class_list":["post-7873","post","type-post","status-publish","format-standard","has-post-thumbnail","hentry","category-kreative-naherein","category-sommer"],"_links":{"self":[{"href":"https:\/\/www.sabine-seyffert.de\/blog\/wp-json\/wp\/v2\/posts\/7873","targetHints":{"allow":["GET"]}}],"collection":[{"href":"https:\/\/www.sabine-seyffert.de\/blog\/wp-json\/wp\/v2\/posts"}],"about":[{"href":"https:\/\/www.sabine-seyffert.de\/blog\/wp-json\/wp\/v2\/types\/post"}],"author":[{"embeddable":true,"href":"https:\/\/www.sabine-seyffert.de\/blog\/wp-json\/wp\/v2\/users\/2"}],"replies":[{"embeddable":true,"href":"https:\/\/www.sabine-seyffert.de\/blog\/wp-json\/wp\/v2\/comments?post=7873"}],"version-history":[{"count":2,"href":"https:\/\/www.sabine-seyffert.de\/blog\/wp-json\/wp\/v2\/posts\/7873\/revisions"}],"predecessor-version":[{"id":7883,"href":"https:\/\/www.sabine-seyffert.de\/blog\/wp-json\/wp\/v2\/posts\/7873\/revisions\/7883"}],"wp:featuredmedia":[{"embeddable":true,"href":"https:\/\/www.sabine-seyffert.de\/blog\/wp-json\/wp\/v2\/media\/7874"}],"wp:attachment":[{"href":"https:\/\/www.sabine-seyffert.de\/blog\/wp-json\/wp\/v2\/media?parent=7873"}],"wp:term":[{"taxonomy":"category","embeddable":true,"href":"https:\/\/www.sabine-seyffert.de\/blog\/wp-json\/wp\/v2\/categories?post=7873"},{"taxonomy":"post_tag","embeddable":true,"href":"https:\/\/www.sabine-seyffert.de\/blog\/wp-json\/wp\/v2\/tags?post=7873"}],"curies":[{"name":"wp","href":"https:\/\/api.w.org\/{rel}","templated":true}]}}