{"id":786,"date":"2013-03-13T14:01:05","date_gmt":"2013-03-13T12:01:05","guid":{"rendered":"http:\/\/www.sabine-seyffert.de\/blog\/?p=786"},"modified":"2018-04-16T16:45:07","modified_gmt":"2018-04-16T14:45:07","slug":"kleine-kunstler-bitten-zur-vernissage","status":"publish","type":"post","link":"https:\/\/www.sabine-seyffert.de\/blog\/kleine-kunstler-bitten-zur-vernissage\/","title":{"rendered":"Kleine K\u00fcnstler bitten zur Vernissage"},"content":{"rendered":"<p style=\"text-align: center;\"><img loading=\"lazy\" decoding=\"async\" src=\"https:\/\/ssl-vg03.met.vgwort.de\/na\/d0d1bae7f3954eb89835f6aff08ca36e\" alt=\"\" width=\"1\" height=\"1\" \/><a href=\"http:\/\/www.sabine-seyffert.de\/blog\/wp-content\/uploads\/2013\/03\/Vernisage-11.jpg\"><img loading=\"lazy\" decoding=\"async\" class=\"alignnone size-full wp-image-801\" src=\"http:\/\/www.sabine-seyffert.de\/blog\/wp-content\/uploads\/2013\/03\/Vernisage-11.jpg\" alt=\"Vernisage 1\" width=\"708\" height=\"401\" srcset=\"https:\/\/www.sabine-seyffert.de\/blog\/wp-content\/uploads\/2013\/03\/Vernisage-11.jpg 1055w, https:\/\/www.sabine-seyffert.de\/blog\/wp-content\/uploads\/2013\/03\/Vernisage-11-300x170.jpg 300w, https:\/\/www.sabine-seyffert.de\/blog\/wp-content\/uploads\/2013\/03\/Vernisage-11-1024x580.jpg 1024w\" sizes=\"auto, (max-width: 708px) 100vw, 708px\" \/><\/a><\/p>\n<p style=\"text-align: justify;\">Vor kurzem bekamen wir eine Einladung zu einer Vernissage. Und zwar von meiner j\u00fcngsten Tochter, die zusammen mit allen Vorschulkindern im Kindergarten an einem tollen Museumsprojekt teilgenommen hat. Zum Abschluss dieser Projektreihe wurden Einladungen verteilt und alle dabei entstandenen Kunstwerke ausgestellt.<\/p>\n<p style=\"text-align: center;\"><a href=\"http:\/\/www.sabine-seyffert.de\/blog\/wp-content\/uploads\/2013\/03\/Vernisage-2.jpg\"><img loading=\"lazy\" decoding=\"async\" class=\"alignnone size-full wp-image-802\" src=\"http:\/\/www.sabine-seyffert.de\/blog\/wp-content\/uploads\/2013\/03\/Vernisage-2.jpg\" alt=\"Vernisage 2\" width=\"707\" height=\"351\" srcset=\"https:\/\/www.sabine-seyffert.de\/blog\/wp-content\/uploads\/2013\/03\/Vernisage-2.jpg 1200w, https:\/\/www.sabine-seyffert.de\/blog\/wp-content\/uploads\/2013\/03\/Vernisage-2-300x149.jpg 300w, https:\/\/www.sabine-seyffert.de\/blog\/wp-content\/uploads\/2013\/03\/Vernisage-2-1024x510.jpg 1024w\" sizes=\"auto, (max-width: 707px) 100vw, 707px\" \/><\/a><\/p>\n<p style=\"text-align: justify;\">Nach der offiziellen Er\u00f6ffnungsrede sowie einer genauen Anweisung der Vorschulkinder an alle gro\u00dfen Besucher, <i>wie<\/i> man sich auf einer Vernissage richtig zu verhalten hat, durften sich alle die wundervollen Gem\u00e4lde in Ruhe anschauen.<\/p>\n<p style=\"text-align: center;\"><a href=\"http:\/\/www.sabine-seyffert.de\/blog\/wp-content\/uploads\/2013\/03\/Vernisage-3.jpg\"><img loading=\"lazy\" decoding=\"async\" class=\"alignnone size-full wp-image-803\" src=\"http:\/\/www.sabine-seyffert.de\/blog\/wp-content\/uploads\/2013\/03\/Vernisage-3.jpg\" alt=\"Vernisage 3\" width=\"709\" height=\"868\" srcset=\"https:\/\/www.sabine-seyffert.de\/blog\/wp-content\/uploads\/2013\/03\/Vernisage-3.jpg 800w, https:\/\/www.sabine-seyffert.de\/blog\/wp-content\/uploads\/2013\/03\/Vernisage-3-244x300.jpg 244w\" sizes=\"auto, (max-width: 709px) 100vw, 709px\" \/><\/a><\/p>\n<p style=\"text-align: justify;\">Meine Tochter hatte jedes Mal begeistert zu Hause von den Museumsbesuchen erz\u00e4hlt. Sie konnte nicht nur im Detail davon berichtet was beispielsweise der K\u00fcnstler Peter Paul Rubens so alles gemalt hat und wie seine Bilder aussahen. Sie erz\u00e4hlte auch vollkommen euphorisch davon wie sie selbst Farben hergestellt, experimentiert und gemalt hat. So hatten die Kinder u.a. aus verschiedenen Materialien ganz eigenst\u00e4ndig Farben kreiert und damit verschiedene \u201eGem\u00e4lde\u201c angefertigt. Unter anderem aus Erde und Eigelb.<\/p>\n<p style=\"text-align: center;\"><a href=\"http:\/\/www.sabine-seyffert.de\/blog\/wp-content\/uploads\/2013\/03\/Vernisage-4.jpg\"><img loading=\"lazy\" decoding=\"async\" class=\"alignnone size-full wp-image-804\" src=\"http:\/\/www.sabine-seyffert.de\/blog\/wp-content\/uploads\/2013\/03\/Vernisage-4.jpg\" alt=\"Vernisage 4\" width=\"690\" height=\"517\" srcset=\"https:\/\/www.sabine-seyffert.de\/blog\/wp-content\/uploads\/2013\/03\/Vernisage-4.jpg 800w, https:\/\/www.sabine-seyffert.de\/blog\/wp-content\/uploads\/2013\/03\/Vernisage-4-300x225.jpg 300w\" sizes=\"auto, (max-width: 690px) 100vw, 690px\" \/><\/a><\/p>\n<p style=\"text-align: justify;\">Der unschlagbare Hit dieses tollen Kunstprojekts waren die Engel von Rubens. Diese wurden nat\u00fcrlich auch im Kindergarten k\u00fcnstlerisch in Szene gesetzt. Meine Tochter ist davon derart angetan, dass nun auch zu Hause Engel in allen erdenklichen Posen gemalt werden.<\/p>\n<p><a href=\"http:\/\/www.sabine-seyffert.de\/blog\/wp-content\/uploads\/2013\/03\/Vernisage-5.jpg\"><img loading=\"lazy\" decoding=\"async\" class=\"size-full wp-image-805 aligncenter\" src=\"http:\/\/www.sabine-seyffert.de\/blog\/wp-content\/uploads\/2013\/03\/Vernisage-5.jpg\" alt=\"Vernisage 5\" width=\"685\" height=\"532\" srcset=\"https:\/\/www.sabine-seyffert.de\/blog\/wp-content\/uploads\/2013\/03\/Vernisage-5.jpg 685w, https:\/\/www.sabine-seyffert.de\/blog\/wp-content\/uploads\/2013\/03\/Vernisage-5-300x232.jpg 300w\" sizes=\"auto, (max-width: 685px) 100vw, 685px\" \/><\/a><\/p>\n<p style=\"text-align: justify;\">Besonders wichtig ist hierbei Amors Pfeil, den die Engel auf den Bildern \u201eunters Volk jubeln\u201c. Eine entsprechende kleine Geschichte gab es dazu \u00fcbrigens auch auf der Vernissage f\u00fcr alle Interessierte, die in Form eines kurzen H\u00f6rspiels ein kleines Highlight war. Zumal in dem betreffenden Raum die Engelgem\u00e4lde der Kinder zu finden waren.<\/p>\n<p style=\"text-align: center;\"><a href=\"http:\/\/www.sabine-seyffert.de\/blog\/wp-content\/uploads\/2013\/03\/Vernisage-7.jpg\"><img loading=\"lazy\" decoding=\"async\" class=\"alignnone size-full wp-image-809\" src=\"http:\/\/www.sabine-seyffert.de\/blog\/wp-content\/uploads\/2013\/03\/Vernisage-7.jpg\" alt=\"Vernisage 7\" width=\"800\" height=\"600\" srcset=\"https:\/\/www.sabine-seyffert.de\/blog\/wp-content\/uploads\/2013\/03\/Vernisage-7.jpg 800w, https:\/\/www.sabine-seyffert.de\/blog\/wp-content\/uploads\/2013\/03\/Vernisage-7-300x225.jpg 300w\" sizes=\"auto, (max-width: 800px) 100vw, 800px\" \/><\/a><\/p>\n<p style=\"text-align: justify;\">Besonders raffiniert fand ich die kleinen Theaterb\u00fchnen als Kunstwerke, bei denen man mit einer beweglichen Stabpuppe die k\u00fcnstlerische B\u00fchne richtig lebendig werden l\u00e4sst. Wirklich faszinierend was Kinder im Alter von 5-6 Jahren da an Kunstwerken alles umgesetzt haben \u2013 ein Hoch auf die kleinen K\u00fcnstler!<\/p>\n<p><a href=\"http:\/\/www.sabine-seyffert.de\/blog\/wp-content\/uploads\/2013\/03\/Vernisage-6.jpg\"><img loading=\"lazy\" decoding=\"async\" class=\"size-full wp-image-806 aligncenter\" src=\"http:\/\/www.sabine-seyffert.de\/blog\/wp-content\/uploads\/2013\/03\/Vernisage-6.jpg\" alt=\"Vernisage 6\" width=\"800\" height=\"600\" srcset=\"https:\/\/www.sabine-seyffert.de\/blog\/wp-content\/uploads\/2013\/03\/Vernisage-6.jpg 800w, https:\/\/www.sabine-seyffert.de\/blog\/wp-content\/uploads\/2013\/03\/Vernisage-6-300x225.jpg 300w\" sizes=\"auto, (max-width: 800px) 100vw, 800px\" \/><\/a><\/p>\n<p><a href=\"http:\/\/www.sabine-seyffert.de\/blog\/?page_id=32#urheberrecht\">urherrechtlich gesch\u00fctzt<\/a>, \u00a9 Sabine Seyffert<\/p>\n","protected":false},"excerpt":{"rendered":"<p>Vor kurzem bekamen wir eine Einladung zu einer Vernissage. Und zwar von meiner j\u00fcngsten Tochter, die zusammen mit allen Vorschulkindern im Kindergarten an einem tollen Museumsprojekt teilgenommen hat. Zum Abschluss dieser Projektreihe wurden Einladungen verteilt und alle dabei entstandenen Kunstwerke ausgestellt. Nach der offiziellen Er\u00f6ffnungsrede sowie einer genauen Anweisung der Vorschulkinder an alle gro\u00dfen Besucher,&#8230; <a href=\"https:\/\/www.sabine-seyffert.de\/blog\/kleine-kunstler-bitten-zur-vernissage\/\" class=\"more-link\">Read more: Kleine K\u00fcnstler bitten zur Vernissage<\/a><\/p>\n","protected":false},"author":2,"featured_media":0,"comment_status":"open","ping_status":"open","sticky":false,"template":"","format":"standard","meta":{"_metis_text_type":"","_metis_text_length":2013,"_post_count":0,"footnotes":""},"categories":[32],"tags":[],"class_list":["post-786","post","type-post","status-publish","format-standard","hentry","category-kreatives-fur-kleine-kinderhande"],"_links":{"self":[{"href":"https:\/\/www.sabine-seyffert.de\/blog\/wp-json\/wp\/v2\/posts\/786","targetHints":{"allow":["GET"]}}],"collection":[{"href":"https:\/\/www.sabine-seyffert.de\/blog\/wp-json\/wp\/v2\/posts"}],"about":[{"href":"https:\/\/www.sabine-seyffert.de\/blog\/wp-json\/wp\/v2\/types\/post"}],"author":[{"embeddable":true,"href":"https:\/\/www.sabine-seyffert.de\/blog\/wp-json\/wp\/v2\/users\/2"}],"replies":[{"embeddable":true,"href":"https:\/\/www.sabine-seyffert.de\/blog\/wp-json\/wp\/v2\/comments?post=786"}],"version-history":[{"count":23,"href":"https:\/\/www.sabine-seyffert.de\/blog\/wp-json\/wp\/v2\/posts\/786\/revisions"}],"predecessor-version":[{"id":12322,"href":"https:\/\/www.sabine-seyffert.de\/blog\/wp-json\/wp\/v2\/posts\/786\/revisions\/12322"}],"wp:attachment":[{"href":"https:\/\/www.sabine-seyffert.de\/blog\/wp-json\/wp\/v2\/media?parent=786"}],"wp:term":[{"taxonomy":"category","embeddable":true,"href":"https:\/\/www.sabine-seyffert.de\/blog\/wp-json\/wp\/v2\/categories?post=786"},{"taxonomy":"post_tag","embeddable":true,"href":"https:\/\/www.sabine-seyffert.de\/blog\/wp-json\/wp\/v2\/tags?post=786"}],"curies":[{"name":"wp","href":"https:\/\/api.w.org\/{rel}","templated":true}]}}