{"id":7823,"date":"2016-07-10T08:18:31","date_gmt":"2016-07-10T06:18:31","guid":{"rendered":"http:\/\/www.sabine-seyffert.de\/blog\/?p=7823"},"modified":"2018-06-26T17:34:41","modified_gmt":"2018-06-26T15:34:41","slug":"ausflugstipp-passau-eine-wanderung-zur-burg-und-ein-fantastischer-ausblick","status":"publish","type":"post","link":"https:\/\/www.sabine-seyffert.de\/blog\/ausflugstipp-passau-eine-wanderung-zur-burg-und-ein-fantastischer-ausblick\/","title":{"rendered":"Ausflugstipp Passau: Eine Wanderung zur Burg und ein fantastischer Ausblick"},"content":{"rendered":"<p style=\"text-align: justify;\"><img loading=\"lazy\" decoding=\"async\" src=\"https:\/\/ssl-vg03.met.vgwort.de\/na\/8240978d419a4520b8c3f3995c33d91f\" alt=\"\" width=\"1\" height=\"1\" \/>Bevor es zur\u00fcck in die Heimat geht, m\u00fcssen wir unbedingt noch einen Ausflug zur Veste unternehmen. Trotz sommerlich warmen Temperaturen und gro\u00dfer H\u00f6he entscheiden wir uns gegen das Auto bzw. die Anfahrt mit dem Bus.<\/p>\n<p style=\"text-align: center;\"><a href=\"http:\/\/www.sabine-seyffert.de\/blog\/wp-content\/uploads\/2016\/07\/Burg-15.jpg\" rel=\"attachment wp-att-7824\"><img loading=\"lazy\" decoding=\"async\" class=\"alignnone size-full wp-image-7824\" src=\"http:\/\/www.sabine-seyffert.de\/blog\/wp-content\/uploads\/2016\/07\/Burg-15.jpg\" alt=\"Burg 15\" width=\"600\" height=\"800\" srcset=\"https:\/\/www.sabine-seyffert.de\/blog\/wp-content\/uploads\/2016\/07\/Burg-15.jpg 600w, https:\/\/www.sabine-seyffert.de\/blog\/wp-content\/uploads\/2016\/07\/Burg-15-225x300.jpg 225w\" sizes=\"auto, (max-width: 600px) 100vw, 600px\" \/><\/a><\/p>\n<p style=\"text-align: justify;\">Mit reichlich Getr\u00e4nken im Rucksack machen wir uns nach dem Fr\u00fchst\u00fcck auf den Weg. Auch hier starten wir wieder einmal vom Marktplatz des <a href=\"http:\/\/www.sabine-seyffert.de\/blog\/?p=7780\" target=\"_blank\" rel=\"noopener\">Stadtteil Hals<\/a> und kraxeln die unendlich lange und steile Treppe hinauf um das erste St\u00fcck des Berges auf diese Weise hinter uns zu bringen.<\/p>\n<p style=\"text-align: center;\"><a href=\"http:\/\/www.sabine-seyffert.de\/blog\/wp-content\/uploads\/2016\/07\/Blumenwiese-2.jpg\" rel=\"attachment wp-att-7825\"><img loading=\"lazy\" decoding=\"async\" class=\"alignnone size-full wp-image-7825\" src=\"http:\/\/www.sabine-seyffert.de\/blog\/wp-content\/uploads\/2016\/07\/Blumenwiese-2.jpg\" alt=\"Blumenwiese 2\" width=\"800\" height=\"600\" srcset=\"https:\/\/www.sabine-seyffert.de\/blog\/wp-content\/uploads\/2016\/07\/Blumenwiese-2.jpg 800w, https:\/\/www.sabine-seyffert.de\/blog\/wp-content\/uploads\/2016\/07\/Blumenwiese-2-300x225.jpg 300w, https:\/\/www.sabine-seyffert.de\/blog\/wp-content\/uploads\/2016\/07\/Blumenwiese-2-768x576.jpg 768w\" sizes=\"auto, (max-width: 800px) 100vw, 800px\" \/><\/a><\/p>\n<p style=\"text-align: justify;\">Vom Ende der Treppe hat man einen tollen Ausblick auf den Stadtteil Hals und auch auf die Burgruine, die auf der gegen\u00fcberliegenden Anh\u00f6he zu finden ist.<\/p>\n<p style=\"text-align: center;\"><a href=\"http:\/\/www.sabine-seyffert.de\/blog\/wp-content\/uploads\/2016\/07\/Burg-3.jpg\" rel=\"attachment wp-att-7826\"><img loading=\"lazy\" decoding=\"async\" class=\"alignnone size-full wp-image-7826\" src=\"http:\/\/www.sabine-seyffert.de\/blog\/wp-content\/uploads\/2016\/07\/Burg-3.jpg\" alt=\"Burg 3\" width=\"600\" height=\"800\" srcset=\"https:\/\/www.sabine-seyffert.de\/blog\/wp-content\/uploads\/2016\/07\/Burg-3.jpg 600w, https:\/\/www.sabine-seyffert.de\/blog\/wp-content\/uploads\/2016\/07\/Burg-3-225x300.jpg 225w\" sizes=\"auto, (max-width: 600px) 100vw, 600px\" \/><\/a><\/p>\n<p style=\"text-align: justify;\">Weiter geht es einen schmalen Weg den Berg hinauf. Rechts und links des Weges gibt es reichlich Natur: B\u00e4ume, Felder, Wiesen \u2013 wohin das Auge sieht.<\/p>\n<p style=\"text-align: center;\"><a href=\"http:\/\/www.sabine-seyffert.de\/blog\/wp-content\/uploads\/2016\/07\/Burg-2.jpg\" rel=\"attachment wp-att-7827\"><img loading=\"lazy\" decoding=\"async\" class=\"alignnone size-full wp-image-7827\" src=\"http:\/\/www.sabine-seyffert.de\/blog\/wp-content\/uploads\/2016\/07\/Burg-2.jpg\" alt=\"Burg 2\" width=\"800\" height=\"600\" srcset=\"https:\/\/www.sabine-seyffert.de\/blog\/wp-content\/uploads\/2016\/07\/Burg-2.jpg 800w, https:\/\/www.sabine-seyffert.de\/blog\/wp-content\/uploads\/2016\/07\/Burg-2-300x225.jpg 300w, https:\/\/www.sabine-seyffert.de\/blog\/wp-content\/uploads\/2016\/07\/Burg-2-768x576.jpg 768w\" sizes=\"auto, (max-width: 800px) 100vw, 800px\" \/><\/a><\/p>\n<p style=\"text-align: justify;\">Leider ist es bei sommerlich warmen Temperaturen um die 40 Grad alles andere als ein Spaziergang diese H\u00f6hen zu erklimmen. Auch wenn der Weg zu unserem heute auserw\u00e4hlten Ziel nur schlappe 2 Kilometer betr\u00e4gt\u2026<\/p>\n<p style=\"text-align: center;\"><a href=\"http:\/\/www.sabine-seyffert.de\/blog\/wp-content\/uploads\/2016\/07\/Burg-5.jpg\" rel=\"attachment wp-att-7828\"><img loading=\"lazy\" decoding=\"async\" class=\"alignnone size-full wp-image-7828\" src=\"http:\/\/www.sabine-seyffert.de\/blog\/wp-content\/uploads\/2016\/07\/Burg-5.jpg\" alt=\"Burg 5\" width=\"800\" height=\"600\" srcset=\"https:\/\/www.sabine-seyffert.de\/blog\/wp-content\/uploads\/2016\/07\/Burg-5.jpg 800w, https:\/\/www.sabine-seyffert.de\/blog\/wp-content\/uploads\/2016\/07\/Burg-5-300x225.jpg 300w, https:\/\/www.sabine-seyffert.de\/blog\/wp-content\/uploads\/2016\/07\/Burg-5-768x576.jpg 768w\" sizes=\"auto, (max-width: 800px) 100vw, 800px\" \/><\/a><\/p>\n<p style=\"text-align: justify;\">Ziemlich kaputt und verschwitzt haben wir schlie\u00dflich die Stra\u00dfe erreicht. Von dort geht es nach Links in Richtung Burg.<\/p>\n<p style=\"text-align: center;\"><a href=\"http:\/\/www.sabine-seyffert.de\/blog\/wp-content\/uploads\/2016\/07\/Karussell.jpg\" rel=\"attachment wp-att-7829\"><img loading=\"lazy\" decoding=\"async\" class=\"alignnone size-full wp-image-7829\" src=\"http:\/\/www.sabine-seyffert.de\/blog\/wp-content\/uploads\/2016\/07\/Karussell.jpg\" alt=\"Karussell\" width=\"600\" height=\"800\" srcset=\"https:\/\/www.sabine-seyffert.de\/blog\/wp-content\/uploads\/2016\/07\/Karussell.jpg 600w, https:\/\/www.sabine-seyffert.de\/blog\/wp-content\/uploads\/2016\/07\/Karussell-225x300.jpg 225w\" sizes=\"auto, (max-width: 600px) 100vw, 600px\" \/><\/a><\/p>\n<p style=\"text-align: justify;\">Dort angekommen kann man auf einer der B\u00e4nke oder Stufen Platz nehmen oder auch vom Gel\u00e4nder aus die wunderbare Aussicht auf die Stadt Passau genie\u00dfen. Die Sicht von hier ist wirklich einmalig und auch spannend zu sehen, wie das Ganze von Oben aussieht.<\/p>\n<p style=\"text-align: center;\"><a href=\"http:\/\/www.sabine-seyffert.de\/blog\/wp-content\/uploads\/2016\/07\/Burg-13.jpg\" rel=\"attachment wp-att-7830\"><img loading=\"lazy\" decoding=\"async\" class=\"alignnone size-full wp-image-7830\" src=\"http:\/\/www.sabine-seyffert.de\/blog\/wp-content\/uploads\/2016\/07\/Burg-13.jpg\" alt=\"Burg 13\" width=\"800\" height=\"600\" srcset=\"https:\/\/www.sabine-seyffert.de\/blog\/wp-content\/uploads\/2016\/07\/Burg-13.jpg 800w, https:\/\/www.sabine-seyffert.de\/blog\/wp-content\/uploads\/2016\/07\/Burg-13-300x225.jpg 300w, https:\/\/www.sabine-seyffert.de\/blog\/wp-content\/uploads\/2016\/07\/Burg-13-768x576.jpg 768w\" sizes=\"auto, (max-width: 800px) 100vw, 800px\" \/><\/a><\/p>\n<p style=\"text-align: justify;\">Schlie\u00dflich haben wir allerhand dieser Stadt bereits die Tage zu vor von Unten aus bewundert (<a href=\"http:\/\/www.sabine-seyffert.de\/blog\/?p=7732\" target=\"_blank\" rel=\"noopener\">Altstadt<\/a>, die <a href=\"http:\/\/www.sabine-seyffert.de\/blog\/?p=7746\" target=\"_blank\" rel=\"noopener\">H\u00f6llgasse<\/a> sowie die <a href=\"http:\/\/www.sabine-seyffert.de\/blog\/?p=7760\" target=\"_blank\" rel=\"noopener\">Innstadt samt Spielplatz<\/a>). Au\u00dferdem schaut man von hier auf die Burgterrasse und ein riesigen Trampolin. Da werden m\u00fcde Geister offenbar im Nu wieder geweckt. Auch ein nostalgisches Karussell ist hier zu finden.<\/p>\n<p style=\"text-align: center;\"><a href=\"http:\/\/www.sabine-seyffert.de\/blog\/wp-content\/uploads\/2016\/07\/Burg-9.jpg\" rel=\"attachment wp-att-7831\"><img loading=\"lazy\" decoding=\"async\" class=\"alignnone size-full wp-image-7831\" src=\"http:\/\/www.sabine-seyffert.de\/blog\/wp-content\/uploads\/2016\/07\/Burg-9.jpg\" alt=\"Burg 9\" width=\"600\" height=\"800\" srcset=\"https:\/\/www.sabine-seyffert.de\/blog\/wp-content\/uploads\/2016\/07\/Burg-9.jpg 600w, https:\/\/www.sabine-seyffert.de\/blog\/wp-content\/uploads\/2016\/07\/Burg-9-225x300.jpg 225w\" sizes=\"auto, (max-width: 600px) 100vw, 600px\" \/><\/a><\/p>\n<p style=\"text-align: justify;\">Von hier aus gehen wie weiter durch das Burgtor, vorbei an der Jugendherberge, die an dieser Stelle in die Burganlage integriert wurde und von Au\u00dfen sehr einladend aussieht!<\/p>\n<p style=\"text-align: center;\"><a href=\"http:\/\/www.sabine-seyffert.de\/blog\/wp-content\/uploads\/2016\/07\/Burg-4.jpg\" rel=\"attachment wp-att-7832\"><img loading=\"lazy\" decoding=\"async\" class=\"alignnone size-full wp-image-7832\" src=\"http:\/\/www.sabine-seyffert.de\/blog\/wp-content\/uploads\/2016\/07\/Burg-4.jpg\" alt=\"Burg 4\" width=\"600\" height=\"800\" srcset=\"https:\/\/www.sabine-seyffert.de\/blog\/wp-content\/uploads\/2016\/07\/Burg-4.jpg 600w, https:\/\/www.sabine-seyffert.de\/blog\/wp-content\/uploads\/2016\/07\/Burg-4-225x300.jpg 225w\" sizes=\"auto, (max-width: 600px) 100vw, 600px\" \/><\/a><\/p>\n<p style=\"text-align: justify;\">Von der Br\u00fccke, die nur ein St\u00fcck weiter zu finden ist, schaut man auf den kleinen Pfad, der als Fu\u00dfweg hinunter in die <a href=\"http:\/\/www.sabine-seyffert.de\/blog\/?p=7732\" target=\"_blank\" rel=\"noopener\">Passauer Innenstadt<\/a> f\u00fchrt.<\/p>\n<p style=\"text-align: center;\"><a href=\"http:\/\/www.sabine-seyffert.de\/blog\/wp-content\/uploads\/2016\/07\/Burg-11.jpg\" rel=\"attachment wp-att-7833\"><img loading=\"lazy\" decoding=\"async\" class=\"alignnone size-full wp-image-7833\" src=\"http:\/\/www.sabine-seyffert.de\/blog\/wp-content\/uploads\/2016\/07\/Burg-11.jpg\" alt=\"Burg 11\" width=\"600\" height=\"800\" srcset=\"https:\/\/www.sabine-seyffert.de\/blog\/wp-content\/uploads\/2016\/07\/Burg-11.jpg 600w, https:\/\/www.sabine-seyffert.de\/blog\/wp-content\/uploads\/2016\/07\/Burg-11-225x300.jpg 225w\" sizes=\"auto, (max-width: 600px) 100vw, 600px\" \/><\/a><\/p>\n<p style=\"text-align: justify;\">Im Burghof selbst, gleich vor dem Eingang zur Burg ist nochmals ein kleines Burgcaf\u00e9 und reichlich Platz f\u00fcr die Besucher zum Schauen und Verweilen. Die Burg selbst kann man bei Bedarf \u00fcbrigens auch von Innen besichtigen.<\/p>\n<p style=\"text-align: center;\"><a href=\"http:\/\/www.sabine-seyffert.de\/blog\/wp-content\/uploads\/2016\/07\/Burg-12.jpg\" rel=\"attachment wp-att-7834\"><img loading=\"lazy\" decoding=\"async\" class=\"alignnone size-full wp-image-7834\" src=\"http:\/\/www.sabine-seyffert.de\/blog\/wp-content\/uploads\/2016\/07\/Burg-12.jpg\" alt=\"Burg 12\" width=\"600\" height=\"800\" srcset=\"https:\/\/www.sabine-seyffert.de\/blog\/wp-content\/uploads\/2016\/07\/Burg-12.jpg 600w, https:\/\/www.sabine-seyffert.de\/blog\/wp-content\/uploads\/2016\/07\/Burg-12-225x300.jpg 225w\" sizes=\"auto, (max-width: 600px) 100vw, 600px\" \/><\/a><\/p>\n<p>Ein herzlicher Dank an Eva Lechner <a href=\"https:\/\/de.wikipedia.org\/wiki\/Veste_Oberhaus\" target=\"_blank\" rel=\"noopener\">vom Museum<\/a> daf\u00fcr, dass ich die gemachten Fotos hier zeigen darf!<\/p>\n<p style=\"text-align: center;\"><a href=\"http:\/\/www.sabine-seyffert.de\/blog\/wp-content\/uploads\/2016\/07\/Burg-10.jpg\" rel=\"attachment wp-att-7835\"><img loading=\"lazy\" decoding=\"async\" class=\"alignnone size-full wp-image-7835\" src=\"http:\/\/www.sabine-seyffert.de\/blog\/wp-content\/uploads\/2016\/07\/Burg-10.jpg\" alt=\"Burg 10\" width=\"600\" height=\"800\" srcset=\"https:\/\/www.sabine-seyffert.de\/blog\/wp-content\/uploads\/2016\/07\/Burg-10.jpg 600w, https:\/\/www.sabine-seyffert.de\/blog\/wp-content\/uploads\/2016\/07\/Burg-10-225x300.jpg 225w\" sizes=\"auto, (max-width: 600px) 100vw, 600px\" \/><\/a><\/p>\n<p><a href=\"http:\/\/www.sabine-seyffert.de\/blog\/?page_id=32#urheberrecht\">urheberrechtlich gesch\u00fctzt<\/a>, \u00a9 Sabine Seyffert<\/p>\n","protected":false},"excerpt":{"rendered":"<p>Bevor es zur\u00fcck in die Heimat geht, m\u00fcssen wir unbedingt noch einen Ausflug zur Veste unternehmen. Trotz sommerlich warmen Temperaturen und gro\u00dfer H\u00f6he entscheiden wir uns gegen das Auto bzw. die Anfahrt mit dem Bus. Mit reichlich Getr\u00e4nken im Rucksack machen wir uns nach dem Fr\u00fchst\u00fcck auf den Weg. Auch hier starten wir wieder einmal&#8230; <a href=\"https:\/\/www.sabine-seyffert.de\/blog\/ausflugstipp-passau-eine-wanderung-zur-burg-und-ein-fantastischer-ausblick\/\" class=\"more-link\">Read more: Ausflugstipp Passau: Eine Wanderung zur Burg und ein fantastischer Ausblick<\/a><\/p>\n","protected":false},"author":2,"featured_media":7831,"comment_status":"open","ping_status":"open","sticky":false,"template":"","format":"standard","meta":{"_metis_text_type":"","_metis_text_length":2412,"_post_count":0,"footnotes":""},"categories":[38],"tags":[],"class_list":["post-7823","post","type-post","status-publish","format-standard","has-post-thumbnail","hentry","category-ferien"],"_links":{"self":[{"href":"https:\/\/www.sabine-seyffert.de\/blog\/wp-json\/wp\/v2\/posts\/7823","targetHints":{"allow":["GET"]}}],"collection":[{"href":"https:\/\/www.sabine-seyffert.de\/blog\/wp-json\/wp\/v2\/posts"}],"about":[{"href":"https:\/\/www.sabine-seyffert.de\/blog\/wp-json\/wp\/v2\/types\/post"}],"author":[{"embeddable":true,"href":"https:\/\/www.sabine-seyffert.de\/blog\/wp-json\/wp\/v2\/users\/2"}],"replies":[{"embeddable":true,"href":"https:\/\/www.sabine-seyffert.de\/blog\/wp-json\/wp\/v2\/comments?post=7823"}],"version-history":[{"count":5,"href":"https:\/\/www.sabine-seyffert.de\/blog\/wp-json\/wp\/v2\/posts\/7823\/revisions"}],"predecessor-version":[{"id":12880,"href":"https:\/\/www.sabine-seyffert.de\/blog\/wp-json\/wp\/v2\/posts\/7823\/revisions\/12880"}],"wp:featuredmedia":[{"embeddable":true,"href":"https:\/\/www.sabine-seyffert.de\/blog\/wp-json\/wp\/v2\/media\/7831"}],"wp:attachment":[{"href":"https:\/\/www.sabine-seyffert.de\/blog\/wp-json\/wp\/v2\/media?parent=7823"}],"wp:term":[{"taxonomy":"category","embeddable":true,"href":"https:\/\/www.sabine-seyffert.de\/blog\/wp-json\/wp\/v2\/categories?post=7823"},{"taxonomy":"post_tag","embeddable":true,"href":"https:\/\/www.sabine-seyffert.de\/blog\/wp-json\/wp\/v2\/tags?post=7823"}],"curies":[{"name":"wp","href":"https:\/\/api.w.org\/{rel}","templated":true}]}}