{"id":7793,"date":"2016-07-08T06:19:36","date_gmt":"2016-07-08T04:19:36","guid":{"rendered":"http:\/\/www.sabine-seyffert.de\/blog\/?p=7793"},"modified":"2018-06-26T17:36:39","modified_gmt":"2018-06-26T15:36:39","slug":"ausflugstipp-passau-ein-naturkundelehrpfad-an-der-ilz-die-spannende-suche-nach-perlen","status":"publish","type":"post","link":"https:\/\/www.sabine-seyffert.de\/blog\/ausflugstipp-passau-ein-naturkundelehrpfad-an-der-ilz-die-spannende-suche-nach-perlen\/","title":{"rendered":"Ausflugstipp Passau: Ein Naturkundelehrpfad an der Ilz &#038; die spannende Suche nach Perlen"},"content":{"rendered":"<p style=\"text-align: justify;\"><img loading=\"lazy\" decoding=\"async\" src=\"https:\/\/ssl-vg03.met.vgwort.de\/na\/5243f8bcd8b34a8fbd99ba80177d3eea\" alt=\"\" width=\"1\" height=\"1\" \/>Heute ist es wieder einmal an der Zeit f\u00fcr einen Spaziergang. F\u00fcr alle Leser mit fu\u00dfscheuem Nachwuchs sei gesagt \u2013 dieser Spaziergang ist so spannend, da bleibt gar keine Zeit zum Meckern oder Murren. Also schnell etwas zu Trinken und einen kleinen Snack in den Rucksack gepackt und los geht\u2019s!<\/p>\n<p style=\"text-align: center;\"><a href=\"http:\/\/www.sabine-seyffert.de\/blog\/wp-content\/uploads\/2016\/07\/Natur-12.jpg\" rel=\"attachment wp-att-7794\"><img loading=\"lazy\" decoding=\"async\" class=\"alignnone size-full wp-image-7794\" src=\"http:\/\/www.sabine-seyffert.de\/blog\/wp-content\/uploads\/2016\/07\/Natur-12.jpg\" alt=\"Natur 12\" width=\"600\" height=\"800\" srcset=\"https:\/\/www.sabine-seyffert.de\/blog\/wp-content\/uploads\/2016\/07\/Natur-12.jpg 600w, https:\/\/www.sabine-seyffert.de\/blog\/wp-content\/uploads\/2016\/07\/Natur-12-225x300.jpg 225w\" sizes=\"auto, (max-width: 600px) 100vw, 600px\" \/><\/a><\/p>\n<p style=\"text-align: justify;\">Wir starten an der Br\u00fccke im <a href=\"http:\/\/www.sabine-seyffert.de\/blog\/?p=7780\" target=\"_blank\" rel=\"noopener\">Stadtteil Hals<\/a> und folgenden den Schildern in Richtung Musikschule. Im Nu ist man auf einem schmalen Waldweg mitten im Gr\u00fcnen. Nach der ersten Steigung gibt es einen kleinen, \u00fcberdachten Rastplatz. Wer sich hier f\u00fcr die Wegstrecke nochmals in aller Ruhe st\u00e4rken m\u00f6chte, hat hier den idealen Platz.<\/p>\n<p style=\"text-align: center;\"><a href=\"http:\/\/www.sabine-seyffert.de\/blog\/wp-content\/uploads\/2016\/07\/Natur-13.jpg\" rel=\"attachment wp-att-7795\"><img loading=\"lazy\" decoding=\"async\" class=\"alignnone size-full wp-image-7795\" src=\"http:\/\/www.sabine-seyffert.de\/blog\/wp-content\/uploads\/2016\/07\/Natur-13.jpg\" alt=\"Natur 13\" width=\"800\" height=\"600\" srcset=\"https:\/\/www.sabine-seyffert.de\/blog\/wp-content\/uploads\/2016\/07\/Natur-13.jpg 800w, https:\/\/www.sabine-seyffert.de\/blog\/wp-content\/uploads\/2016\/07\/Natur-13-300x225.jpg 300w, https:\/\/www.sabine-seyffert.de\/blog\/wp-content\/uploads\/2016\/07\/Natur-13-768x576.jpg 768w\" sizes=\"auto, (max-width: 800px) 100vw, 800px\" \/><\/a><\/p>\n<p style=\"text-align: justify;\">Folgt man dem Wanderweg mit der Nummer 11, befindet man sich auf einem Naturkundelehrpfad \u201e<a href=\"https:\/\/de.wikipedia.org\/wiki\/Halser_Ilzschleifen\" target=\"_blank\" rel=\"noopener\">Halser Ilzschleifen<\/a>\u201c, der sich ganz dicht am Fluss entlang schl\u00e4ngelt und mit etlichen Schautafeln best\u00fcckt ist.<\/p>\n<p style=\"text-align: center;\"><a href=\"http:\/\/www.sabine-seyffert.de\/blog\/wp-content\/uploads\/2016\/07\/Natur-11.jpg\" rel=\"attachment wp-att-7796\"><img loading=\"lazy\" decoding=\"async\" class=\"alignnone size-full wp-image-7796\" src=\"http:\/\/www.sabine-seyffert.de\/blog\/wp-content\/uploads\/2016\/07\/Natur-11.jpg\" alt=\"Natur 11\" width=\"600\" height=\"800\" srcset=\"https:\/\/www.sabine-seyffert.de\/blog\/wp-content\/uploads\/2016\/07\/Natur-11.jpg 600w, https:\/\/www.sabine-seyffert.de\/blog\/wp-content\/uploads\/2016\/07\/Natur-11-225x300.jpg 225w\" sizes=\"auto, (max-width: 600px) 100vw, 600px\" \/><\/a><\/p>\n<p style=\"text-align: justify;\">Hierauf gibt es nicht nur allerhand Bilder sondern auch \u00fcbersichtliche Schautafeln mit wissenswerten Informationen sowie speziellen Texten und Aufgaben f\u00fcr Kinder. Die jeweilige L\u00f6sung findet man dann auf der folgenden Schautafel. Also immer sch\u00f6n die Augen offen halten!<\/p>\n<p style=\"text-align: center;\"><a href=\"http:\/\/www.sabine-seyffert.de\/blog\/wp-content\/uploads\/2016\/07\/Natur-10.jpg\" rel=\"attachment wp-att-7797\"><img loading=\"lazy\" decoding=\"async\" class=\"alignnone size-full wp-image-7797\" src=\"http:\/\/www.sabine-seyffert.de\/blog\/wp-content\/uploads\/2016\/07\/Natur-10.jpg\" alt=\"Natur 10\" width=\"600\" height=\"800\" srcset=\"https:\/\/www.sabine-seyffert.de\/blog\/wp-content\/uploads\/2016\/07\/Natur-10.jpg 600w, https:\/\/www.sabine-seyffert.de\/blog\/wp-content\/uploads\/2016\/07\/Natur-10-225x300.jpg 225w\" sizes=\"auto, (max-width: 600px) 100vw, 600px\" \/><\/a><\/p>\n<p style=\"text-align: justify;\">Besonders angetan war unser j\u00fcngster Nachwuchs von den Flussperlmuscheln und deren Geheimnissen. So wurde an allen erdenklichen Zug\u00e4ngen zum Fluss Ausschau nach den entsprechenden Muscheln gehalten, in denen eine Perle versteckt sein k\u00f6nnte.<\/p>\n<p style=\"text-align: center;\"><a href=\"http:\/\/www.sabine-seyffert.de\/blog\/wp-content\/uploads\/2016\/07\/Natur-9.jpg\" rel=\"attachment wp-att-7798\"><img loading=\"lazy\" decoding=\"async\" class=\"alignnone size-full wp-image-7798\" src=\"http:\/\/www.sabine-seyffert.de\/blog\/wp-content\/uploads\/2016\/07\/Natur-9.jpg\" alt=\"Natur 9\" width=\"600\" height=\"800\" srcset=\"https:\/\/www.sabine-seyffert.de\/blog\/wp-content\/uploads\/2016\/07\/Natur-9.jpg 600w, https:\/\/www.sabine-seyffert.de\/blog\/wp-content\/uploads\/2016\/07\/Natur-9-225x300.jpg 225w\" sizes=\"auto, (max-width: 600px) 100vw, 600px\" \/><\/a><\/p>\n<p style=\"text-align: justify;\">Allein dieser Umstand machte den Spaziergang zu einem ausgesprochen vergn\u00fcglichen Unterfangen. Schlie\u00dflich durfte ein solcher \u201eSchatz\u201c auf keinen Fall verpasst werden.<\/p>\n<p style=\"text-align: center;\"><a href=\"http:\/\/www.sabine-seyffert.de\/blog\/wp-content\/uploads\/2016\/07\/Natur-8.jpg\" rel=\"attachment wp-att-7799\"><img loading=\"lazy\" decoding=\"async\" class=\"alignnone size-full wp-image-7799\" src=\"http:\/\/www.sabine-seyffert.de\/blog\/wp-content\/uploads\/2016\/07\/Natur-8.jpg\" alt=\"Natur 8\" width=\"800\" height=\"600\" srcset=\"https:\/\/www.sabine-seyffert.de\/blog\/wp-content\/uploads\/2016\/07\/Natur-8.jpg 800w, https:\/\/www.sabine-seyffert.de\/blog\/wp-content\/uploads\/2016\/07\/Natur-8-300x225.jpg 300w, https:\/\/www.sabine-seyffert.de\/blog\/wp-content\/uploads\/2016\/07\/Natur-8-768x576.jpg 768w\" sizes=\"auto, (max-width: 800px) 100vw, 800px\" \/><\/a><\/p>\n<p style=\"text-align: justify;\">An dieser Stelle ein gut gemeinte Rat: Packt unbedingt ein kleines Handtuch und ggf. einen Schwung an Wechselw\u00e4sche ein. Denn die meisten Kinder kann man nur schlecht vom Wasser fernhalten!<\/p>\n<p style=\"text-align: center;\"><a href=\"http:\/\/www.sabine-seyffert.de\/blog\/wp-content\/uploads\/2016\/07\/Natur-1.jpg\" rel=\"attachment wp-att-7800\"><img loading=\"lazy\" decoding=\"async\" class=\"alignnone size-full wp-image-7800\" src=\"http:\/\/www.sabine-seyffert.de\/blog\/wp-content\/uploads\/2016\/07\/Natur-1.jpg\" alt=\"Natur 1\" width=\"600\" height=\"800\" srcset=\"https:\/\/www.sabine-seyffert.de\/blog\/wp-content\/uploads\/2016\/07\/Natur-1.jpg 600w, https:\/\/www.sabine-seyffert.de\/blog\/wp-content\/uploads\/2016\/07\/Natur-1-225x300.jpg 225w\" sizes=\"auto, (max-width: 600px) 100vw, 600px\" \/><\/a><\/p>\n<p style=\"text-align: justify;\">Das absolute Highlight unserer Wanderung war, von der Muschelsuche mal abgesehen, der lange, dunkle Tunnel, den es zu bezwingen galt. Vielleicht packt Ihr Euch vorsichtshalber eine funktionst\u00fcchtige Taschenlampe ein mit der man sich ein wenig Licht schaffen kann.<\/p>\n<p style=\"text-align: center;\"><a href=\"http:\/\/www.sabine-seyffert.de\/blog\/wp-content\/uploads\/2016\/07\/Natur-7.jpg\" rel=\"attachment wp-att-7801\"><img loading=\"lazy\" decoding=\"async\" class=\"alignnone size-full wp-image-7801\" src=\"http:\/\/www.sabine-seyffert.de\/blog\/wp-content\/uploads\/2016\/07\/Natur-7.jpg\" alt=\"Natur 7\" width=\"600\" height=\"800\" srcset=\"https:\/\/www.sabine-seyffert.de\/blog\/wp-content\/uploads\/2016\/07\/Natur-7.jpg 600w, https:\/\/www.sabine-seyffert.de\/blog\/wp-content\/uploads\/2016\/07\/Natur-7-225x300.jpg 225w\" sizes=\"auto, (max-width: 600px) 100vw, 600px\" \/><\/a><\/p>\n<p style=\"text-align: justify;\">Dieser Tunnel f\u00fchrt mitten durch den Berg und ist wirklich stockdunkel. Am besten orientiert man sich an dem Gel\u00e4nder oder der gegen\u00fcberliegenden Felswand um sicher zu gehen von dort aus nicht ins Wasser zu fallen!<\/p>\n<p style=\"text-align: center;\"><a href=\"http:\/\/www.sabine-seyffert.de\/blog\/wp-content\/uploads\/2016\/07\/Natur-6.jpg\" rel=\"attachment wp-att-7803\"><img loading=\"lazy\" decoding=\"async\" class=\"alignnone size-full wp-image-7803\" src=\"http:\/\/www.sabine-seyffert.de\/blog\/wp-content\/uploads\/2016\/07\/Natur-6.jpg\" alt=\"Natur 6\" width=\"600\" height=\"800\" srcset=\"https:\/\/www.sabine-seyffert.de\/blog\/wp-content\/uploads\/2016\/07\/Natur-6.jpg 600w, https:\/\/www.sabine-seyffert.de\/blog\/wp-content\/uploads\/2016\/07\/Natur-6-225x300.jpg 225w\" sizes=\"auto, (max-width: 600px) 100vw, 600px\" \/><\/a><\/p>\n<p style=\"text-align: justify;\">Am anderen Ende des Tunnels angekommen f\u00fchrt man dem Weg weiter am Wasser entlang. Von hier aus hat man mehr als die H\u00e4lfte des Weges geschafft. Vorbei geht es an einem kleinen Teich und dahinter liegt auch schon eine gro\u00dfe Liegewiese, die an sonnigen Tagen gut besucht ist.<\/p>\n<p style=\"text-align: center;\"><a href=\"http:\/\/www.sabine-seyffert.de\/blog\/wp-content\/uploads\/2016\/07\/Natur-5.jpg\" rel=\"attachment wp-att-7804\"><img loading=\"lazy\" decoding=\"async\" class=\"alignnone size-full wp-image-7804\" src=\"http:\/\/www.sabine-seyffert.de\/blog\/wp-content\/uploads\/2016\/07\/Natur-5.jpg\" alt=\"Natur 5\" width=\"600\" height=\"800\" srcset=\"https:\/\/www.sabine-seyffert.de\/blog\/wp-content\/uploads\/2016\/07\/Natur-5.jpg 600w, https:\/\/www.sabine-seyffert.de\/blog\/wp-content\/uploads\/2016\/07\/Natur-5-225x300.jpg 225w\" sizes=\"auto, (max-width: 600px) 100vw, 600px\" \/><\/a><\/p>\n<p style=\"text-align: justify;\">Schlie\u00dflich kommt man mitten auf dem kleinen Marktplatz im Stadtteil Hals an und steht hier sozusagen wieder am Ausgangspunkt der abenteuerlichen Wanderung!<\/p>\n<p style=\"text-align: center;\"><a href=\"http:\/\/www.sabine-seyffert.de\/blog\/wp-content\/uploads\/2016\/07\/Natur-4.jpg\" rel=\"attachment wp-att-7805\"><img loading=\"lazy\" decoding=\"async\" class=\"alignnone size-full wp-image-7805\" src=\"http:\/\/www.sabine-seyffert.de\/blog\/wp-content\/uploads\/2016\/07\/Natur-4.jpg\" alt=\"Natur 4\" width=\"600\" height=\"800\" srcset=\"https:\/\/www.sabine-seyffert.de\/blog\/wp-content\/uploads\/2016\/07\/Natur-4.jpg 600w, https:\/\/www.sabine-seyffert.de\/blog\/wp-content\/uploads\/2016\/07\/Natur-4-225x300.jpg 225w\" sizes=\"auto, (max-width: 600px) 100vw, 600px\" \/><\/a><\/p>\n<p style=\"text-align: justify;\"><strong>Wertvolle Tipps &amp; Hinweise:<\/strong><br \/>\nDieser Spaziergang ist nicht wirklich Kinderwagen tauglich. Es sei denn Ihr habt einen wirklich guten Gel\u00e4ndebuggy mit gro\u00dfen R\u00e4dern. Notfalls die Kleinsten im Bunde lieber ins Tagetuch packen. Die Strecke ist mit knapp 4 Kilometern \u00fcberschaubar. Au\u00dferdem solltet Ihr an festes Schuhwerk denken!<\/p>\n<p style=\"text-align: center;\"><a href=\"http:\/\/www.sabine-seyffert.de\/blog\/wp-content\/uploads\/2016\/07\/Natur-3.jpg\" rel=\"attachment wp-att-7806\"><img loading=\"lazy\" decoding=\"async\" class=\"alignnone size-full wp-image-7806\" src=\"http:\/\/www.sabine-seyffert.de\/blog\/wp-content\/uploads\/2016\/07\/Natur-3.jpg\" alt=\"Natur 3\" width=\"800\" height=\"600\" srcset=\"https:\/\/www.sabine-seyffert.de\/blog\/wp-content\/uploads\/2016\/07\/Natur-3.jpg 800w, https:\/\/www.sabine-seyffert.de\/blog\/wp-content\/uploads\/2016\/07\/Natur-3-300x225.jpg 300w, https:\/\/www.sabine-seyffert.de\/blog\/wp-content\/uploads\/2016\/07\/Natur-3-768x576.jpg 768w\" sizes=\"auto, (max-width: 800px) 100vw, 800px\" \/><\/a><\/p>\n<p><a href=\"http:\/\/www.sabine-seyffert.de\/blog\/?page_id=32#urheberrecht\">urheberrechtlich gesch\u00fctzt<\/a>, \u00a9 Sabine Seyffert<\/p>\n","protected":false},"excerpt":{"rendered":"<p>Heute ist es wieder einmal an der Zeit f\u00fcr einen Spaziergang. F\u00fcr alle Leser mit fu\u00dfscheuem Nachwuchs sei gesagt \u2013 dieser Spaziergang ist so spannend, da bleibt gar keine Zeit zum Meckern oder Murren. Also schnell etwas zu Trinken und einen kleinen Snack in den Rucksack gepackt und los geht\u2019s! Wir starten an der Br\u00fccke&#8230; <a href=\"https:\/\/www.sabine-seyffert.de\/blog\/ausflugstipp-passau-ein-naturkundelehrpfad-an-der-ilz-die-spannende-suche-nach-perlen\/\" class=\"more-link\">Read more: Ausflugstipp Passau: Ein Naturkundelehrpfad an der Ilz &#038; die spannende Suche nach Perlen<\/a><\/p>\n","protected":false},"author":2,"featured_media":7805,"comment_status":"open","ping_status":"open","sticky":false,"template":"","format":"standard","meta":{"_metis_text_type":"","_metis_text_length":2982,"_post_count":0,"footnotes":""},"categories":[38],"tags":[],"class_list":["post-7793","post","type-post","status-publish","format-standard","has-post-thumbnail","hentry","category-ferien"],"_links":{"self":[{"href":"https:\/\/www.sabine-seyffert.de\/blog\/wp-json\/wp\/v2\/posts\/7793","targetHints":{"allow":["GET"]}}],"collection":[{"href":"https:\/\/www.sabine-seyffert.de\/blog\/wp-json\/wp\/v2\/posts"}],"about":[{"href":"https:\/\/www.sabine-seyffert.de\/blog\/wp-json\/wp\/v2\/types\/post"}],"author":[{"embeddable":true,"href":"https:\/\/www.sabine-seyffert.de\/blog\/wp-json\/wp\/v2\/users\/2"}],"replies":[{"embeddable":true,"href":"https:\/\/www.sabine-seyffert.de\/blog\/wp-json\/wp\/v2\/comments?post=7793"}],"version-history":[{"count":3,"href":"https:\/\/www.sabine-seyffert.de\/blog\/wp-json\/wp\/v2\/posts\/7793\/revisions"}],"predecessor-version":[{"id":12882,"href":"https:\/\/www.sabine-seyffert.de\/blog\/wp-json\/wp\/v2\/posts\/7793\/revisions\/12882"}],"wp:featuredmedia":[{"embeddable":true,"href":"https:\/\/www.sabine-seyffert.de\/blog\/wp-json\/wp\/v2\/media\/7805"}],"wp:attachment":[{"href":"https:\/\/www.sabine-seyffert.de\/blog\/wp-json\/wp\/v2\/media?parent=7793"}],"wp:term":[{"taxonomy":"category","embeddable":true,"href":"https:\/\/www.sabine-seyffert.de\/blog\/wp-json\/wp\/v2\/categories?post=7793"},{"taxonomy":"post_tag","embeddable":true,"href":"https:\/\/www.sabine-seyffert.de\/blog\/wp-json\/wp\/v2\/tags?post=7793"}],"curies":[{"name":"wp","href":"https:\/\/api.w.org\/{rel}","templated":true}]}}