{"id":7780,"date":"2016-07-07T06:29:36","date_gmt":"2016-07-07T04:29:36","guid":{"rendered":"http:\/\/www.sabine-seyffert.de\/blog\/?p=7780"},"modified":"2018-06-26T17:37:36","modified_gmt":"2018-06-26T15:37:36","slug":"ausflugstipp-passau-ein-kleiner-rundgang-durch-den-wunderschoenen-ortsteil-hals-eine-burgruine","status":"publish","type":"post","link":"https:\/\/www.sabine-seyffert.de\/blog\/ausflugstipp-passau-ein-kleiner-rundgang-durch-den-wunderschoenen-ortsteil-hals-eine-burgruine\/","title":{"rendered":"Ausflugstipp Passau: Ein kleiner Rundgang durch den wundersch\u00f6nen Ortsteil Hals &#038; eine Burgruine"},"content":{"rendered":"<p style=\"text-align: justify;\"><img loading=\"lazy\" decoding=\"async\" src=\"https:\/\/ssl-vg03.met.vgwort.de\/na\/89b714bb412f49ada41057afb93e49d1\" alt=\"\" width=\"1\" height=\"1\" \/>Ist man mal in Passau, sollte man nicht verpassen dem <a href=\"https:\/\/de.wikipedia.org\/wiki\/Hals_%28Passau%29\" target=\"_blank\" rel=\"noopener\">Ortsteil Hals<\/a> einen Besuch abzustatten. Denn dieser ist wirklich sehenswert, angenehm ruhig und ausgesprochen gem\u00fctlich!<\/p>\n<p style=\"text-align: center;\"><a href=\"http:\/\/www.sabine-seyffert.de\/blog\/wp-content\/uploads\/2016\/07\/Hals-3.jpg\" rel=\"attachment wp-att-7781\"><img loading=\"lazy\" decoding=\"async\" class=\"alignnone size-full wp-image-7781\" src=\"http:\/\/www.sabine-seyffert.de\/blog\/wp-content\/uploads\/2016\/07\/Hals-3.jpg\" alt=\"Hals 3\" width=\"800\" height=\"600\" srcset=\"https:\/\/www.sabine-seyffert.de\/blog\/wp-content\/uploads\/2016\/07\/Hals-3.jpg 800w, https:\/\/www.sabine-seyffert.de\/blog\/wp-content\/uploads\/2016\/07\/Hals-3-300x225.jpg 300w, https:\/\/www.sabine-seyffert.de\/blog\/wp-content\/uploads\/2016\/07\/Hals-3-768x576.jpg 768w\" sizes=\"auto, (max-width: 800px) 100vw, 800px\" \/><\/a><\/p>\n<p style=\"text-align: justify;\">F\u00e4hrt man mit dem Auto durch Passau, so f\u00fchrt der Weg in den Stadtteil Hals durch einen kleinen Tunnel und schl\u00e4ngelt sich dann eine steile Bergstrasse hinauf. Am Stra\u00dfenrand stehen zahlreiche, h\u00fcbsche H\u00e4user, denen man die Folgen des Hochwassers von 2013 deutlich ansieht. Ein Gro\u00dfteil der Geb\u00e4ude stehen offenbar deshalb bedauerlicherweise leer.<\/p>\n<p style=\"text-align: center;\"><a href=\"http:\/\/www.sabine-seyffert.de\/blog\/wp-content\/uploads\/2016\/07\/Hals-11.jpg\" rel=\"attachment wp-att-7782\"><img loading=\"lazy\" decoding=\"async\" class=\"alignnone size-full wp-image-7782\" src=\"http:\/\/www.sabine-seyffert.de\/blog\/wp-content\/uploads\/2016\/07\/Hals-11.jpg\" alt=\"Hals 11\" width=\"800\" height=\"600\" srcset=\"https:\/\/www.sabine-seyffert.de\/blog\/wp-content\/uploads\/2016\/07\/Hals-11.jpg 800w, https:\/\/www.sabine-seyffert.de\/blog\/wp-content\/uploads\/2016\/07\/Hals-11-300x225.jpg 300w, https:\/\/www.sabine-seyffert.de\/blog\/wp-content\/uploads\/2016\/07\/Hals-11-768x576.jpg 768w\" sizes=\"auto, (max-width: 800px) 100vw, 800px\" \/><\/a><\/p>\n<p style=\"text-align: justify;\">Schlie\u00dflich folgt man den Wegweisern in Richtung Musikschule und biegt links ab in eine lange Sackgasse. Der Weg f\u00fchrt \u00fcber eine mit Blumenk\u00e4sten geschm\u00fcckte Br\u00fccke, die \u00fcber die Ilz f\u00fchrt.<\/p>\n<p style=\"text-align: center;\"><a href=\"http:\/\/www.sabine-seyffert.de\/blog\/wp-content\/uploads\/2016\/07\/Hals-6.jpg\" rel=\"attachment wp-att-7784\"><img loading=\"lazy\" decoding=\"async\" class=\"alignnone size-full wp-image-7784\" src=\"http:\/\/www.sabine-seyffert.de\/blog\/wp-content\/uploads\/2016\/07\/Hals-6.jpg\" alt=\"Hals 6\" width=\"800\" height=\"600\" srcset=\"https:\/\/www.sabine-seyffert.de\/blog\/wp-content\/uploads\/2016\/07\/Hals-6.jpg 800w, https:\/\/www.sabine-seyffert.de\/blog\/wp-content\/uploads\/2016\/07\/Hals-6-300x225.jpg 300w, https:\/\/www.sabine-seyffert.de\/blog\/wp-content\/uploads\/2016\/07\/Hals-6-768x576.jpg 768w\" sizes=\"auto, (max-width: 800px) 100vw, 800px\" \/><\/a><\/p>\n<p style=\"text-align: justify;\">Ein wenig scheint hier die Zeit still zu stehen. So ruhig und abgelegen ist es hier trotz der H\u00e4user. Der Bus kommt einmal die Stunde und f\u00e4hrt von hier aus in Passauer Zentrum hinab.<\/p>\n<p style=\"text-align: center;\"><a href=\"http:\/\/www.sabine-seyffert.de\/blog\/wp-content\/uploads\/2016\/07\/Hals-10.jpg\" rel=\"attachment wp-att-7783\"><img loading=\"lazy\" decoding=\"async\" class=\"alignnone size-full wp-image-7783\" src=\"http:\/\/www.sabine-seyffert.de\/blog\/wp-content\/uploads\/2016\/07\/Hals-10.jpg\" alt=\"Hals 10\" width=\"600\" height=\"800\" srcset=\"https:\/\/www.sabine-seyffert.de\/blog\/wp-content\/uploads\/2016\/07\/Hals-10.jpg 600w, https:\/\/www.sabine-seyffert.de\/blog\/wp-content\/uploads\/2016\/07\/Hals-10-225x300.jpg 225w\" sizes=\"auto, (max-width: 600px) 100vw, 600px\" \/><\/a><\/p>\n<p style=\"text-align: justify;\">Der \u201eKern\u201c des Stadtteils ist der kleine Marktplatz. Dort findet man das alte Rathaus und eine kleine B\u00e4ckerei. Auch hier sind viele H\u00e4user vom Hochwasser deutlich gezeichnet und werden durch die Hilfe von zahlreichen Handwerkern wieder renoviert und in Stand gesetzt.<\/p>\n<p style=\"text-align: center;\"><a href=\"http:\/\/www.sabine-seyffert.de\/blog\/wp-content\/uploads\/2016\/07\/Hals-7.jpg\" rel=\"attachment wp-att-7789\"><img loading=\"lazy\" decoding=\"async\" class=\"alignnone size-full wp-image-7789\" src=\"http:\/\/www.sabine-seyffert.de\/blog\/wp-content\/uploads\/2016\/07\/Hals-7.jpg\" alt=\"Hals 7\" width=\"800\" height=\"600\" srcset=\"https:\/\/www.sabine-seyffert.de\/blog\/wp-content\/uploads\/2016\/07\/Hals-7.jpg 800w, https:\/\/www.sabine-seyffert.de\/blog\/wp-content\/uploads\/2016\/07\/Hals-7-300x225.jpg 300w, https:\/\/www.sabine-seyffert.de\/blog\/wp-content\/uploads\/2016\/07\/Hals-7-768x576.jpg 768w\" sizes=\"auto, (max-width: 800px) 100vw, 800px\" \/><\/a><\/p>\n<p style=\"text-align: justify;\">Viele H\u00e4user haben Tafeln, auf denen informative Dinge zum jeweiligen Domizil bzw. Geb\u00e4ude zu finden sind. F\u00fcr Au\u00dfenstehende eine ganz spannende Sache. Denn die Schilder scheinen den Besuchern ein wenig Stadtgeschichte erz\u00e4hlen zu wollen \ud83d\ude42<\/p>\n<p style=\"text-align: center;\"><a href=\"http:\/\/www.sabine-seyffert.de\/blog\/wp-content\/uploads\/2016\/07\/Hals-8.jpg\" rel=\"attachment wp-att-7785\"><img loading=\"lazy\" decoding=\"async\" class=\"alignnone size-full wp-image-7785\" src=\"http:\/\/www.sabine-seyffert.de\/blog\/wp-content\/uploads\/2016\/07\/Hals-8.jpg\" alt=\"Hals 8\" width=\"600\" height=\"800\" srcset=\"https:\/\/www.sabine-seyffert.de\/blog\/wp-content\/uploads\/2016\/07\/Hals-8.jpg 600w, https:\/\/www.sabine-seyffert.de\/blog\/wp-content\/uploads\/2016\/07\/Hals-8-225x300.jpg 225w\" sizes=\"auto, (max-width: 600px) 100vw, 600px\" \/><\/a><\/p>\n<p style=\"text-align: justify;\">Durch die Sackgasse \/ Talachse ist man am besten zu Fu\u00df unterwegs. Da es keine normale Durchgangstra\u00dfe ist, ist nur wenig Verkehr. Vom Gehweg aus kann man den Fluss Ilz bewundern. Alle paar Meter gibt es auf beiden Fluss-Seiten entsprechende Zug\u00e4nge und Treppen zum Fluss, die man nutzen kann um ans Wasser zu kommen.<\/p>\n<p style=\"text-align: center;\"><a href=\"http:\/\/www.sabine-seyffert.de\/blog\/wp-content\/uploads\/2016\/07\/Hals.jpg\" rel=\"attachment wp-att-7786\"><img loading=\"lazy\" decoding=\"async\" class=\"alignnone size-full wp-image-7786\" src=\"http:\/\/www.sabine-seyffert.de\/blog\/wp-content\/uploads\/2016\/07\/Hals.jpg\" alt=\"Hals\" width=\"600\" height=\"800\" srcset=\"https:\/\/www.sabine-seyffert.de\/blog\/wp-content\/uploads\/2016\/07\/Hals.jpg 600w, https:\/\/www.sabine-seyffert.de\/blog\/wp-content\/uploads\/2016\/07\/Hals-225x300.jpg 225w\" sizes=\"auto, (max-width: 600px) 100vw, 600px\" \/><\/a><\/p>\n<p style=\"text-align: justify;\">An warmen Sommertagen sieht man regelm\u00e4\u00dfig Anwohner die die Mittagszeit oder eine kurze Pause f\u00fcr eine wohltuende Abk\u00fchlung nutzen und sich mit einem Badelaken unterm Arm auf den Weg ins Wasser machen.<\/p>\n<p style=\"text-align: center;\"><a href=\"http:\/\/www.sabine-seyffert.de\/blog\/wp-content\/uploads\/2016\/07\/Hals-2.jpg\" rel=\"attachment wp-att-7787\"><img loading=\"lazy\" decoding=\"async\" class=\"alignnone size-full wp-image-7787\" src=\"http:\/\/www.sabine-seyffert.de\/blog\/wp-content\/uploads\/2016\/07\/Hals-2.jpg\" alt=\"Hals 2\" width=\"600\" height=\"800\" srcset=\"https:\/\/www.sabine-seyffert.de\/blog\/wp-content\/uploads\/2016\/07\/Hals-2.jpg 600w, https:\/\/www.sabine-seyffert.de\/blog\/wp-content\/uploads\/2016\/07\/Hals-2-225x300.jpg 225w\" sizes=\"auto, (max-width: 600px) 100vw, 600px\" \/><\/a><\/p>\n<p style=\"text-align: justify;\">Wer lieber etwas entdecken als sich im Wasser vergn\u00fcgen m\u00f6chte, der kann auch einen der Wege w\u00e4hlen, die nach Oben f\u00fchren und dort die Reste <a href=\"https:\/\/de.wikipedia.org\/wiki\/Burgruine_Hals\" target=\"_blank\" rel=\"noopener\">der Burgruine<\/a> bestaunen. Allerdings kommt man als Spazierg\u00e4nger leider nicht bis ganz an die Ruine heran. Dennoch lohnt sich ein kleiner Spaziergang dort sehr!<\/p>\n<p style=\"text-align: center;\"><a href=\"http:\/\/www.sabine-seyffert.de\/blog\/wp-content\/uploads\/2016\/07\/burgruine-2.jpg\" rel=\"attachment wp-att-7788\"><img loading=\"lazy\" decoding=\"async\" class=\"alignnone size-full wp-image-7788\" src=\"http:\/\/www.sabine-seyffert.de\/blog\/wp-content\/uploads\/2016\/07\/burgruine-2.jpg\" alt=\"burgruine 2\" width=\"600\" height=\"800\" srcset=\"https:\/\/www.sabine-seyffert.de\/blog\/wp-content\/uploads\/2016\/07\/burgruine-2.jpg 600w, https:\/\/www.sabine-seyffert.de\/blog\/wp-content\/uploads\/2016\/07\/burgruine-2-225x300.jpg 225w\" sizes=\"auto, (max-width: 600px) 100vw, 600px\" \/><\/a><\/p>\n<p style=\"text-align: justify;\"><a href=\"http:\/\/www.sabine-seyffert.de\/blog\/?page_id=32#urheberrecht\">urheberrechtlich gesch\u00fctzt<\/a>, \u00a9 Sabine Seyffert<\/p>\n<p style=\"text-align: justify;\">\n","protected":false},"excerpt":{"rendered":"<p>Ist man mal in Passau, sollte man nicht verpassen dem Ortsteil Hals einen Besuch abzustatten. Denn dieser ist wirklich sehenswert, angenehm ruhig und ausgesprochen gem\u00fctlich! F\u00e4hrt man mit dem Auto durch Passau, so f\u00fchrt der Weg in den Stadtteil Hals durch einen kleinen Tunnel und schl\u00e4ngelt sich dann eine steile Bergstrasse hinauf. Am Stra\u00dfenrand stehen&#8230; <a href=\"https:\/\/www.sabine-seyffert.de\/blog\/ausflugstipp-passau-ein-kleiner-rundgang-durch-den-wunderschoenen-ortsteil-hals-eine-burgruine\/\" class=\"more-link\">Read more: Ausflugstipp Passau: Ein kleiner Rundgang durch den wundersch\u00f6nen Ortsteil Hals &#038; eine Burgruine<\/a><\/p>\n","protected":false},"author":2,"featured_media":7781,"comment_status":"open","ping_status":"open","sticky":false,"template":"","format":"standard","meta":{"_metis_text_type":"","_metis_text_length":2272,"_post_count":0,"footnotes":""},"categories":[38],"tags":[],"class_list":["post-7780","post","type-post","status-publish","format-standard","has-post-thumbnail","hentry","category-ferien"],"_links":{"self":[{"href":"https:\/\/www.sabine-seyffert.de\/blog\/wp-json\/wp\/v2\/posts\/7780","targetHints":{"allow":["GET"]}}],"collection":[{"href":"https:\/\/www.sabine-seyffert.de\/blog\/wp-json\/wp\/v2\/posts"}],"about":[{"href":"https:\/\/www.sabine-seyffert.de\/blog\/wp-json\/wp\/v2\/types\/post"}],"author":[{"embeddable":true,"href":"https:\/\/www.sabine-seyffert.de\/blog\/wp-json\/wp\/v2\/users\/2"}],"replies":[{"embeddable":true,"href":"https:\/\/www.sabine-seyffert.de\/blog\/wp-json\/wp\/v2\/comments?post=7780"}],"version-history":[{"count":4,"href":"https:\/\/www.sabine-seyffert.de\/blog\/wp-json\/wp\/v2\/posts\/7780\/revisions"}],"predecessor-version":[{"id":12883,"href":"https:\/\/www.sabine-seyffert.de\/blog\/wp-json\/wp\/v2\/posts\/7780\/revisions\/12883"}],"wp:featuredmedia":[{"embeddable":true,"href":"https:\/\/www.sabine-seyffert.de\/blog\/wp-json\/wp\/v2\/media\/7781"}],"wp:attachment":[{"href":"https:\/\/www.sabine-seyffert.de\/blog\/wp-json\/wp\/v2\/media?parent=7780"}],"wp:term":[{"taxonomy":"category","embeddable":true,"href":"https:\/\/www.sabine-seyffert.de\/blog\/wp-json\/wp\/v2\/categories?post=7780"},{"taxonomy":"post_tag","embeddable":true,"href":"https:\/\/www.sabine-seyffert.de\/blog\/wp-json\/wp\/v2\/tags?post=7780"}],"curies":[{"name":"wp","href":"https:\/\/api.w.org\/{rel}","templated":true}]}}