{"id":7746,"date":"2016-07-05T06:31:25","date_gmt":"2016-07-05T04:31:25","guid":{"rendered":"http:\/\/www.sabine-seyffert.de\/blog\/?p=7746"},"modified":"2018-06-26T17:39:33","modified_gmt":"2018-06-26T15:39:33","slug":"ausflugstipp-passau-ein-kreativer-bummel-zum-staunen-auf-gehts-durch-die-hoellgasse","status":"publish","type":"post","link":"https:\/\/www.sabine-seyffert.de\/blog\/ausflugstipp-passau-ein-kreativer-bummel-zum-staunen-auf-gehts-durch-die-hoellgasse\/","title":{"rendered":"Ausflugstipp Passau: Ein kreativer Bummel zum Staunen \u2013 Auf geht\u2019s durch die H\u00f6llgasse"},"content":{"rendered":"<p style=\"text-align: justify;\"><img loading=\"lazy\" decoding=\"async\" src=\"https:\/\/ssl-vg03.met.vgwort.de\/na\/e8b0d45e80f04cc8bf9f24955b570014\" alt=\"\" width=\"1\" height=\"1\" \/>Wenn man eine fremde Stadt besucht, gibt es erfahrungsgem\u00e4\u00df allerhand zu entdecken. Doch in Passau gibt es mehr als das. Denn da geht es auf dem Stadtbummel in diesem Fall sogar recht bunt und herrlich kreativ zu.<\/p>\n<p style=\"text-align: center;\"><a href=\"http:\/\/www.sabine-seyffert.de\/blog\/wp-content\/uploads\/2016\/07\/H\u00f6llgasse-Start.jpg\" rel=\"attachment wp-att-7747\"><img loading=\"lazy\" decoding=\"async\" class=\"alignnone size-full wp-image-7747\" src=\"http:\/\/www.sabine-seyffert.de\/blog\/wp-content\/uploads\/2016\/07\/H\u00f6llgasse-Start.jpg\" alt=\"H\u00f6llgasse Start\" width=\"600\" height=\"800\" srcset=\"https:\/\/www.sabine-seyffert.de\/blog\/wp-content\/uploads\/2016\/07\/H\u00f6llgasse-Start.jpg 600w, https:\/\/www.sabine-seyffert.de\/blog\/wp-content\/uploads\/2016\/07\/H\u00f6llgasse-Start-225x300.jpg 225w\" sizes=\"auto, (max-width: 600px) 100vw, 600px\" \/><\/a><\/p>\n<p style=\"text-align: justify;\">Da k\u00f6nnt Ihr Euch sicher bestens vorstellen, wie mein kreatives Herz vor Freude geh\u00fcpft ist! Und zwar f\u00fchrte uns der Spaziergang durch die sommerliche Altstadt Passaus durch Zufall in eine kleine Gasse. Von den zahlreichen, schmalen Gassen habe ich Euch gestern <a href=\"http:\/\/www.sabine-seyffert.de\/blog\/?p=7732\" target=\"_blank\" rel=\"noopener\">hier<\/a> bereits berichtet.<\/p>\n<p style=\"text-align: center;\"><a href=\"http:\/\/www.sabine-seyffert.de\/blog\/wp-content\/uploads\/2016\/07\/H\u00f6llgasse-3.jpg\" rel=\"attachment wp-att-7757\"><img loading=\"lazy\" decoding=\"async\" class=\"alignnone size-full wp-image-7757\" src=\"http:\/\/www.sabine-seyffert.de\/blog\/wp-content\/uploads\/2016\/07\/H\u00f6llgasse-3.jpg\" alt=\"H\u00f6llgasse 3\" width=\"600\" height=\"800\" srcset=\"https:\/\/www.sabine-seyffert.de\/blog\/wp-content\/uploads\/2016\/07\/H\u00f6llgasse-3.jpg 600w, https:\/\/www.sabine-seyffert.de\/blog\/wp-content\/uploads\/2016\/07\/H\u00f6llgasse-3-225x300.jpg 225w\" sizes=\"auto, (max-width: 600px) 100vw, 600px\" \/><\/a><\/p>\n<p style=\"text-align: justify;\">Denn davon gibt es hier in dem Altstadtkern von Passau zwar so einige, aber diese hier zog uns als Touristen geradezu magisch an. Schon die wunderbar alten Pflastersteine vor unseren F\u00fc\u00dfen waren farbig bemalt. Da musste man einfach neugierig dem Weg folgen\u2026<\/p>\n<p style=\"text-align: center;\"><a href=\"http:\/\/www.sabine-seyffert.de\/blog\/wp-content\/uploads\/2016\/07\/H\u00f6llgasse-2.jpg\" rel=\"attachment wp-att-7758\"><img loading=\"lazy\" decoding=\"async\" class=\"alignnone size-full wp-image-7758\" src=\"http:\/\/www.sabine-seyffert.de\/blog\/wp-content\/uploads\/2016\/07\/H\u00f6llgasse-2.jpg\" alt=\"H\u00f6llgasse 2\" width=\"600\" height=\"800\" srcset=\"https:\/\/www.sabine-seyffert.de\/blog\/wp-content\/uploads\/2016\/07\/H\u00f6llgasse-2.jpg 600w, https:\/\/www.sabine-seyffert.de\/blog\/wp-content\/uploads\/2016\/07\/H\u00f6llgasse-2-225x300.jpg 225w\" sizes=\"auto, (max-width: 600px) 100vw, 600px\" \/><\/a><\/p>\n<p style=\"text-align: justify;\">Diese kleine, schmale Gasse, die den Namen H\u00f6llgasse tr\u00e4gt, birgt allerhand sch\u00f6ne Details. Nicht nur die tollen, alten Hausfassaden, durch die man hier hindurchschlendert.<\/p>\n<p style=\"text-align: center;\"><a href=\"http:\/\/www.sabine-seyffert.de\/blog\/wp-content\/uploads\/2016\/07\/H\u00f6llgasse-7.jpg\" rel=\"attachment wp-att-7748\"><img loading=\"lazy\" decoding=\"async\" class=\"alignnone size-full wp-image-7748\" src=\"http:\/\/www.sabine-seyffert.de\/blog\/wp-content\/uploads\/2016\/07\/H\u00f6llgasse-7.jpg\" alt=\"H\u00f6llgasse 7\" width=\"600\" height=\"800\" srcset=\"https:\/\/www.sabine-seyffert.de\/blog\/wp-content\/uploads\/2016\/07\/H\u00f6llgasse-7.jpg 600w, https:\/\/www.sabine-seyffert.de\/blog\/wp-content\/uploads\/2016\/07\/H\u00f6llgasse-7-225x300.jpg 225w\" sizes=\"auto, (max-width: 600px) 100vw, 600px\" \/><\/a><\/p>\n<p style=\"text-align: justify;\">Ausnahmslos alle H\u00e4user hier, stammen meinem Wissen nach aus dem Mittelalter. Au\u00dferdem findet man hier sogar ein kleines, gem\u00fctliches Caf\u00e9 mit einladender Au\u00dfengastronomie. Hier spaziert man als Fu\u00dfg\u00e4nger mittendurch, durch die gedeckten Tische und Sitzpl\u00e4tze, herrlich!<\/p>\n<p style=\"text-align: center;\"><a href=\"http:\/\/www.sabine-seyffert.de\/blog\/wp-content\/uploads\/2016\/07\/H\u00f6llgasse-Caf\u00e9.jpg\" rel=\"attachment wp-att-7749\"><img loading=\"lazy\" decoding=\"async\" class=\"alignnone size-full wp-image-7749\" src=\"http:\/\/www.sabine-seyffert.de\/blog\/wp-content\/uploads\/2016\/07\/H\u00f6llgasse-Caf\u00e9.jpg\" alt=\"H\u00f6llgasse Caf\u00e9\" width=\"600\" height=\"800\" srcset=\"https:\/\/www.sabine-seyffert.de\/blog\/wp-content\/uploads\/2016\/07\/H\u00f6llgasse-Caf\u00e9.jpg 600w, https:\/\/www.sabine-seyffert.de\/blog\/wp-content\/uploads\/2016\/07\/H\u00f6llgasse-Caf\u00e9-225x300.jpg 225w\" sizes=\"auto, (max-width: 600px) 100vw, 600px\" \/><\/a><\/p>\n<p style=\"text-align: justify;\">Doch das Besondere an dieser H\u00f6llgasse ist, dass diese von K\u00fcnstlern auf ganz wunderbare Art und Weise in Szene gesetzt und versch\u00f6nert wird.<\/p>\n<p style=\"text-align: center;\"><a href=\"http:\/\/www.sabine-seyffert.de\/blog\/wp-content\/uploads\/2016\/07\/H\u00f6llgasse-9.jpg\" rel=\"attachment wp-att-7750\"><img loading=\"lazy\" decoding=\"async\" class=\"alignnone size-full wp-image-7750\" src=\"http:\/\/www.sabine-seyffert.de\/blog\/wp-content\/uploads\/2016\/07\/H\u00f6llgasse-9.jpg\" alt=\"H\u00f6llgasse 9\" width=\"600\" height=\"800\" srcset=\"https:\/\/www.sabine-seyffert.de\/blog\/wp-content\/uploads\/2016\/07\/H\u00f6llgasse-9.jpg 600w, https:\/\/www.sabine-seyffert.de\/blog\/wp-content\/uploads\/2016\/07\/H\u00f6llgasse-9-225x300.jpg 225w\" sizes=\"auto, (max-width: 600px) 100vw, 600px\" \/><\/a><\/p>\n<p style=\"text-align: justify;\">Bei unserem Besuch waren es beispielsweise endlos viele Regen- bzw. Sonnenschirme, die kreuz und quer zwischen den H\u00e4usern der Gasse befestigt waren.<\/p>\n<p style=\"text-align: center;\"><a href=\"http:\/\/www.sabine-seyffert.de\/blog\/wp-content\/uploads\/2016\/07\/H\u00f6llgasse.jpg\" rel=\"attachment wp-att-7751\"><img loading=\"lazy\" decoding=\"async\" class=\"alignnone size-full wp-image-7751\" src=\"http:\/\/www.sabine-seyffert.de\/blog\/wp-content\/uploads\/2016\/07\/H\u00f6llgasse.jpg\" alt=\"H\u00f6llgasse\" width=\"600\" height=\"800\" srcset=\"https:\/\/www.sabine-seyffert.de\/blog\/wp-content\/uploads\/2016\/07\/H\u00f6llgasse.jpg 600w, https:\/\/www.sabine-seyffert.de\/blog\/wp-content\/uploads\/2016\/07\/H\u00f6llgasse-225x300.jpg 225w\" sizes=\"auto, (max-width: 600px) 100vw, 600px\" \/><\/a><\/p>\n<p style=\"text-align: justify;\">Jeder Schirm sah anders aus und wurde von allerhand kreativen K\u00f6pfen auf ganz pers\u00f6nliche Art gestaltet. So gegen den strahlend blauen Sommerhimmel war das schon ein ganz fantastischer Anblick.<\/p>\n<p style=\"text-align: center;\"><a href=\"http:\/\/www.sabine-seyffert.de\/blog\/wp-content\/uploads\/2016\/07\/H\u00f6llgasse-Schirm-Regentropfen.jpg\" rel=\"attachment wp-att-7752\"><img loading=\"lazy\" decoding=\"async\" class=\"alignnone size-full wp-image-7752\" src=\"http:\/\/www.sabine-seyffert.de\/blog\/wp-content\/uploads\/2016\/07\/H\u00f6llgasse-Schirm-Regentropfen.jpg\" alt=\"H\u00f6llgasse Schirm Regentropfen\" width=\"600\" height=\"800\" srcset=\"https:\/\/www.sabine-seyffert.de\/blog\/wp-content\/uploads\/2016\/07\/H\u00f6llgasse-Schirm-Regentropfen.jpg 600w, https:\/\/www.sabine-seyffert.de\/blog\/wp-content\/uploads\/2016\/07\/H\u00f6llgasse-Schirm-Regentropfen-225x300.jpg 225w\" sizes=\"auto, (max-width: 600px) 100vw, 600px\" \/><\/a><\/p>\n<p style=\"text-align: justify;\">Vor allem weil die Sonne die Farben und Schirme richtiggehend anstrahlte. Schon vom Anschauen bekam man trotz des Bilderbuchwetters Lust gleich loszuziehen, einen Schwung Schirme zu kaufen und diese bunt zu bemalen!<\/p>\n<p style=\"text-align: center;\"><a href=\"http:\/\/www.sabine-seyffert.de\/blog\/wp-content\/uploads\/2016\/07\/H\u00f6llgasse-6.jpg\" rel=\"attachment wp-att-7753\"><img loading=\"lazy\" decoding=\"async\" class=\"alignnone size-full wp-image-7753\" src=\"http:\/\/www.sabine-seyffert.de\/blog\/wp-content\/uploads\/2016\/07\/H\u00f6llgasse-6.jpg\" alt=\"H\u00f6llgasse 6\" width=\"800\" height=\"600\" srcset=\"https:\/\/www.sabine-seyffert.de\/blog\/wp-content\/uploads\/2016\/07\/H\u00f6llgasse-6.jpg 800w, https:\/\/www.sabine-seyffert.de\/blog\/wp-content\/uploads\/2016\/07\/H\u00f6llgasse-6-300x225.jpg 300w, https:\/\/www.sabine-seyffert.de\/blog\/wp-content\/uploads\/2016\/07\/H\u00f6llgasse-6-768x576.jpg 768w\" sizes=\"auto, (max-width: 800px) 100vw, 800px\" \/><\/a><\/p>\n<p style=\"text-align: justify;\">Wie ich von dem Vorsitzenden der Agon Passau erfahren habe, wird die H\u00f6llgasse jedes Jahr mit neuen Kunstwerken best\u00fcckt und gestaltet. Ein herzlicher Dank an dieser Stelle an Enrico Herzig f\u00fcr die Erlaubnis Euch die gemachten Fotos hier zeigen zu d\u00fcrfen \ud83d\ude42<\/p>\n<p style=\"text-align: center;\"><a href=\"http:\/\/www.sabine-seyffert.de\/blog\/wp-content\/uploads\/2016\/07\/H\u00f6llgasse-5.jpg\" rel=\"attachment wp-att-7754\"><img loading=\"lazy\" decoding=\"async\" class=\"alignnone size-full wp-image-7754\" src=\"http:\/\/www.sabine-seyffert.de\/blog\/wp-content\/uploads\/2016\/07\/H\u00f6llgasse-5.jpg\" alt=\"H\u00f6llgasse 5\" width=\"800\" height=\"600\" srcset=\"https:\/\/www.sabine-seyffert.de\/blog\/wp-content\/uploads\/2016\/07\/H\u00f6llgasse-5.jpg 800w, https:\/\/www.sabine-seyffert.de\/blog\/wp-content\/uploads\/2016\/07\/H\u00f6llgasse-5-300x225.jpg 300w, https:\/\/www.sabine-seyffert.de\/blog\/wp-content\/uploads\/2016\/07\/H\u00f6llgasse-5-768x576.jpg 768w\" sizes=\"auto, (max-width: 800px) 100vw, 800px\" \/><\/a><\/p>\n<p style=\"text-align: justify;\"><a href=\"http:\/\/www.sabine-seyffert.de\/blog\/?page_id=32#urheberrecht\">urheberrechtlich gesch\u00fctzt<\/a>, \u00a9 Sabine Seyffert<\/p>\n","protected":false},"excerpt":{"rendered":"<p>Wenn man eine fremde Stadt besucht, gibt es erfahrungsgem\u00e4\u00df allerhand zu entdecken. Doch in Passau gibt es mehr als das. Denn da geht es auf dem Stadtbummel in diesem Fall sogar recht bunt und herrlich kreativ zu. Da k\u00f6nnt Ihr Euch sicher bestens vorstellen, wie mein kreatives Herz vor Freude geh\u00fcpft ist! Und zwar f\u00fchrte&#8230; <a href=\"https:\/\/www.sabine-seyffert.de\/blog\/ausflugstipp-passau-ein-kreativer-bummel-zum-staunen-auf-gehts-durch-die-hoellgasse\/\" class=\"more-link\">Read more: Ausflugstipp Passau: Ein kreativer Bummel zum Staunen \u2013 Auf geht\u2019s durch die H\u00f6llgasse<\/a><\/p>\n","protected":false},"author":2,"featured_media":7751,"comment_status":"open","ping_status":"open","sticky":false,"template":"","format":"standard","meta":{"_metis_text_type":"","_metis_text_length":2206,"_post_count":0,"footnotes":""},"categories":[38],"tags":[],"class_list":["post-7746","post","type-post","status-publish","format-standard","has-post-thumbnail","hentry","category-ferien"],"_links":{"self":[{"href":"https:\/\/www.sabine-seyffert.de\/blog\/wp-json\/wp\/v2\/posts\/7746","targetHints":{"allow":["GET"]}}],"collection":[{"href":"https:\/\/www.sabine-seyffert.de\/blog\/wp-json\/wp\/v2\/posts"}],"about":[{"href":"https:\/\/www.sabine-seyffert.de\/blog\/wp-json\/wp\/v2\/types\/post"}],"author":[{"embeddable":true,"href":"https:\/\/www.sabine-seyffert.de\/blog\/wp-json\/wp\/v2\/users\/2"}],"replies":[{"embeddable":true,"href":"https:\/\/www.sabine-seyffert.de\/blog\/wp-json\/wp\/v2\/comments?post=7746"}],"version-history":[{"count":4,"href":"https:\/\/www.sabine-seyffert.de\/blog\/wp-json\/wp\/v2\/posts\/7746\/revisions"}],"predecessor-version":[{"id":12884,"href":"https:\/\/www.sabine-seyffert.de\/blog\/wp-json\/wp\/v2\/posts\/7746\/revisions\/12884"}],"wp:featuredmedia":[{"embeddable":true,"href":"https:\/\/www.sabine-seyffert.de\/blog\/wp-json\/wp\/v2\/media\/7751"}],"wp:attachment":[{"href":"https:\/\/www.sabine-seyffert.de\/blog\/wp-json\/wp\/v2\/media?parent=7746"}],"wp:term":[{"taxonomy":"category","embeddable":true,"href":"https:\/\/www.sabine-seyffert.de\/blog\/wp-json\/wp\/v2\/categories?post=7746"},{"taxonomy":"post_tag","embeddable":true,"href":"https:\/\/www.sabine-seyffert.de\/blog\/wp-json\/wp\/v2\/tags?post=7746"}],"curies":[{"name":"wp","href":"https:\/\/api.w.org\/{rel}","templated":true}]}}