{"id":7732,"date":"2016-07-04T06:28:40","date_gmt":"2016-07-04T04:28:40","guid":{"rendered":"http:\/\/www.sabine-seyffert.de\/blog\/?p=7732"},"modified":"2018-06-26T17:40:29","modified_gmt":"2018-06-26T15:40:29","slug":"ausflugstipp-passau-ein-gemuetlicher-spaziergang-durch-die-passauer-altstadt","status":"publish","type":"post","link":"https:\/\/www.sabine-seyffert.de\/blog\/ausflugstipp-passau-ein-gemuetlicher-spaziergang-durch-die-passauer-altstadt\/","title":{"rendered":"Ausflugstipp Passau: Ein gem\u00fctlicher Spaziergang durch die Passauer Altstadt"},"content":{"rendered":"<p style=\"text-align: justify;\"><img loading=\"lazy\" decoding=\"async\" src=\"https:\/\/ssl-vg03.met.vgwort.de\/na\/557a1e502384461888c595c98da8b90c\" alt=\"\" width=\"1\" height=\"1\" \/>Sommerzeit ist Ferienzeit. Und die Schulferien nutzen wir dann nat\u00fcrlich zum Verreisen. In dieser Woche nehme ich Euch einfach mal mit in Urlaub. Dazu braucht Ihr nicht mal zu packen, das \u00fcbernehmen wir. Somit d\u00fcrft Ihr uns als \u201eFeriengast\u201c in den kommenden Tagen auf unserer kleinen Auszeit begleiten.<\/p>\n<p style=\"text-align: center;\"><a href=\"http:\/\/www.sabine-seyffert.de\/blog\/wp-content\/uploads\/2016\/07\/Altstadt-19.jpg\" rel=\"attachment wp-att-7733\"><img loading=\"lazy\" decoding=\"async\" class=\"alignnone size-full wp-image-7733\" src=\"http:\/\/www.sabine-seyffert.de\/blog\/wp-content\/uploads\/2016\/07\/Altstadt-19.jpg\" alt=\"Altstadt 19\" width=\"600\" height=\"800\" srcset=\"https:\/\/www.sabine-seyffert.de\/blog\/wp-content\/uploads\/2016\/07\/Altstadt-19.jpg 600w, https:\/\/www.sabine-seyffert.de\/blog\/wp-content\/uploads\/2016\/07\/Altstadt-19-225x300.jpg 225w\" sizes=\"auto, (max-width: 600px) 100vw, 600px\" \/><\/a><\/p>\n<p style=\"text-align: justify;\">Heute Vormittag steht der Besuch der Altstadt von Passau auf unserem Ferienplan. Mit dem Auto geht\u2019s vom Feriendomizil in Richtung Stadt.<\/p>\n<p style=\"text-align: center;\"><a href=\"http:\/\/www.sabine-seyffert.de\/blog\/wp-content\/uploads\/2016\/07\/Altstadt-18.jpg\" rel=\"attachment wp-att-7734\"><img loading=\"lazy\" decoding=\"async\" class=\"alignnone size-full wp-image-7734\" src=\"http:\/\/www.sabine-seyffert.de\/blog\/wp-content\/uploads\/2016\/07\/Altstadt-18.jpg\" alt=\"Altstadt 18\" width=\"800\" height=\"600\" srcset=\"https:\/\/www.sabine-seyffert.de\/blog\/wp-content\/uploads\/2016\/07\/Altstadt-18.jpg 800w, https:\/\/www.sabine-seyffert.de\/blog\/wp-content\/uploads\/2016\/07\/Altstadt-18-300x225.jpg 300w, https:\/\/www.sabine-seyffert.de\/blog\/wp-content\/uploads\/2016\/07\/Altstadt-18-768x576.jpg 768w\" sizes=\"auto, (max-width: 800px) 100vw, 800px\" \/><\/a><\/p>\n<p style=\"text-align: justify;\">Gleich im ersten Parkhaus werden wir f\u00fcndig und finden nicht nur einen Platz f\u00fcr die Familienkutsche sondern zudem kostenlose Stadtpl\u00e4ne, die dort am Ausgang ausliegen \u2013 wie praktisch!<\/p>\n<p style=\"text-align: center;\"><a href=\"http:\/\/www.sabine-seyffert.de\/blog\/wp-content\/uploads\/2016\/07\/Altstadt-17.jpg\" rel=\"attachment wp-att-7735\"><img loading=\"lazy\" decoding=\"async\" class=\"alignnone size-full wp-image-7735\" src=\"http:\/\/www.sabine-seyffert.de\/blog\/wp-content\/uploads\/2016\/07\/Altstadt-17.jpg\" alt=\"Altstadt 17\" width=\"800\" height=\"600\" srcset=\"https:\/\/www.sabine-seyffert.de\/blog\/wp-content\/uploads\/2016\/07\/Altstadt-17.jpg 800w, https:\/\/www.sabine-seyffert.de\/blog\/wp-content\/uploads\/2016\/07\/Altstadt-17-300x225.jpg 300w, https:\/\/www.sabine-seyffert.de\/blog\/wp-content\/uploads\/2016\/07\/Altstadt-17-768x576.jpg 768w\" sizes=\"auto, (max-width: 800px) 100vw, 800px\" \/><\/a><\/p>\n<p style=\"text-align: justify;\">So marschieren wir in Richtung Altstadt, die uns sogleich in ihren Bann zieht. Doch wir scheinen nicht die einzigen zu sein, die sich hier wohl f\u00fchlen und staunend durch die Gassen laufen. Viele Touristen, vor allen Dingen gr\u00f6\u00dfere Gruppen, die teilweise auch mit Stadtf\u00fchrer hier unterwegs sind.<\/p>\n<p style=\"text-align: center;\"><a href=\"http:\/\/www.sabine-seyffert.de\/blog\/wp-content\/uploads\/2016\/07\/Altstadt-14.jpg\" rel=\"attachment wp-att-7736\"><img loading=\"lazy\" decoding=\"async\" class=\"alignnone size-full wp-image-7736\" src=\"http:\/\/www.sabine-seyffert.de\/blog\/wp-content\/uploads\/2016\/07\/Altstadt-14.jpg\" alt=\"Altstadt 14\" width=\"600\" height=\"800\" srcset=\"https:\/\/www.sabine-seyffert.de\/blog\/wp-content\/uploads\/2016\/07\/Altstadt-14.jpg 600w, https:\/\/www.sabine-seyffert.de\/blog\/wp-content\/uploads\/2016\/07\/Altstadt-14-225x300.jpg 225w\" sizes=\"auto, (max-width: 600px) 100vw, 600px\" \/><\/a><\/p>\n<p style=\"text-align: justify;\">Vorbei geht es an dem beeindruckenden <a href=\"https:\/\/de.wikipedia.org\/wiki\/Dom_St._Stephan_%28Passau%29\" target=\"_blank\" rel=\"noopener\">Dom St. Stephans<\/a>, in dem man \u00fcbrigens die gr\u00f6\u00dfte Domorgel der Welt findet, in Richtung Residenzplatz.<\/p>\n<p style=\"text-align: center;\"><a href=\"http:\/\/www.sabine-seyffert.de\/blog\/wp-content\/uploads\/2016\/07\/Altstadt-13.jpg\" rel=\"attachment wp-att-7737\"><img loading=\"lazy\" decoding=\"async\" class=\"alignnone size-full wp-image-7737\" src=\"http:\/\/www.sabine-seyffert.de\/blog\/wp-content\/uploads\/2016\/07\/Altstadt-13.jpg\" alt=\"Altstadt 13\" width=\"800\" height=\"600\" srcset=\"https:\/\/www.sabine-seyffert.de\/blog\/wp-content\/uploads\/2016\/07\/Altstadt-13.jpg 800w, https:\/\/www.sabine-seyffert.de\/blog\/wp-content\/uploads\/2016\/07\/Altstadt-13-300x225.jpg 300w, https:\/\/www.sabine-seyffert.de\/blog\/wp-content\/uploads\/2016\/07\/Altstadt-13-768x576.jpg 768w\" sizes=\"auto, (max-width: 800px) 100vw, 800px\" \/><\/a><\/p>\n<p style=\"text-align: justify;\">Die H\u00e4user und Geb\u00e4ude mit ihrem Barocken Stil sind keineswegs kitschig &#8211; ganz im Gegenteil! Hier f\u00fchlt man sich gleich wie in eine andere Zeit versetzt. Ein sommerlich zarter Hauch von Ferienstimmung liegt \u00fcberall in der Luft und die vielen Stra\u00dfencaf\u00e9s laden sogleich zum Verweilen und Wohlf\u00fchlen ein.<\/p>\n<p style=\"text-align: center;\"><a href=\"http:\/\/www.sabine-seyffert.de\/blog\/wp-content\/uploads\/2016\/07\/Altstadt-9.jpg\" rel=\"attachment wp-att-7738\"><img loading=\"lazy\" decoding=\"async\" class=\"alignnone size-full wp-image-7738\" src=\"http:\/\/www.sabine-seyffert.de\/blog\/wp-content\/uploads\/2016\/07\/Altstadt-9.jpg\" alt=\"Altstadt 9\" width=\"600\" height=\"800\" srcset=\"https:\/\/www.sabine-seyffert.de\/blog\/wp-content\/uploads\/2016\/07\/Altstadt-9.jpg 600w, https:\/\/www.sabine-seyffert.de\/blog\/wp-content\/uploads\/2016\/07\/Altstadt-9-225x300.jpg 225w\" sizes=\"auto, (max-width: 600px) 100vw, 600px\" \/><\/a><\/p>\n<p style=\"text-align: justify;\">Besonders faszinierend fand ich die vielen kleinen Gesch\u00e4fte und Ladenlokale in denen es ganz einzigartige oder auch ganz k\u00fcnstlerische Dinge zu kaufen gab. Jedes f\u00fcr sich hat seinen eigenen Stil.<\/p>\n<p style=\"text-align: center;\"><a href=\"http:\/\/www.sabine-seyffert.de\/blog\/wp-content\/uploads\/2016\/07\/Altstadt-1.jpg\" rel=\"attachment wp-att-7739\"><img loading=\"lazy\" decoding=\"async\" class=\"alignnone size-full wp-image-7739\" src=\"http:\/\/www.sabine-seyffert.de\/blog\/wp-content\/uploads\/2016\/07\/Altstadt-1.jpg\" alt=\"Altstadt 1\" width=\"800\" height=\"600\" srcset=\"https:\/\/www.sabine-seyffert.de\/blog\/wp-content\/uploads\/2016\/07\/Altstadt-1.jpg 800w, https:\/\/www.sabine-seyffert.de\/blog\/wp-content\/uploads\/2016\/07\/Altstadt-1-300x225.jpg 300w, https:\/\/www.sabine-seyffert.de\/blog\/wp-content\/uploads\/2016\/07\/Altstadt-1-768x576.jpg 768w\" sizes=\"auto, (max-width: 800px) 100vw, 800px\" \/><\/a><\/p>\n<p style=\"text-align: justify;\">In einem kleinen Caf\u00e9 lagen auf den Au\u00dfenstufen allerhand bunten Kissen an dessen Seiten kleine mit Blumen gef\u00fcllte Vasen verteilt waren. So etwas ist mir bislang noch nirgendwo begegnet.<\/p>\n<p style=\"text-align: center;\"><a href=\"http:\/\/www.sabine-seyffert.de\/blog\/wp-content\/uploads\/2016\/07\/Altstadt-8.jpg\" rel=\"attachment wp-att-7740\"><img loading=\"lazy\" decoding=\"async\" class=\"alignnone size-full wp-image-7740\" src=\"http:\/\/www.sabine-seyffert.de\/blog\/wp-content\/uploads\/2016\/07\/Altstadt-8.jpg\" alt=\"Altstadt 8\" width=\"800\" height=\"600\" srcset=\"https:\/\/www.sabine-seyffert.de\/blog\/wp-content\/uploads\/2016\/07\/Altstadt-8.jpg 800w, https:\/\/www.sabine-seyffert.de\/blog\/wp-content\/uploads\/2016\/07\/Altstadt-8-300x225.jpg 300w, https:\/\/www.sabine-seyffert.de\/blog\/wp-content\/uploads\/2016\/07\/Altstadt-8-768x576.jpg 768w\" sizes=\"auto, (max-width: 800px) 100vw, 800px\" \/><\/a><\/p>\n<p style=\"text-align: justify;\">\u00dcberall findet man schmale Gassen und Durchg\u00e4nge, in die es sich lohnt einen Blick hinein zu werfen. Auch hier sind oftmals liebevoll gestaltete Schaufenster und klitzekleine Gesch\u00e4fte zu finden.<\/p>\n<p style=\"text-align: center;\"><a href=\"http:\/\/www.sabine-seyffert.de\/blog\/wp-content\/uploads\/2016\/07\/Altstadt-3.jpg\" rel=\"attachment wp-att-7741\"><img loading=\"lazy\" decoding=\"async\" class=\"alignnone size-full wp-image-7741\" src=\"http:\/\/www.sabine-seyffert.de\/blog\/wp-content\/uploads\/2016\/07\/Altstadt-3.jpg\" alt=\"Altstadt 3\" width=\"600\" height=\"800\" srcset=\"https:\/\/www.sabine-seyffert.de\/blog\/wp-content\/uploads\/2016\/07\/Altstadt-3.jpg 600w, https:\/\/www.sabine-seyffert.de\/blog\/wp-content\/uploads\/2016\/07\/Altstadt-3-225x300.jpg 225w\" sizes=\"auto, (max-width: 600px) 100vw, 600px\" \/><\/a><\/p>\n<p style=\"text-align: justify;\">Schlie\u00dflich gelangen wir an das \u00e4u\u00dfere Ende der Drei Fl\u00fcsse Stadt Passau, an dem gleich drei Fl\u00fcsse zusammenlaufen: Donau, Ilz und Inn treffen hier aufeinander.<\/p>\n<p style=\"text-align: center;\"><a href=\"http:\/\/www.sabine-seyffert.de\/blog\/wp-content\/uploads\/2016\/07\/Altstadt-7.jpg\" rel=\"attachment wp-att-7742\"><img loading=\"lazy\" decoding=\"async\" class=\"alignnone size-full wp-image-7742\" src=\"http:\/\/www.sabine-seyffert.de\/blog\/wp-content\/uploads\/2016\/07\/Altstadt-7.jpg\" alt=\"Altstadt 7\" width=\"600\" height=\"800\" srcset=\"https:\/\/www.sabine-seyffert.de\/blog\/wp-content\/uploads\/2016\/07\/Altstadt-7.jpg 600w, https:\/\/www.sabine-seyffert.de\/blog\/wp-content\/uploads\/2016\/07\/Altstadt-7-225x300.jpg 225w\" sizes=\"auto, (max-width: 600px) 100vw, 600px\" \/><\/a><\/p>\n<p style=\"text-align: justify;\">Ein spannendes Schauspiel, da jeder Fluss seine ganz eigene Wasserfarbe hat. Die Donau ist blau, das Innwasser gr\u00fcnlich und das Wasser der Ilz schwarz.<\/p>\n<p style=\"text-align: center;\"><a href=\"http:\/\/www.sabine-seyffert.de\/blog\/wp-content\/uploads\/2016\/07\/Altstadt-2.jpg\" rel=\"attachment wp-att-7743\"><img loading=\"lazy\" decoding=\"async\" class=\"alignnone size-full wp-image-7743\" src=\"http:\/\/www.sabine-seyffert.de\/blog\/wp-content\/uploads\/2016\/07\/Altstadt-2.jpg\" alt=\"Altstadt 2\" width=\"800\" height=\"600\" srcset=\"https:\/\/www.sabine-seyffert.de\/blog\/wp-content\/uploads\/2016\/07\/Altstadt-2.jpg 800w, https:\/\/www.sabine-seyffert.de\/blog\/wp-content\/uploads\/2016\/07\/Altstadt-2-300x225.jpg 300w, https:\/\/www.sabine-seyffert.de\/blog\/wp-content\/uploads\/2016\/07\/Altstadt-2-768x576.jpg 768w\" sizes=\"auto, (max-width: 800px) 100vw, 800px\" \/><\/a><\/p>\n<p style=\"text-align: justify;\"><a href=\"http:\/\/www.sabine-seyffert.de\/blog\/?page_id=32#urheberrecht\">urheberrechtlich gesch\u00fctzt<\/a>, \u00a9 Sabine Seyffert<\/p>\n","protected":false},"excerpt":{"rendered":"<p>Sommerzeit ist Ferienzeit. Und die Schulferien nutzen wir dann nat\u00fcrlich zum Verreisen. In dieser Woche nehme ich Euch einfach mal mit in Urlaub. Dazu braucht Ihr nicht mal zu packen, das \u00fcbernehmen wir. Somit d\u00fcrft Ihr uns als \u201eFeriengast\u201c in den kommenden Tagen auf unserer kleinen Auszeit begleiten. Heute Vormittag steht der Besuch der Altstadt&#8230; <a href=\"https:\/\/www.sabine-seyffert.de\/blog\/ausflugstipp-passau-ein-gemuetlicher-spaziergang-durch-die-passauer-altstadt\/\" class=\"more-link\">Read more: Ausflugstipp Passau: Ein gem\u00fctlicher Spaziergang durch die Passauer Altstadt<\/a><\/p>\n","protected":false},"author":2,"featured_media":7738,"comment_status":"open","ping_status":"open","sticky":false,"template":"","format":"standard","meta":{"_metis_text_type":"","_metis_text_length":2311,"_post_count":0,"footnotes":""},"categories":[38],"tags":[],"class_list":["post-7732","post","type-post","status-publish","format-standard","has-post-thumbnail","hentry","category-ferien"],"_links":{"self":[{"href":"https:\/\/www.sabine-seyffert.de\/blog\/wp-json\/wp\/v2\/posts\/7732","targetHints":{"allow":["GET"]}}],"collection":[{"href":"https:\/\/www.sabine-seyffert.de\/blog\/wp-json\/wp\/v2\/posts"}],"about":[{"href":"https:\/\/www.sabine-seyffert.de\/blog\/wp-json\/wp\/v2\/types\/post"}],"author":[{"embeddable":true,"href":"https:\/\/www.sabine-seyffert.de\/blog\/wp-json\/wp\/v2\/users\/2"}],"replies":[{"embeddable":true,"href":"https:\/\/www.sabine-seyffert.de\/blog\/wp-json\/wp\/v2\/comments?post=7732"}],"version-history":[{"count":3,"href":"https:\/\/www.sabine-seyffert.de\/blog\/wp-json\/wp\/v2\/posts\/7732\/revisions"}],"predecessor-version":[{"id":12885,"href":"https:\/\/www.sabine-seyffert.de\/blog\/wp-json\/wp\/v2\/posts\/7732\/revisions\/12885"}],"wp:featuredmedia":[{"embeddable":true,"href":"https:\/\/www.sabine-seyffert.de\/blog\/wp-json\/wp\/v2\/media\/7738"}],"wp:attachment":[{"href":"https:\/\/www.sabine-seyffert.de\/blog\/wp-json\/wp\/v2\/media?parent=7732"}],"wp:term":[{"taxonomy":"category","embeddable":true,"href":"https:\/\/www.sabine-seyffert.de\/blog\/wp-json\/wp\/v2\/categories?post=7732"},{"taxonomy":"post_tag","embeddable":true,"href":"https:\/\/www.sabine-seyffert.de\/blog\/wp-json\/wp\/v2\/tags?post=7732"}],"curies":[{"name":"wp","href":"https:\/\/api.w.org\/{rel}","templated":true}]}}