{"id":7675,"date":"2016-06-23T06:20:02","date_gmt":"2016-06-23T04:20:02","guid":{"rendered":"http:\/\/www.sabine-seyffert.de\/blog\/?p=7675"},"modified":"2017-03-01T14:21:29","modified_gmt":"2017-03-01T12:21:29","slug":"sommerliche-salaltliebe-fuer-die-gartenparty-oder-als-mittagessen-frischen-bulgur-salat-wuerzig-und-vegan","status":"publish","type":"post","link":"https:\/\/www.sabine-seyffert.de\/blog\/sommerliche-salaltliebe-fuer-die-gartenparty-oder-als-mittagessen-frischen-bulgur-salat-wuerzig-und-vegan\/","title":{"rendered":"Sommerliche Salatliebe f\u00fcr die Gartenparty oder als Mittagessen: Frischen Bulgur Salat, w\u00fcrzig und vegan!"},"content":{"rendered":"<p style=\"text-align: justify;\"><img loading=\"lazy\" decoding=\"async\" src=\"https:\/\/ssl-vg03.met.vgwort.de\/na\/7c09440498e843b0b2edb8d88664a41e\" alt=\"\" width=\"1\" height=\"1\" \/>F\u00fcr Salate bin ich immer zu haben. Auch gerne als vollwertige Mittagsmahlzeit. Einen \u00e4hnlichen Salat habe ich Euch schon einmal in <a href=\"http:\/\/www.sabine-seyffert.de\/blog\/?p=2066\" target=\"_blank\">vegetarischer Variante<\/a> gezeigt. Diesmal kommt die w\u00fcrzige, vegane Ausf\u00fchrung. Das sch\u00f6ne an diesem Salat ist, man kann diesen wunderbar am Vortag zubereiten und ihn \u00fcber Nacht ziehen lassen. Dann wird der Salat noch aromatischer!<\/p>\n<p style=\"text-align: center;\"><a href=\"http:\/\/www.sabine-seyffert.de\/blog\/wp-content\/uploads\/2016\/06\/Bulgur-6.jpg\" rel=\"attachment wp-att-7676\"><img loading=\"lazy\" decoding=\"async\" class=\"alignnone size-full wp-image-7676\" src=\"http:\/\/www.sabine-seyffert.de\/blog\/wp-content\/uploads\/2016\/06\/Bulgur-6.jpg\" alt=\"Bulgur 6\" width=\"800\" height=\"600\" srcset=\"https:\/\/www.sabine-seyffert.de\/blog\/wp-content\/uploads\/2016\/06\/Bulgur-6.jpg 800w, https:\/\/www.sabine-seyffert.de\/blog\/wp-content\/uploads\/2016\/06\/Bulgur-6-300x225.jpg 300w, https:\/\/www.sabine-seyffert.de\/blog\/wp-content\/uploads\/2016\/06\/Bulgur-6-768x576.jpg 768w\" sizes=\"auto, (max-width: 800px) 100vw, 800px\" \/><\/a><\/p>\n<p style=\"text-align: justify;\"><strong>Das wird gebraucht:<\/strong><br \/>\n250 gr Bulgur, 70 gr entsteinte Oliven, 1 gro\u00dfe Zwiebel, 1 Knoblauchzehe (wer mag), 3 Tomaten, 1 rote Paprika, 1 gelbe Paprika, 1 Bund Fr\u00fchlingszwiebeln, 1 Bund glatte Petersilie, 1 Dose Mais, 2 Essl\u00f6ffel Balsamico dunkel, 5 Essl\u00f6ffel \u00d6l, 2 Essl\u00f6ffel Sojaso\u00dfe, 1 Essl\u00f6ffel Paprikamark, Salz, Pfeffer und Paprika edels\u00fc\u00df<\/p>\n<p style=\"text-align: center;\"><a href=\"http:\/\/www.sabine-seyffert.de\/blog\/wp-content\/uploads\/2016\/06\/Bulgur-4.jpg\" rel=\"attachment wp-att-7677\"><img loading=\"lazy\" decoding=\"async\" class=\"alignnone size-full wp-image-7677\" src=\"http:\/\/www.sabine-seyffert.de\/blog\/wp-content\/uploads\/2016\/06\/Bulgur-4.jpg\" alt=\"Bulgur 4\" width=\"800\" height=\"600\" srcset=\"https:\/\/www.sabine-seyffert.de\/blog\/wp-content\/uploads\/2016\/06\/Bulgur-4.jpg 800w, https:\/\/www.sabine-seyffert.de\/blog\/wp-content\/uploads\/2016\/06\/Bulgur-4-300x225.jpg 300w, https:\/\/www.sabine-seyffert.de\/blog\/wp-content\/uploads\/2016\/06\/Bulgur-4-768x576.jpg 768w\" sizes=\"auto, (max-width: 800px) 100vw, 800px\" \/><\/a><\/p>\n<p style=\"text-align: justify;\"><strong>So wird\u2019s gemacht:<\/strong><br \/>\nDen Bulgur kocht man nach Packungsanweisung. Er darf ruhig bissfest sein. Wenn man ihn direkt weiterverarbeiten m\u00f6chte, k\u00fchlt man ihn kurz unter kaltem Wasser ab.<\/p>\n<p style=\"text-align: center;\"><a href=\"http:\/\/www.sabine-seyffert.de\/blog\/wp-content\/uploads\/2016\/06\/Bulgur-3.jpg\" rel=\"attachment wp-att-7678\"><img loading=\"lazy\" decoding=\"async\" class=\"alignnone size-full wp-image-7678\" src=\"http:\/\/www.sabine-seyffert.de\/blog\/wp-content\/uploads\/2016\/06\/Bulgur-3.jpg\" alt=\"Bulgur 3\" width=\"800\" height=\"600\" srcset=\"https:\/\/www.sabine-seyffert.de\/blog\/wp-content\/uploads\/2016\/06\/Bulgur-3.jpg 800w, https:\/\/www.sabine-seyffert.de\/blog\/wp-content\/uploads\/2016\/06\/Bulgur-3-300x225.jpg 300w, https:\/\/www.sabine-seyffert.de\/blog\/wp-content\/uploads\/2016\/06\/Bulgur-3-768x576.jpg 768w\" sizes=\"auto, (max-width: 800px) 100vw, 800px\" \/><\/a><\/p>\n<p style=\"text-align: justify;\">Die Zwiebel wird gesch\u00e4lt und m\u00f6glichst klein gew\u00fcrfelt, die Fr\u00fchlingszwiebeln gewaschen, abgetrocknet und in d\u00fcnne Ringe geschnitten. Paprika und Tomaten werden ebenfalls von Kernen und Stiel befreit und klein geschnitten. Zuletzt gibt man die in Scheiben geschnittenen Oliven und den Mais hinzu.<\/p>\n<p style=\"text-align: center;\"><a href=\"http:\/\/www.sabine-seyffert.de\/blog\/wp-content\/uploads\/2016\/06\/Bulgur-5.jpg\" rel=\"attachment wp-att-7679\"><img loading=\"lazy\" decoding=\"async\" class=\"alignnone size-full wp-image-7679\" src=\"http:\/\/www.sabine-seyffert.de\/blog\/wp-content\/uploads\/2016\/06\/Bulgur-5.jpg\" alt=\"Bulgur 5\" width=\"800\" height=\"623\" srcset=\"https:\/\/www.sabine-seyffert.de\/blog\/wp-content\/uploads\/2016\/06\/Bulgur-5.jpg 800w, https:\/\/www.sabine-seyffert.de\/blog\/wp-content\/uploads\/2016\/06\/Bulgur-5-300x234.jpg 300w, https:\/\/www.sabine-seyffert.de\/blog\/wp-content\/uploads\/2016\/06\/Bulgur-5-768x598.jpg 768w\" sizes=\"auto, (max-width: 800px) 100vw, 800px\" \/><\/a><\/p>\n<p style=\"text-align: justify;\">Aus dem dunklen Balsamico Essig, Sojaso\u00dfe, \u00d6l, Knoblauch, Paprikamark und den Gew\u00fcrzen r\u00fchrt man ein w\u00fcrziges Dressing an und schmeckt es vor dem Unterr\u00fchren gut ab.<\/p>\n<p style=\"text-align: center;\"><a href=\"http:\/\/www.sabine-seyffert.de\/blog\/wp-content\/uploads\/2016\/06\/Bulgur-2.jpg\" rel=\"attachment wp-att-7680\"><img loading=\"lazy\" decoding=\"async\" class=\"alignnone size-full wp-image-7680\" src=\"http:\/\/www.sabine-seyffert.de\/blog\/wp-content\/uploads\/2016\/06\/Bulgur-2.jpg\" alt=\"Bulgur 2\" width=\"800\" height=\"600\" srcset=\"https:\/\/www.sabine-seyffert.de\/blog\/wp-content\/uploads\/2016\/06\/Bulgur-2.jpg 800w, https:\/\/www.sabine-seyffert.de\/blog\/wp-content\/uploads\/2016\/06\/Bulgur-2-300x225.jpg 300w, https:\/\/www.sabine-seyffert.de\/blog\/wp-content\/uploads\/2016\/06\/Bulgur-2-768x576.jpg 768w\" sizes=\"auto, (max-width: 800px) 100vw, 800px\" \/><\/a><\/p>\n<p style=\"text-align: justify;\">Die Petersilie w\u00e4scht man gut ab, trocknet sie und zerkleinert sie entweder mit einem Wiegemesser oder mit Hilfe einer Schere wie in <a href=\"http:\/\/www.sabine-seyffert.de\/blog\/?p=2066\" target=\"_blank\">diesem Rezept<\/a> detailliert beschrieben. Anschlie\u00dfend gibt man auch die Petersilie zum Salat und r\u00fchrt alles gut um. Vor dem Verzehr sollte man den Salat mindestens ein bis zwei Stunden gut durchziehen lassen, damit er w\u00fcrziger schmeckt. Als Beilage eignet sich frisches Baguette.<\/p>\n<p style=\"text-align: center;\"><a href=\"http:\/\/www.sabine-seyffert.de\/blog\/wp-content\/uploads\/2016\/06\/Bulgur-1.jpg\" rel=\"attachment wp-att-7681\"><img loading=\"lazy\" decoding=\"async\" class=\"alignnone size-full wp-image-7681\" src=\"http:\/\/www.sabine-seyffert.de\/blog\/wp-content\/uploads\/2016\/06\/Bulgur-1.jpg\" alt=\"Bulgur 1\" width=\"800\" height=\"600\" srcset=\"https:\/\/www.sabine-seyffert.de\/blog\/wp-content\/uploads\/2016\/06\/Bulgur-1.jpg 800w, https:\/\/www.sabine-seyffert.de\/blog\/wp-content\/uploads\/2016\/06\/Bulgur-1-300x225.jpg 300w, https:\/\/www.sabine-seyffert.de\/blog\/wp-content\/uploads\/2016\/06\/Bulgur-1-768x576.jpg 768w\" sizes=\"auto, (max-width: 800px) 100vw, 800px\" \/><\/a><\/p>\n<p style=\"text-align: justify;\">Weitere vegane Rezeptideen findet Ihr \u00fcbrigens in <a href=\"http:\/\/www.sabine-seyffert.de\/blog\/?cat=44\" target=\"_blank\">dieser Rubrik<\/a> und herzhafte Rezepte <a href=\"http:\/\/www.sabine-seyffert.de\/blog\/?cat=30\" target=\"_blank\">dort<\/a>!<\/p>\n<p style=\"text-align: justify;\"><a href=\"http:\/\/www.sabine-seyffert.de\/blog\/?page_id=32#urheberrecht\">urheberrechtlich gesch\u00fctzt<\/a>, \u00a9 Sabine Seyffert<\/p>\n","protected":false},"excerpt":{"rendered":"<p>F\u00fcr Salate bin ich immer zu haben. Auch gerne als vollwertige Mittagsmahlzeit. Einen \u00e4hnlichen Salat habe ich Euch schon einmal in vegetarischer Variante gezeigt. Diesmal kommt die w\u00fcrzige, vegane Ausf\u00fchrung. Das sch\u00f6ne an diesem Salat ist, man kann diesen wunderbar am Vortag zubereiten und ihn \u00fcber Nacht ziehen lassen. Dann wird der Salat noch aromatischer!&#8230; <a href=\"https:\/\/www.sabine-seyffert.de\/blog\/sommerliche-salaltliebe-fuer-die-gartenparty-oder-als-mittagessen-frischen-bulgur-salat-wuerzig-und-vegan\/\" class=\"more-link\">Read more: Sommerliche Salatliebe f\u00fcr die Gartenparty oder als Mittagessen: Frischen Bulgur Salat, w\u00fcrzig und vegan!<\/a><\/p>\n","protected":false},"author":2,"featured_media":7680,"comment_status":"open","ping_status":"open","sticky":false,"template":"","format":"standard","meta":{"_metis_text_type":"","_metis_text_length":1896,"_post_count":0,"footnotes":""},"categories":[44,30],"tags":[],"class_list":["post-7675","post","type-post","status-publish","format-standard","has-post-thumbnail","hentry","category-rezepte-vegan","category-rezepte-herzhaft"],"_links":{"self":[{"href":"https:\/\/www.sabine-seyffert.de\/blog\/wp-json\/wp\/v2\/posts\/7675","targetHints":{"allow":["GET"]}}],"collection":[{"href":"https:\/\/www.sabine-seyffert.de\/blog\/wp-json\/wp\/v2\/posts"}],"about":[{"href":"https:\/\/www.sabine-seyffert.de\/blog\/wp-json\/wp\/v2\/types\/post"}],"author":[{"embeddable":true,"href":"https:\/\/www.sabine-seyffert.de\/blog\/wp-json\/wp\/v2\/users\/2"}],"replies":[{"embeddable":true,"href":"https:\/\/www.sabine-seyffert.de\/blog\/wp-json\/wp\/v2\/comments?post=7675"}],"version-history":[{"count":4,"href":"https:\/\/www.sabine-seyffert.de\/blog\/wp-json\/wp\/v2\/posts\/7675\/revisions"}],"predecessor-version":[{"id":7685,"href":"https:\/\/www.sabine-seyffert.de\/blog\/wp-json\/wp\/v2\/posts\/7675\/revisions\/7685"}],"wp:featuredmedia":[{"embeddable":true,"href":"https:\/\/www.sabine-seyffert.de\/blog\/wp-json\/wp\/v2\/media\/7680"}],"wp:attachment":[{"href":"https:\/\/www.sabine-seyffert.de\/blog\/wp-json\/wp\/v2\/media?parent=7675"}],"wp:term":[{"taxonomy":"category","embeddable":true,"href":"https:\/\/www.sabine-seyffert.de\/blog\/wp-json\/wp\/v2\/categories?post=7675"},{"taxonomy":"post_tag","embeddable":true,"href":"https:\/\/www.sabine-seyffert.de\/blog\/wp-json\/wp\/v2\/tags?post=7675"}],"curies":[{"name":"wp","href":"https:\/\/api.w.org\/{rel}","templated":true}]}}