{"id":7661,"date":"2016-06-21T05:42:11","date_gmt":"2016-06-21T03:42:11","guid":{"rendered":"http:\/\/www.sabine-seyffert.de\/blog\/?p=7661"},"modified":"2017-03-01T14:22:27","modified_gmt":"2017-03-01T12:22:27","slug":"unterwasserfest-maritimes-als-partydeko-viele-blaue-welle-schaukeln-auf-dem-weiten-meer","status":"publish","type":"post","link":"https:\/\/www.sabine-seyffert.de\/blog\/unterwasserfest-maritimes-als-partydeko-viele-blaue-welle-schaukeln-auf-dem-weiten-meer\/","title":{"rendered":"Unterwasserfest: Maritimes als Partydeko \u2013 viele blaue Welle schaukeln auf dem weiten Meer\u2026"},"content":{"rendered":"<p style=\"text-align: justify;\"><img loading=\"lazy\" decoding=\"async\" src=\"https:\/\/ssl-vg03.met.vgwort.de\/na\/03d9762282564d93920b8437f236f183\" alt=\"\" width=\"1\" height=\"1\" \/>Bevor der Kindergeburtstag nun langsam zu Ende geht, m\u00f6chte ich Euch noch zeigen, mit welcher Deko die Geburtstagsg\u00e4ste hier begr\u00fc\u00dft wurden:<\/p>\n<p style=\"text-align: center;\"><a href=\"http:\/\/www.sabine-seyffert.de\/blog\/wp-content\/uploads\/2016\/06\/B-1-1.jpg\" rel=\"attachment wp-att-7662\"><img loading=\"lazy\" decoding=\"async\" class=\"alignnone size-full wp-image-7662\" src=\"http:\/\/www.sabine-seyffert.de\/blog\/wp-content\/uploads\/2016\/06\/B-1-1.jpg\" alt=\"B 1\" width=\"600\" height=\"800\" srcset=\"https:\/\/www.sabine-seyffert.de\/blog\/wp-content\/uploads\/2016\/06\/B-1-1.jpg 600w, https:\/\/www.sabine-seyffert.de\/blog\/wp-content\/uploads\/2016\/06\/B-1-1-225x300.jpg 225w\" sizes=\"auto, (max-width: 600px) 100vw, 600px\" \/><\/a><\/p>\n<p style=\"text-align: justify;\">Wenn eine Sache zu einer waschechten Unterwasserparty geh\u00f6rt, dann ist das nat\u00fcrlich das Meer mit seinen unendlichen Tiefen samt seiner Wellen, die unaufh\u00f6rlich in Bewegung sind. Doch das bekommt man nicht wirklich gut ins Kinderzimmer, au\u00dfer man w\u00fcrde dieses fluten\u2026 Also musste eine Alternative her und diese kam wie ein Blitz vom Himmel!<\/p>\n<p style=\"text-align: center;\"><a href=\"http:\/\/www.sabine-seyffert.de\/blog\/wp-content\/uploads\/2016\/06\/B-8.jpg\" rel=\"attachment wp-att-7663\"><img loading=\"lazy\" decoding=\"async\" class=\"alignnone size-full wp-image-7663\" src=\"http:\/\/www.sabine-seyffert.de\/blog\/wp-content\/uploads\/2016\/06\/B-8.jpg\" alt=\"B\" width=\"800\" height=\"600\" srcset=\"https:\/\/www.sabine-seyffert.de\/blog\/wp-content\/uploads\/2016\/06\/B-8.jpg 800w, https:\/\/www.sabine-seyffert.de\/blog\/wp-content\/uploads\/2016\/06\/B-8-300x225.jpg 300w, https:\/\/www.sabine-seyffert.de\/blog\/wp-content\/uploads\/2016\/06\/B-8-768x576.jpg 768w\" sizes=\"auto, (max-width: 800px) 100vw, 800px\" \/><\/a><\/p>\n<p style=\"text-align: justify;\"><strong>Das wird gebraucht:<\/strong><br \/>\nSchere, N\u00e4hgarn, N\u00e4hmaschine, fester Tonkarton \/ Fotokarton in mindestens drei verschiedenen Blaut\u00f6nen<\/p>\n<p style=\"text-align: center;\"><a href=\"http:\/\/www.sabine-seyffert.de\/blog\/wp-content\/uploads\/2016\/06\/B-6-1.jpg\" rel=\"attachment wp-att-7664\"><img loading=\"lazy\" decoding=\"async\" class=\"alignnone size-full wp-image-7664\" src=\"http:\/\/www.sabine-seyffert.de\/blog\/wp-content\/uploads\/2016\/06\/B-6-1.jpg\" alt=\"B 6\" width=\"800\" height=\"600\" srcset=\"https:\/\/www.sabine-seyffert.de\/blog\/wp-content\/uploads\/2016\/06\/B-6-1.jpg 800w, https:\/\/www.sabine-seyffert.de\/blog\/wp-content\/uploads\/2016\/06\/B-6-1-300x225.jpg 300w, https:\/\/www.sabine-seyffert.de\/blog\/wp-content\/uploads\/2016\/06\/B-6-1-768x576.jpg 768w\" sizes=\"auto, (max-width: 800px) 100vw, 800px\" \/><\/a><\/p>\n<p style=\"text-align: justify;\"><strong>So wird\u2019s gemacht:<\/strong><br \/>\nVon den Vorbereitungen und diversen Basteleien f\u00fcr den geplanten <a href=\"http:\/\/www.sabine-seyffert.de\/blog\/?cat=50\" target=\"_blank\">Unterwassergeburtstag<\/a> hatte ich noch einen kleinen Rest von blauem Tonkarton \u00fcbrig. An dem habe ich mich mit einer scharfen Schere ausgelassen, in dem ich das restliche St\u00fcck Papier in unz\u00e4hlige Wellen unterschiedlicher Gr\u00f6\u00dfe geschnitten habe. Sind gen\u00fcgend geschnittene Papierwellen vorhanden, setzt man sich damit an die N\u00e4hmaschine.<\/p>\n<p style=\"text-align: center;\"><a href=\"http:\/\/www.sabine-seyffert.de\/blog\/wp-content\/uploads\/2016\/06\/B-7-1.jpg\" rel=\"attachment wp-att-7665\"><img loading=\"lazy\" decoding=\"async\" class=\"alignnone size-full wp-image-7665\" src=\"http:\/\/www.sabine-seyffert.de\/blog\/wp-content\/uploads\/2016\/06\/B-7-1.jpg\" alt=\"B 7\" width=\"800\" height=\"600\" srcset=\"https:\/\/www.sabine-seyffert.de\/blog\/wp-content\/uploads\/2016\/06\/B-7-1.jpg 800w, https:\/\/www.sabine-seyffert.de\/blog\/wp-content\/uploads\/2016\/06\/B-7-1-300x225.jpg 300w, https:\/\/www.sabine-seyffert.de\/blog\/wp-content\/uploads\/2016\/06\/B-7-1-768x576.jpg 768w\" sizes=\"auto, (max-width: 800px) 100vw, 800px\" \/><\/a><\/p>\n<p style=\"text-align: justify;\">Zuerst zieht man Ober- und Unterfaden etwa rund 10 cm raus, damit man dieses St\u00fcck Garn verknoten und als Schlaufe zum Aufh\u00e4ngen und Befestigen nutzen kann. Dann geht es los. Nun legt man die erste Papierwelle unter die Nadel und n\u00e4ht mit einer einfachen Naht mehrere Wellen untereinander.<\/p>\n<p style=\"text-align: center;\"><a href=\"http:\/\/www.sabine-seyffert.de\/blog\/wp-content\/uploads\/2016\/06\/B-5-1.jpg\" rel=\"attachment wp-att-7666\"><img loading=\"lazy\" decoding=\"async\" class=\"alignnone size-full wp-image-7666\" src=\"http:\/\/www.sabine-seyffert.de\/blog\/wp-content\/uploads\/2016\/06\/B-5-1.jpg\" alt=\"B 5\" width=\"600\" height=\"800\" srcset=\"https:\/\/www.sabine-seyffert.de\/blog\/wp-content\/uploads\/2016\/06\/B-5-1.jpg 600w, https:\/\/www.sabine-seyffert.de\/blog\/wp-content\/uploads\/2016\/06\/B-5-1-225x300.jpg 225w\" sizes=\"auto, (max-width: 600px) 100vw, 600px\" \/><\/a><\/p>\n<p style=\"text-align: justify;\">Meine Wellen habe ich immer ein wenig versetzt gen\u00e4ht (mal nach rechts mal mehr nach links). Dennoch sollte man beim Vern\u00e4hen darauf achten, dass der Schwerpunkt ungef\u00e4hr mittig liegt, damit sich die Wellen am Band dann hinterher auch gut bewegen und in sich drehen k\u00f6nnen.<\/p>\n<p style=\"text-align: center;\"><a href=\"http:\/\/www.sabine-seyffert.de\/blog\/wp-content\/uploads\/2016\/06\/B-2-1.jpg\" rel=\"attachment wp-att-7668\"><img loading=\"lazy\" decoding=\"async\" class=\"alignnone size-full wp-image-7668\" src=\"http:\/\/www.sabine-seyffert.de\/blog\/wp-content\/uploads\/2016\/06\/B-2-1.jpg\" alt=\"B 2\" width=\"600\" height=\"800\" srcset=\"https:\/\/www.sabine-seyffert.de\/blog\/wp-content\/uploads\/2016\/06\/B-2-1.jpg 600w, https:\/\/www.sabine-seyffert.de\/blog\/wp-content\/uploads\/2016\/06\/B-2-1-225x300.jpg 225w\" sizes=\"auto, (max-width: 600px) 100vw, 600px\" \/><\/a><\/p>\n<p style=\"text-align: justify;\">Falls das verwendete Papier nicht schwer genug sein sollte, befestigt am Ende Unten einfach eine kleine, blaue Holzperle. In der Art, wie ich es bei dieser <a href=\"http:\/\/www.sabine-seyffert.de\/blog\/?p=6862\" target=\"_blank\">DIY Bastelidee<\/a> getan habe. Dann werden die gen\u00e4hten Girlanden etwas \u201ebeschwert\u201c und drehen sich besser.<\/p>\n<p style=\"text-align: center;\"><a href=\"http:\/\/www.sabine-seyffert.de\/blog\/wp-content\/uploads\/2016\/06\/B-4-1.jpg\" rel=\"attachment wp-att-7669\"><img loading=\"lazy\" decoding=\"async\" class=\"alignnone size-full wp-image-7669\" src=\"http:\/\/www.sabine-seyffert.de\/blog\/wp-content\/uploads\/2016\/06\/B-4-1.jpg\" alt=\"B 4\" width=\"600\" height=\"800\" srcset=\"https:\/\/www.sabine-seyffert.de\/blog\/wp-content\/uploads\/2016\/06\/B-4-1.jpg 600w, https:\/\/www.sabine-seyffert.de\/blog\/wp-content\/uploads\/2016\/06\/B-4-1-225x300.jpg 225w\" sizes=\"auto, (max-width: 600px) 100vw, 600px\" \/><\/a><\/p>\n<p style=\"text-align: justify;\"><strong>Ein kleiner Tipp:<\/strong><br \/>\nDamit sich diese gen\u00e4hte Deko gut wieder verwenden l\u00e4sst, stecke ich jede der Girlanden in eine Prospekth\u00fclle. So hat man diese jederzeit zum Dekorieren zur Hand und muss diese nicht erst m\u00fchsam entwirren. Entweder man heftet die H\u00fcllen in einen Ordner oder verwahrt diese in einem Schuhkarton im Schrank.<\/p>\n<p style=\"text-align: center;\"><a href=\"http:\/\/www.sabine-seyffert.de\/blog\/wp-content\/uploads\/2016\/06\/B-3-1.jpg\" rel=\"attachment wp-att-7670\"><img loading=\"lazy\" decoding=\"async\" class=\"alignnone size-full wp-image-7670\" src=\"http:\/\/www.sabine-seyffert.de\/blog\/wp-content\/uploads\/2016\/06\/B-3-1.jpg\" alt=\"B 3\" width=\"800\" height=\"600\" srcset=\"https:\/\/www.sabine-seyffert.de\/blog\/wp-content\/uploads\/2016\/06\/B-3-1.jpg 800w, https:\/\/www.sabine-seyffert.de\/blog\/wp-content\/uploads\/2016\/06\/B-3-1-300x225.jpg 300w, https:\/\/www.sabine-seyffert.de\/blog\/wp-content\/uploads\/2016\/06\/B-3-1-768x576.jpg 768w\" sizes=\"auto, (max-width: 800px) 100vw, 800px\" \/><\/a><\/p>\n<p style=\"text-align: justify;\">Alle bisherigen Ideen zum Unterwasserfest findet Ihr <a href=\"http:\/\/www.sabine-seyffert.de\/blog\/?cat=50\" target=\"_blank\">hier<\/a>, alles zum Thema &#8220;Mit Kindern feiern&#8221; <a href=\"http:\/\/www.sabine-seyffert.de\/blog\/?cat=21\" target=\"_blank\">da<\/a>, gen\u00e4htes <a href=\"http:\/\/www.sabine-seyffert.de\/blog\/?cat=33\" target=\"_blank\">dort <\/a>und andere kreative Sachen werden an <a href=\"http:\/\/www.creadienstag.de\/2016\/06\/233.html\" target=\"_blank\">dieser<\/a> Stelle gesammelt.<\/p>\n<p><a href=\"http:\/\/www.sabine-seyffert.de\/blog\/?page_id=32#urheberrecht\">urheberrechtlich gesch\u00fctzt<\/a>, \u00a9 Sabine Seyffert<\/p>\n","protected":false},"excerpt":{"rendered":"<p>Bevor der Kindergeburtstag nun langsam zu Ende geht, m\u00f6chte ich Euch noch zeigen, mit welcher Deko die Geburtstagsg\u00e4ste hier begr\u00fc\u00dft wurden: Wenn eine Sache zu einer waschechten Unterwasserparty geh\u00f6rt, dann ist das nat\u00fcrlich das Meer mit seinen unendlichen Tiefen samt seiner Wellen, die unaufh\u00f6rlich in Bewegung sind. Doch das bekommt man nicht wirklich gut ins&#8230; <a href=\"https:\/\/www.sabine-seyffert.de\/blog\/unterwasserfest-maritimes-als-partydeko-viele-blaue-welle-schaukeln-auf-dem-weiten-meer\/\" class=\"more-link\">Read more: Unterwasserfest: Maritimes als Partydeko \u2013 viele blaue Welle schaukeln auf dem weiten Meer\u2026<\/a><\/p>\n","protected":false},"author":2,"featured_media":7662,"comment_status":"open","ping_status":"open","sticky":false,"template":"","format":"standard","meta":{"_metis_text_type":"","_metis_text_length":2406,"_post_count":0,"footnotes":""},"categories":[12,33,50],"tags":[],"class_list":["post-7661","post","type-post","status-publish","format-standard","has-post-thumbnail","hentry","category-deko-ideen","category-kreative-naherein","category-unterwasserfest"],"_links":{"self":[{"href":"https:\/\/www.sabine-seyffert.de\/blog\/wp-json\/wp\/v2\/posts\/7661","targetHints":{"allow":["GET"]}}],"collection":[{"href":"https:\/\/www.sabine-seyffert.de\/blog\/wp-json\/wp\/v2\/posts"}],"about":[{"href":"https:\/\/www.sabine-seyffert.de\/blog\/wp-json\/wp\/v2\/types\/post"}],"author":[{"embeddable":true,"href":"https:\/\/www.sabine-seyffert.de\/blog\/wp-json\/wp\/v2\/users\/2"}],"replies":[{"embeddable":true,"href":"https:\/\/www.sabine-seyffert.de\/blog\/wp-json\/wp\/v2\/comments?post=7661"}],"version-history":[{"count":4,"href":"https:\/\/www.sabine-seyffert.de\/blog\/wp-json\/wp\/v2\/posts\/7661\/revisions"}],"predecessor-version":[{"id":7674,"href":"https:\/\/www.sabine-seyffert.de\/blog\/wp-json\/wp\/v2\/posts\/7661\/revisions\/7674"}],"wp:featuredmedia":[{"embeddable":true,"href":"https:\/\/www.sabine-seyffert.de\/blog\/wp-json\/wp\/v2\/media\/7662"}],"wp:attachment":[{"href":"https:\/\/www.sabine-seyffert.de\/blog\/wp-json\/wp\/v2\/media?parent=7661"}],"wp:term":[{"taxonomy":"category","embeddable":true,"href":"https:\/\/www.sabine-seyffert.de\/blog\/wp-json\/wp\/v2\/categories?post=7661"},{"taxonomy":"post_tag","embeddable":true,"href":"https:\/\/www.sabine-seyffert.de\/blog\/wp-json\/wp\/v2\/tags?post=7661"}],"curies":[{"name":"wp","href":"https:\/\/api.w.org\/{rel}","templated":true}]}}