{"id":7646,"date":"2016-06-18T07:39:25","date_gmt":"2016-06-18T05:39:25","guid":{"rendered":"http:\/\/www.sabine-seyffert.de\/blog\/?p=7646"},"modified":"2017-03-01T14:23:59","modified_gmt":"2017-03-01T12:23:59","slug":"unterwasserfest-geburtstagskuchen-einmal-anders-suesse-fische-delfine-und-wale-fuers-buffet","status":"publish","type":"post","link":"https:\/\/www.sabine-seyffert.de\/blog\/unterwasserfest-geburtstagskuchen-einmal-anders-suesse-fische-delfine-und-wale-fuers-buffet\/","title":{"rendered":"Unterwasserfest: Geburtstagskuchen einmal anders \u2013 s\u00fc\u00dfe Fische, Delfine und Wale f\u00fcrs Buffet"},"content":{"rendered":"<p style=\"text-align: justify;\"><img loading=\"lazy\" decoding=\"async\" src=\"https:\/\/ssl-vg03.met.vgwort.de\/na\/92d3616ede384858bec4388e41162614\" alt=\"\" width=\"1\" height=\"1\" \/>Was w\u00e4re ein Geburtstagsfest ohne einen leckeren Geburtstagskuchen? Sicher nur halb so sch\u00f6n. Bei uns geh\u00f6rt dieser bei jedem Geburtstag mit dazu.<\/p>\n<p style=\"text-align: center;\"><a href=\"http:\/\/www.sabine-seyffert.de\/blog\/wp-content\/uploads\/2016\/06\/A-1.jpg\" rel=\"attachment wp-att-7647\"><img loading=\"lazy\" decoding=\"async\" class=\"alignnone size-full wp-image-7647\" src=\"http:\/\/www.sabine-seyffert.de\/blog\/wp-content\/uploads\/2016\/06\/A-1.jpg\" alt=\"A\" width=\"800\" height=\"600\" srcset=\"https:\/\/www.sabine-seyffert.de\/blog\/wp-content\/uploads\/2016\/06\/A-1.jpg 800w, https:\/\/www.sabine-seyffert.de\/blog\/wp-content\/uploads\/2016\/06\/A-1-300x225.jpg 300w, https:\/\/www.sabine-seyffert.de\/blog\/wp-content\/uploads\/2016\/06\/A-1-768x576.jpg 768w\" sizes=\"auto, (max-width: 800px) 100vw, 800px\" \/><\/a><\/p>\n<p style=\"text-align: justify;\">Und bei der <a href=\"http:\/\/www.sabine-seyffert.de\/blog\/?cat=50\" target=\"_blank\">Unterwasserparty<\/a> hatte ich das gro\u00dfe Gl\u00fcck, dass das Geburtstagskind die Leckerei von seiner gro\u00dfen Schwester serviert bekam. Die hatte, w\u00e4hrend ich die gesamte Deko im Zimmer nebenan ins Szene setzte, in der K\u00fcche gewerkelt und bis sp\u00e4t am Abend einen wunderbaren Kuchen gezaubert: Ein kugelrunder, fr\u00f6hlicher Fisch!<\/p>\n<p style=\"text-align: center;\"><a href=\"http:\/\/www.sabine-seyffert.de\/blog\/wp-content\/uploads\/2016\/06\/Fischkuchen.jpg\" rel=\"attachment wp-att-7648\"><img loading=\"lazy\" decoding=\"async\" class=\"alignnone size-full wp-image-7648\" src=\"http:\/\/www.sabine-seyffert.de\/blog\/wp-content\/uploads\/2016\/06\/Fischkuchen.jpg\" alt=\"Fischkuchen\" width=\"800\" height=\"600\" srcset=\"https:\/\/www.sabine-seyffert.de\/blog\/wp-content\/uploads\/2016\/06\/Fischkuchen.jpg 800w, https:\/\/www.sabine-seyffert.de\/blog\/wp-content\/uploads\/2016\/06\/Fischkuchen-300x225.jpg 300w, https:\/\/www.sabine-seyffert.de\/blog\/wp-content\/uploads\/2016\/06\/Fischkuchen-768x576.jpg 768w\" sizes=\"auto, (max-width: 800px) 100vw, 800px\" \/><\/a><\/p>\n<p style=\"text-align: justify;\">Dieser besteht aus mehreren Teilen: Zum einen braucht man einen runden Kuchen aus einer kleineren Springform, der f\u00fcr den Fischkopf und die Hinterflosse ben\u00f6tigt wird. Der Fischbauch dagegen ist aus vielen Mini Muffins zusammengesetzt. Eine \u00fcberaus praktische Gr\u00f6\u00dfe, ganz Kindermund gerecht \ud83d\ude42<\/p>\n<p style=\"text-align: center;\"><a href=\"http:\/\/www.sabine-seyffert.de\/blog\/wp-content\/uploads\/2016\/06\/Wale-Fontaine.jpg\" rel=\"attachment wp-att-7649\"><img loading=\"lazy\" decoding=\"async\" class=\"alignnone size-full wp-image-7649\" src=\"http:\/\/www.sabine-seyffert.de\/blog\/wp-content\/uploads\/2016\/06\/Wale-Fontaine.jpg\" alt=\"Wale Fontaine\" width=\"800\" height=\"600\" srcset=\"https:\/\/www.sabine-seyffert.de\/blog\/wp-content\/uploads\/2016\/06\/Wale-Fontaine.jpg 800w, https:\/\/www.sabine-seyffert.de\/blog\/wp-content\/uploads\/2016\/06\/Wale-Fontaine-300x225.jpg 300w, https:\/\/www.sabine-seyffert.de\/blog\/wp-content\/uploads\/2016\/06\/Wale-Fontaine-768x576.jpg 768w\" sizes=\"auto, (max-width: 800px) 100vw, 800px\" \/><\/a><\/p>\n<p style=\"text-align: justify;\">Ich f\u00fcr meinen Teil habe f\u00fcr die kleinen Partyg\u00e4ste ein Blech mit Walen gebacken. Den Teig daf\u00fcr habe ich aus <a href=\"http:\/\/www.sabine-seyffert.de\/blog\/?p=178\" target=\"_blank\">diesem Rezept<\/a> und einfach nur die Form abge\u00e4ndert.<\/p>\n<p style=\"text-align: center;\"><a href=\"http:\/\/www.sabine-seyffert.de\/blog\/wp-content\/uploads\/2016\/06\/Wale-allover.jpg\" rel=\"attachment wp-att-7650\"><img loading=\"lazy\" decoding=\"async\" class=\"alignnone size-full wp-image-7650\" src=\"http:\/\/www.sabine-seyffert.de\/blog\/wp-content\/uploads\/2016\/06\/Wale-allover.jpg\" alt=\"Wale allover\" width=\"800\" height=\"600\" srcset=\"https:\/\/www.sabine-seyffert.de\/blog\/wp-content\/uploads\/2016\/06\/Wale-allover.jpg 800w, https:\/\/www.sabine-seyffert.de\/blog\/wp-content\/uploads\/2016\/06\/Wale-allover-300x225.jpg 300w, https:\/\/www.sabine-seyffert.de\/blog\/wp-content\/uploads\/2016\/06\/Wale-allover-768x576.jpg 768w\" sizes=\"auto, (max-width: 800px) 100vw, 800px\" \/><\/a><\/p>\n<p style=\"text-align: justify;\">Der Wal Ausstecher hat eine tolle Gr\u00f6\u00dfe und passt perfekt in eine Kinderhand. Kr\u00fcmeln tut da gl\u00fccklicherweise auch nicht wirklich viel. Wem das zu wenig \u201es\u00fc\u00df\u201c ist, der kann die fertig gebackenen Wale auch einfach noch mit Puderzucker best\u00e4uben.<\/p>\n<p style=\"text-align: center;\"><a href=\"http:\/\/www.sabine-seyffert.de\/blog\/wp-content\/uploads\/2016\/06\/Defintrio.jpg\" rel=\"attachment wp-att-7651\"><img loading=\"lazy\" decoding=\"async\" class=\"alignnone size-full wp-image-7651\" src=\"http:\/\/www.sabine-seyffert.de\/blog\/wp-content\/uploads\/2016\/06\/Defintrio.jpg\" alt=\"Defintrio\" width=\"800\" height=\"600\" srcset=\"https:\/\/www.sabine-seyffert.de\/blog\/wp-content\/uploads\/2016\/06\/Defintrio.jpg 800w, https:\/\/www.sabine-seyffert.de\/blog\/wp-content\/uploads\/2016\/06\/Defintrio-300x225.jpg 300w, https:\/\/www.sabine-seyffert.de\/blog\/wp-content\/uploads\/2016\/06\/Defintrio-768x576.jpg 768w\" sizes=\"auto, (max-width: 800px) 100vw, 800px\" \/><\/a><\/p>\n<p style=\"text-align: justify;\">Au\u00dferdem habe ich aus einem einfachen Pl\u00e4tzchenteig, wie er aus <a href=\"http:\/\/www.sabine-seyffert.de\/blog\/?p=7044\" target=\"_blank\">dieser pfiffigen Backidee<\/a> stammt, allerhand essbare Meerestiere in vegetarischer Form gebacken.<\/p>\n<p style=\"text-align: center;\"><a href=\"http:\/\/www.sabine-seyffert.de\/blog\/wp-content\/uploads\/2016\/06\/Delfinausstecher-auf-Teig.jpg\" rel=\"attachment wp-att-7652\"><img loading=\"lazy\" decoding=\"async\" class=\"alignnone size-full wp-image-7652\" src=\"http:\/\/www.sabine-seyffert.de\/blog\/wp-content\/uploads\/2016\/06\/Delfinausstecher-auf-Teig.jpg\" alt=\"Delfinausstecher auf Teig\" width=\"800\" height=\"600\" srcset=\"https:\/\/www.sabine-seyffert.de\/blog\/wp-content\/uploads\/2016\/06\/Delfinausstecher-auf-Teig.jpg 800w, https:\/\/www.sabine-seyffert.de\/blog\/wp-content\/uploads\/2016\/06\/Delfinausstecher-auf-Teig-300x225.jpg 300w, https:\/\/www.sabine-seyffert.de\/blog\/wp-content\/uploads\/2016\/06\/Delfinausstecher-auf-Teig-768x576.jpg 768w\" sizes=\"auto, (max-width: 800px) 100vw, 800px\" \/><\/a><\/p>\n<p style=\"text-align: justify;\">Einen Schwung an knusprigen Delfinen mit Mini Schokoladenauge sowie ein ganzer, gro\u00dfer Schwarm kleiner Fische. Diese haben allesamt ein buntes Auge aus Smarties bekommen, die ich mit Hilfe von geschmolzener Kuvert\u00fcre angebracht habe.<\/p>\n<p style=\"text-align: center;\"><a href=\"http:\/\/www.sabine-seyffert.de\/blog\/wp-content\/uploads\/2016\/06\/fische.jpg\" rel=\"attachment wp-att-7653\"><img loading=\"lazy\" decoding=\"async\" class=\"alignnone size-full wp-image-7653\" src=\"http:\/\/www.sabine-seyffert.de\/blog\/wp-content\/uploads\/2016\/06\/fische.jpg\" alt=\"fische\" width=\"800\" height=\"600\" srcset=\"https:\/\/www.sabine-seyffert.de\/blog\/wp-content\/uploads\/2016\/06\/fische.jpg 800w, https:\/\/www.sabine-seyffert.de\/blog\/wp-content\/uploads\/2016\/06\/fische-300x225.jpg 300w, https:\/\/www.sabine-seyffert.de\/blog\/wp-content\/uploads\/2016\/06\/fische-768x576.jpg 768w\" sizes=\"auto, (max-width: 800px) 100vw, 800px\" \/><\/a><\/p>\n<p style=\"text-align: justify;\">Einige der Fische sind sogar an einen Stiel geschwommen \u2013 Kekse am Stiel gehen ja immer. Erst recht zu einem Kindergeburtstag. Und weil mir diese so gut gefielen, habe ich f\u00fcr jeden der Geburtstagsg\u00e4ste noch einen Fisch am Stiel verpackt. Diesen durften am Schluss unserer Feier alle als Andenken mit nach Hause nehmen.<\/p>\n<p style=\"text-align: center;\"><a href=\"http:\/\/www.sabine-seyffert.de\/blog\/wp-content\/uploads\/2016\/06\/Fischkekse-rand-mit-Kordel.jpg\" rel=\"attachment wp-att-7654\"><img loading=\"lazy\" decoding=\"async\" class=\"alignnone size-full wp-image-7654\" src=\"http:\/\/www.sabine-seyffert.de\/blog\/wp-content\/uploads\/2016\/06\/Fischkekse-rand-mit-Kordel.jpg\" alt=\"Fischkekse rand mit Kordel\" width=\"800\" height=\"600\" srcset=\"https:\/\/www.sabine-seyffert.de\/blog\/wp-content\/uploads\/2016\/06\/Fischkekse-rand-mit-Kordel.jpg 800w, https:\/\/www.sabine-seyffert.de\/blog\/wp-content\/uploads\/2016\/06\/Fischkekse-rand-mit-Kordel-300x225.jpg 300w, https:\/\/www.sabine-seyffert.de\/blog\/wp-content\/uploads\/2016\/06\/Fischkekse-rand-mit-Kordel-768x576.jpg 768w\" sizes=\"auto, (max-width: 800px) 100vw, 800px\" \/><\/a><\/p>\n<p style=\"text-align: justify;\">Alle Ideen zum Unterwasserfest findet Ihr in <a href=\"http:\/\/www.sabine-seyffert.de\/blog\/?cat=50\" target=\"_blank\">dieser Rubrik<\/a>, alles zum Thema Feiern mit Kindern <a href=\"http:\/\/www.sabine-seyffert.de\/blog\/?cat=21\" target=\"_blank\">dort<\/a>, s\u00fc\u00dfe Rezepte <a href=\"http:\/\/www.sabine-seyffert.de\/blog\/?cat=31\" target=\"_blank\">da<\/a>, Geschenke aus der K\u00fcche <a href=\"http:\/\/www.sabine-seyffert.de\/blog\/?cat=43\" target=\"_blank\">hier<\/a> und andere kreative Sachen tummeln sich <a href=\"http:\/\/www.creadienstag.de\/2016\/06\/233.html\" target=\"_blank\">dort<\/a>.<\/p>\n<p style=\"text-align: center;\"><a href=\"http:\/\/www.sabine-seyffert.de\/blog\/wp-content\/uploads\/2016\/06\/Fischkekse-verpackt.jpg\" rel=\"attachment wp-att-7655\"><img loading=\"lazy\" decoding=\"async\" class=\"alignnone size-full wp-image-7655\" src=\"http:\/\/www.sabine-seyffert.de\/blog\/wp-content\/uploads\/2016\/06\/Fischkekse-verpackt.jpg\" alt=\"Fischkekse verpackt\" width=\"800\" height=\"600\" srcset=\"https:\/\/www.sabine-seyffert.de\/blog\/wp-content\/uploads\/2016\/06\/Fischkekse-verpackt.jpg 800w, https:\/\/www.sabine-seyffert.de\/blog\/wp-content\/uploads\/2016\/06\/Fischkekse-verpackt-300x225.jpg 300w, https:\/\/www.sabine-seyffert.de\/blog\/wp-content\/uploads\/2016\/06\/Fischkekse-verpackt-768x576.jpg 768w\" sizes=\"auto, (max-width: 800px) 100vw, 800px\" \/><\/a><\/p>\n<p><a href=\"http:\/\/www.sabine-seyffert.de\/blog\/?page_id=32#urheberrecht\">urheberrechtlich gesch\u00fctzt<\/a>, \u00a9 Sabine Seyffert<\/p>\n","protected":false},"excerpt":{"rendered":"<p>Was w\u00e4re ein Geburtstagsfest ohne einen leckeren Geburtstagskuchen? Sicher nur halb so sch\u00f6n. Bei uns geh\u00f6rt dieser bei jedem Geburtstag mit dazu. Und bei der Unterwasserparty hatte ich das gro\u00dfe Gl\u00fcck, dass das Geburtstagskind die Leckerei von seiner gro\u00dfen Schwester serviert bekam. Die hatte, w\u00e4hrend ich die gesamte Deko im Zimmer nebenan ins Szene setzte,&#8230; <a href=\"https:\/\/www.sabine-seyffert.de\/blog\/unterwasserfest-geburtstagskuchen-einmal-anders-suesse-fische-delfine-und-wale-fuers-buffet\/\" class=\"more-link\">Read more: Unterwasserfest: Geburtstagskuchen einmal anders \u2013 s\u00fc\u00dfe Fische, Delfine und Wale f\u00fcrs Buffet<\/a><\/p>\n","protected":false},"author":2,"featured_media":7654,"comment_status":"open","ping_status":"open","sticky":false,"template":"","format":"standard","meta":{"_metis_text_type":"","_metis_text_length":2128,"_post_count":0,"footnotes":""},"categories":[43,21,31,50],"tags":[],"class_list":["post-7646","post","type-post","status-publish","format-standard","has-post-thumbnail","hentry","category-geschenke-aus-der-kueche","category-kinderfeste-partys","category-rezepte-suse-kuchen-co","category-unterwasserfest"],"_links":{"self":[{"href":"https:\/\/www.sabine-seyffert.de\/blog\/wp-json\/wp\/v2\/posts\/7646","targetHints":{"allow":["GET"]}}],"collection":[{"href":"https:\/\/www.sabine-seyffert.de\/blog\/wp-json\/wp\/v2\/posts"}],"about":[{"href":"https:\/\/www.sabine-seyffert.de\/blog\/wp-json\/wp\/v2\/types\/post"}],"author":[{"embeddable":true,"href":"https:\/\/www.sabine-seyffert.de\/blog\/wp-json\/wp\/v2\/users\/2"}],"replies":[{"embeddable":true,"href":"https:\/\/www.sabine-seyffert.de\/blog\/wp-json\/wp\/v2\/comments?post=7646"}],"version-history":[{"count":2,"href":"https:\/\/www.sabine-seyffert.de\/blog\/wp-json\/wp\/v2\/posts\/7646\/revisions"}],"predecessor-version":[{"id":7659,"href":"https:\/\/www.sabine-seyffert.de\/blog\/wp-json\/wp\/v2\/posts\/7646\/revisions\/7659"}],"wp:featuredmedia":[{"embeddable":true,"href":"https:\/\/www.sabine-seyffert.de\/blog\/wp-json\/wp\/v2\/media\/7654"}],"wp:attachment":[{"href":"https:\/\/www.sabine-seyffert.de\/blog\/wp-json\/wp\/v2\/media?parent=7646"}],"wp:term":[{"taxonomy":"category","embeddable":true,"href":"https:\/\/www.sabine-seyffert.de\/blog\/wp-json\/wp\/v2\/categories?post=7646"},{"taxonomy":"post_tag","embeddable":true,"href":"https:\/\/www.sabine-seyffert.de\/blog\/wp-json\/wp\/v2\/tags?post=7646"}],"curies":[{"name":"wp","href":"https:\/\/api.w.org\/{rel}","templated":true}]}}