{"id":7411,"date":"2016-05-14T07:32:59","date_gmt":"2016-05-14T05:32:59","guid":{"rendered":"http:\/\/www.sabine-seyffert.de\/blog\/?p=7411"},"modified":"2018-06-26T17:29:10","modified_gmt":"2018-06-26T15:29:10","slug":"ausflugstipp-ein-gemuetlicher-familienausflug-ins-gruene-der-suedpark-in-duesseldorf","status":"publish","type":"post","link":"https:\/\/www.sabine-seyffert.de\/blog\/ausflugstipp-ein-gemuetlicher-familienausflug-ins-gruene-der-suedpark-in-duesseldorf\/","title":{"rendered":"Ausflugstipp: Ein gem\u00fctlicher Familienausflug ins Gr\u00fcne \u2013 der S\u00fcdpark in D\u00fcsseldorf"},"content":{"rendered":"<p style=\"text-align: justify;\"><img loading=\"lazy\" decoding=\"async\" src=\"https:\/\/ssl-vg03.met.vgwort.de\/na\/abe4dc99219b48ab9ff66430438047be\" alt=\"\" width=\"1\" height=\"1\" \/>Am vergangenen Wochenende hat der Himmel so herrlich blau mit der warmen Fr\u00fchlingssonne um die Wette gestrahlt, dass wir einen Familienausflug unternommen haben. Durch das tolle Wetter hatten wir keine Lust lange im Auto zu sitzen und haben daher wieder einmal den <a href=\"https:\/\/de.wikipedia.org\/wiki\/S%C3%BCdpark_%28D%C3%BCsseldorf%29\" target=\"_blank\" rel=\"noopener\">S\u00fcdpark in D\u00fcsseldorf<\/a> besucht.<\/p>\n<p style=\"text-align: center;\"><a href=\"http:\/\/www.sabine-seyffert.de\/blog\/wp-content\/uploads\/2016\/05\/S\u00fcdpark-Start.jpg\" rel=\"attachment wp-att-7412\"><img loading=\"lazy\" decoding=\"async\" class=\"alignnone size-full wp-image-7412\" src=\"http:\/\/www.sabine-seyffert.de\/blog\/wp-content\/uploads\/2016\/05\/S\u00fcdpark-Start.jpg\" alt=\"S\u00fcdpark Start\" width=\"800\" height=\"600\" srcset=\"https:\/\/www.sabine-seyffert.de\/blog\/wp-content\/uploads\/2016\/05\/S\u00fcdpark-Start.jpg 800w, https:\/\/www.sabine-seyffert.de\/blog\/wp-content\/uploads\/2016\/05\/S\u00fcdpark-Start-300x225.jpg 300w, https:\/\/www.sabine-seyffert.de\/blog\/wp-content\/uploads\/2016\/05\/S\u00fcdpark-Start-768x576.jpg 768w\" sizes=\"auto, (max-width: 800px) 100vw, 800px\" \/><\/a><\/p>\n<p style=\"text-align: justify;\">Dieser ist zu jederzeit ein Besuch wert, denn dort gibt es nicht nur immer neue Ecken zu entdecken. Sondern der weitl\u00e4ufige Park ist weitestgehend flach und somit gerade f\u00fcr Familienausfl\u00fcge ein ideales Ziel. Denn mit Kinderwagen, Laufrad, Fahrrad, Bollerwagen und Co. kommt man hier \u00fcberall bequem hin.<\/p>\n<p style=\"text-align: center;\"><a href=\"http:\/\/www.sabine-seyffert.de\/blog\/wp-content\/uploads\/2016\/05\/S\u00fcdpark-Schaf.jpg\" rel=\"attachment wp-att-7413\"><img loading=\"lazy\" decoding=\"async\" class=\"alignnone size-full wp-image-7413\" src=\"http:\/\/www.sabine-seyffert.de\/blog\/wp-content\/uploads\/2016\/05\/S\u00fcdpark-Schaf.jpg\" alt=\"S\u00fcdpark Schaf\" width=\"800\" height=\"600\" srcset=\"https:\/\/www.sabine-seyffert.de\/blog\/wp-content\/uploads\/2016\/05\/S\u00fcdpark-Schaf.jpg 800w, https:\/\/www.sabine-seyffert.de\/blog\/wp-content\/uploads\/2016\/05\/S\u00fcdpark-Schaf-300x225.jpg 300w, https:\/\/www.sabine-seyffert.de\/blog\/wp-content\/uploads\/2016\/05\/S\u00fcdpark-Schaf-768x576.jpg 768w\" sizes=\"auto, (max-width: 800px) 100vw, 800px\" \/><\/a><\/p>\n<p style=\"text-align: justify;\">Da wir recht fr\u00fch unterwegs waren, konnten wir in aller Ruhe eine gro\u00dfe Runde drehen. Zuerst haben wir mal wieder die obligatorische Runde auf <a href=\"http:\/\/www.sabine-seyffert.de\/blog\/?p=6397\" target=\"_blank\" rel=\"noopener\">dem Bauernhof<\/a> gedreht. Hier darf nat\u00fcrlich nicht fehlen, eine Schachtel Futter zu ziehen, mit dem man die Schafe, Ziegen und einige andere Tiere f\u00fcttern darf. Das Hofgel\u00e4nde ist recht \u00fcbersichtlich, so dass auch kleine Kinder den Rundgang bequem schaffen werden.<\/p>\n<p style=\"text-align: center;\"><a href=\"http:\/\/www.sabine-seyffert.de\/blog\/wp-content\/uploads\/2016\/05\/Eiche-vor-Backsteinwand.jpg\" rel=\"attachment wp-att-7414\"><img loading=\"lazy\" decoding=\"async\" class=\"alignnone size-full wp-image-7414\" src=\"http:\/\/www.sabine-seyffert.de\/blog\/wp-content\/uploads\/2016\/05\/Eiche-vor-Backsteinwand.jpg\" alt=\"Eiche vor Backsteinwand\" width=\"800\" height=\"600\" srcset=\"https:\/\/www.sabine-seyffert.de\/blog\/wp-content\/uploads\/2016\/05\/Eiche-vor-Backsteinwand.jpg 800w, https:\/\/www.sabine-seyffert.de\/blog\/wp-content\/uploads\/2016\/05\/Eiche-vor-Backsteinwand-300x225.jpg 300w, https:\/\/www.sabine-seyffert.de\/blog\/wp-content\/uploads\/2016\/05\/Eiche-vor-Backsteinwand-768x576.jpg 768w\" sizes=\"auto, (max-width: 800px) 100vw, 800px\" \/><\/a><\/p>\n<p style=\"text-align: justify;\">Im Sonnenlicht schwirrten unter den bl\u00fchenden Apfelb\u00e4umen allerhand Bienen flei\u00dfig umher. Denn auf dem Rundgang kommt man auch an einigen Bienenst\u00f6cken vorbei, die man vor dem Eingang in den Hofgarten findet.<\/p>\n<p style=\"text-align: center;\"><a href=\"http:\/\/www.sabine-seyffert.de\/blog\/wp-content\/uploads\/2016\/05\/Gel\u00e4nder-am-See-mit-blauem-Wasser.jpg\" rel=\"attachment wp-att-7415\"><img loading=\"lazy\" decoding=\"async\" class=\"alignnone size-full wp-image-7415\" src=\"http:\/\/www.sabine-seyffert.de\/blog\/wp-content\/uploads\/2016\/05\/Gel\u00e4nder-am-See-mit-blauem-Wasser.jpg\" alt=\"Gel\u00e4nder am See mit blauem Wasser\" width=\"800\" height=\"600\" srcset=\"https:\/\/www.sabine-seyffert.de\/blog\/wp-content\/uploads\/2016\/05\/Gel\u00e4nder-am-See-mit-blauem-Wasser.jpg 800w, https:\/\/www.sabine-seyffert.de\/blog\/wp-content\/uploads\/2016\/05\/Gel\u00e4nder-am-See-mit-blauem-Wasser-300x225.jpg 300w, https:\/\/www.sabine-seyffert.de\/blog\/wp-content\/uploads\/2016\/05\/Gel\u00e4nder-am-See-mit-blauem-Wasser-768x576.jpg 768w\" sizes=\"auto, (max-width: 800px) 100vw, 800px\" \/><\/a><\/p>\n<p style=\"text-align: justify;\">Hier wachsen jetzt im Fr\u00fchling nat\u00fcrlich ganz andere Dinge als bei unserem Besuch im Herbst.<\/p>\n<p style=\"text-align: center;\"><a href=\"http:\/\/www.sabine-seyffert.de\/blog\/wp-content\/uploads\/2016\/05\/K\u00fcken-im-Wasser.jpg\" rel=\"attachment wp-att-7416\"><img loading=\"lazy\" decoding=\"async\" class=\"alignnone size-full wp-image-7416\" src=\"http:\/\/www.sabine-seyffert.de\/blog\/wp-content\/uploads\/2016\/05\/K\u00fcken-im-Wasser.jpg\" alt=\"K\u00fcken im Wasser\" width=\"800\" height=\"600\" srcset=\"https:\/\/www.sabine-seyffert.de\/blog\/wp-content\/uploads\/2016\/05\/K\u00fcken-im-Wasser.jpg 800w, https:\/\/www.sabine-seyffert.de\/blog\/wp-content\/uploads\/2016\/05\/K\u00fcken-im-Wasser-300x225.jpg 300w, https:\/\/www.sabine-seyffert.de\/blog\/wp-content\/uploads\/2016\/05\/K\u00fcken-im-Wasser-768x576.jpg 768w\" sizes=\"auto, (max-width: 800px) 100vw, 800px\" \/><\/a><\/p>\n<p style=\"text-align: justify;\">Diesmal haben wir im Anschluss den kleinen, nahe gelegenen See zu Fu\u00df umrundet. Hier und da gibt es kleine Abzweigungen, die ans Wasser f\u00fchren. Immer wieder entdeckt man zu dieser Jahreszeit kleine Enten oder junge G\u00e4nse, die augenscheinlich ihre ersten Ausfl\u00fcge unternehmen.<\/p>\n<p style=\"text-align: center;\"><a href=\"http:\/\/www.sabine-seyffert.de\/blog\/wp-content\/uploads\/2016\/05\/S\u00fcdpark-B\u00e4nke-am-See.jpg\" rel=\"attachment wp-att-7417\"><img loading=\"lazy\" decoding=\"async\" class=\"alignnone size-full wp-image-7417\" src=\"http:\/\/www.sabine-seyffert.de\/blog\/wp-content\/uploads\/2016\/05\/S\u00fcdpark-B\u00e4nke-am-See.jpg\" alt=\"S\u00fcdpark B\u00e4nke am See\" width=\"600\" height=\"800\" srcset=\"https:\/\/www.sabine-seyffert.de\/blog\/wp-content\/uploads\/2016\/05\/S\u00fcdpark-B\u00e4nke-am-See.jpg 600w, https:\/\/www.sabine-seyffert.de\/blog\/wp-content\/uploads\/2016\/05\/S\u00fcdpark-B\u00e4nke-am-See-225x300.jpg 225w\" sizes=\"auto, (max-width: 600px) 100vw, 600px\" \/><\/a><\/p>\n<p style=\"text-align: justify;\">Bei unserem Spaziergang kommen wir auch an dem kleinen Wasserspielplatz vorbei, der trotz traumhaftem Wetter und sehr warmen Temperaturen g\u00e4nzlich ohne Wasser ist. Schade, denn Handt\u00fccher und Badezeug hatten wir f\u00fcr diesen Besuch extra mit dabei.<\/p>\n<p style=\"text-align: center;\"><a href=\"http:\/\/www.sabine-seyffert.de\/blog\/wp-content\/uploads\/2016\/05\/S\u00fcdpark-Spielplatz.jpg\" rel=\"attachment wp-att-7418\"><img loading=\"lazy\" decoding=\"async\" class=\"alignnone size-full wp-image-7418\" src=\"http:\/\/www.sabine-seyffert.de\/blog\/wp-content\/uploads\/2016\/05\/S\u00fcdpark-Spielplatz.jpg\" alt=\"S\u00fcdpark Spielplatz\" width=\"600\" height=\"800\" srcset=\"https:\/\/www.sabine-seyffert.de\/blog\/wp-content\/uploads\/2016\/05\/S\u00fcdpark-Spielplatz.jpg 600w, https:\/\/www.sabine-seyffert.de\/blog\/wp-content\/uploads\/2016\/05\/S\u00fcdpark-Spielplatz-225x300.jpg 225w\" sizes=\"auto, (max-width: 600px) 100vw, 600px\" \/><\/a><\/p>\n<p style=\"text-align: justify;\">Daf\u00fcr wandern wir kurze Zeit sp\u00e4ter nicht nur durch ein gr\u00fcnes Labyrinth aus einer Buchenhecke, sondern auch durch einen kleinen botanischen Garten, in dem es reichlich Wasser gibt.<\/p>\n<p style=\"text-align: center;\"><a href=\"http:\/\/www.sabine-seyffert.de\/blog\/wp-content\/uploads\/2016\/05\/S\u00fcdpark-Weg-durchs-Wasser.jpg\" rel=\"attachment wp-att-7419\"><img loading=\"lazy\" decoding=\"async\" class=\"alignnone size-full wp-image-7419\" src=\"http:\/\/www.sabine-seyffert.de\/blog\/wp-content\/uploads\/2016\/05\/S\u00fcdpark-Weg-durchs-Wasser.jpg\" alt=\"S\u00fcdpark Weg durchs Wasser\" width=\"800\" height=\"600\" srcset=\"https:\/\/www.sabine-seyffert.de\/blog\/wp-content\/uploads\/2016\/05\/S\u00fcdpark-Weg-durchs-Wasser.jpg 800w, https:\/\/www.sabine-seyffert.de\/blog\/wp-content\/uploads\/2016\/05\/S\u00fcdpark-Weg-durchs-Wasser-300x225.jpg 300w, https:\/\/www.sabine-seyffert.de\/blog\/wp-content\/uploads\/2016\/05\/S\u00fcdpark-Weg-durchs-Wasser-768x576.jpg 768w\" sizes=\"auto, (max-width: 800px) 100vw, 800px\" \/><\/a><\/p>\n<p style=\"text-align: justify;\">Und das Beste \u2013 hier kann man auf gro\u00dfen Steinen das Wasser bequem durchqueren. Dabei quakt es um uns herum und wer genau hinschaut, entdeckt zahlreiche Fr\u00f6sche im Wasser.<\/p>\n<p style=\"text-align: center;\"><a href=\"http:\/\/www.sabine-seyffert.de\/blog\/wp-content\/uploads\/2016\/05\/S\u00fcdpark-Frosch.jpg\" rel=\"attachment wp-att-7420\"><img loading=\"lazy\" decoding=\"async\" class=\"alignnone size-full wp-image-7420\" src=\"http:\/\/www.sabine-seyffert.de\/blog\/wp-content\/uploads\/2016\/05\/S\u00fcdpark-Frosch.jpg\" alt=\"S\u00fcdpark Frosch\" width=\"800\" height=\"600\" srcset=\"https:\/\/www.sabine-seyffert.de\/blog\/wp-content\/uploads\/2016\/05\/S\u00fcdpark-Frosch.jpg 800w, https:\/\/www.sabine-seyffert.de\/blog\/wp-content\/uploads\/2016\/05\/S\u00fcdpark-Frosch-300x225.jpg 300w, https:\/\/www.sabine-seyffert.de\/blog\/wp-content\/uploads\/2016\/05\/S\u00fcdpark-Frosch-768x576.jpg 768w\" sizes=\"auto, (max-width: 800px) 100vw, 800px\" \/><\/a><\/p>\n<p style=\"text-align: justify;\">Zum Schluss haben wir noch eine Partie Minigolf gespielt. Der Minigolfplatz liegt gleich in N\u00e4he der Parkpl\u00e4tze, gegen\u00fcber vom Hofladen.<\/p>\n<p style=\"text-align: center;\"><a href=\"http:\/\/www.sabine-seyffert.de\/blog\/wp-content\/uploads\/2016\/05\/S\u00fcdpark-Entenbaby-Trio.jpg\" rel=\"attachment wp-att-7421\"><img loading=\"lazy\" decoding=\"async\" class=\"alignnone size-full wp-image-7421\" src=\"http:\/\/www.sabine-seyffert.de\/blog\/wp-content\/uploads\/2016\/05\/S\u00fcdpark-Entenbaby-Trio.jpg\" alt=\"S\u00fcdpark Entenbaby Trio\" width=\"800\" height=\"600\" srcset=\"https:\/\/www.sabine-seyffert.de\/blog\/wp-content\/uploads\/2016\/05\/S\u00fcdpark-Entenbaby-Trio.jpg 800w, https:\/\/www.sabine-seyffert.de\/blog\/wp-content\/uploads\/2016\/05\/S\u00fcdpark-Entenbaby-Trio-300x225.jpg 300w, https:\/\/www.sabine-seyffert.de\/blog\/wp-content\/uploads\/2016\/05\/S\u00fcdpark-Entenbaby-Trio-768x576.jpg 768w\" sizes=\"auto, (max-width: 800px) 100vw, 800px\" \/><\/a><\/p>\n<p style=\"text-align: justify;\">Und wer danach noch eine St\u00e4rkung braucht, der kann eine gem\u00fctliche Pause im Caf\u00e9 S\u00fcdpark einlegen.<\/p>\n<p style=\"text-align: center;\"><a href=\"http:\/\/www.sabine-seyffert.de\/blog\/wp-content\/uploads\/2016\/05\/S\u00fcdpark-Wasserbecken-leer.jpg\" rel=\"attachment wp-att-7422\"><img loading=\"lazy\" decoding=\"async\" class=\"alignnone size-full wp-image-7422\" src=\"http:\/\/www.sabine-seyffert.de\/blog\/wp-content\/uploads\/2016\/05\/S\u00fcdpark-Wasserbecken-leer.jpg\" alt=\"S\u00fcdpark Wasserbecken leer\" width=\"800\" height=\"600\" srcset=\"https:\/\/www.sabine-seyffert.de\/blog\/wp-content\/uploads\/2016\/05\/S\u00fcdpark-Wasserbecken-leer.jpg 800w, https:\/\/www.sabine-seyffert.de\/blog\/wp-content\/uploads\/2016\/05\/S\u00fcdpark-Wasserbecken-leer-300x225.jpg 300w, https:\/\/www.sabine-seyffert.de\/blog\/wp-content\/uploads\/2016\/05\/S\u00fcdpark-Wasserbecken-leer-768x576.jpg 768w\" sizes=\"auto, (max-width: 800px) 100vw, 800px\" \/><\/a><\/p>\n<p style=\"text-align: justify;\">Weitere tolle Ausflugsziele f\u00fcr Familien findet Ihr \u00fcbrigens in <a href=\"http:\/\/www.sabine-seyffert.de\/blog\/?cat=39\" target=\"_blank\" rel=\"noopener\">dieser Rubrik<\/a> \ud83d\ude42<\/p>\n<p><a href=\"http:\/\/www.sabine-seyffert.de\/blog\/?page_id=32#urheberrecht\">urheberrechtlich gesch\u00fctzt<\/a>, \u00a9 Sabine Seyffert<\/p>\n","protected":false},"excerpt":{"rendered":"<p>Am vergangenen Wochenende hat der Himmel so herrlich blau mit der warmen Fr\u00fchlingssonne um die Wette gestrahlt, dass wir einen Familienausflug unternommen haben. Durch das tolle Wetter hatten wir keine Lust lange im Auto zu sitzen und haben daher wieder einmal den S\u00fcdpark in D\u00fcsseldorf besucht. Dieser ist zu jederzeit ein Besuch wert, denn dort&#8230; <a href=\"https:\/\/www.sabine-seyffert.de\/blog\/ausflugstipp-ein-gemuetlicher-familienausflug-ins-gruene-der-suedpark-in-duesseldorf\/\" class=\"more-link\">Read more: Ausflugstipp: Ein gem\u00fctlicher Familienausflug ins Gr\u00fcne \u2013 der S\u00fcdpark in D\u00fcsseldorf<\/a><\/p>\n","protected":false},"author":2,"featured_media":7413,"comment_status":"open","ping_status":"open","sticky":false,"template":"","format":"standard","meta":{"_metis_text_type":"","_metis_text_length":2547,"_post_count":0,"footnotes":""},"categories":[39,23],"tags":[],"class_list":["post-7411","post","type-post","status-publish","format-standard","has-post-thumbnail","hentry","category-ausfluge-co","category-fruhling"],"_links":{"self":[{"href":"https:\/\/www.sabine-seyffert.de\/blog\/wp-json\/wp\/v2\/posts\/7411","targetHints":{"allow":["GET"]}}],"collection":[{"href":"https:\/\/www.sabine-seyffert.de\/blog\/wp-json\/wp\/v2\/posts"}],"about":[{"href":"https:\/\/www.sabine-seyffert.de\/blog\/wp-json\/wp\/v2\/types\/post"}],"author":[{"embeddable":true,"href":"https:\/\/www.sabine-seyffert.de\/blog\/wp-json\/wp\/v2\/users\/2"}],"replies":[{"embeddable":true,"href":"https:\/\/www.sabine-seyffert.de\/blog\/wp-json\/wp\/v2\/comments?post=7411"}],"version-history":[{"count":2,"href":"https:\/\/www.sabine-seyffert.de\/blog\/wp-json\/wp\/v2\/posts\/7411\/revisions"}],"predecessor-version":[{"id":12875,"href":"https:\/\/www.sabine-seyffert.de\/blog\/wp-json\/wp\/v2\/posts\/7411\/revisions\/12875"}],"wp:featuredmedia":[{"embeddable":true,"href":"https:\/\/www.sabine-seyffert.de\/blog\/wp-json\/wp\/v2\/media\/7413"}],"wp:attachment":[{"href":"https:\/\/www.sabine-seyffert.de\/blog\/wp-json\/wp\/v2\/media?parent=7411"}],"wp:term":[{"taxonomy":"category","embeddable":true,"href":"https:\/\/www.sabine-seyffert.de\/blog\/wp-json\/wp\/v2\/categories?post=7411"},{"taxonomy":"post_tag","embeddable":true,"href":"https:\/\/www.sabine-seyffert.de\/blog\/wp-json\/wp\/v2\/tags?post=7411"}],"curies":[{"name":"wp","href":"https:\/\/api.w.org\/{rel}","templated":true}]}}