{"id":7389,"date":"2016-05-10T05:44:29","date_gmt":"2016-05-10T03:44:29","guid":{"rendered":"http:\/\/www.sabine-seyffert.de\/blog\/?p=7389"},"modified":"2017-03-01T14:50:48","modified_gmt":"2017-03-01T12:50:48","slug":"unterwasserfest-bastelidee-maritime-tischdeko-tintenfische-verbreiten-feierlichen-lichterglanz","status":"publish","type":"post","link":"https:\/\/www.sabine-seyffert.de\/blog\/unterwasserfest-bastelidee-maritime-tischdeko-tintenfische-verbreiten-feierlichen-lichterglanz\/","title":{"rendered":"Unterwasserfest: Bastelidee &#038; maritime Tischdeko \u2013 Tintenfische verbreiten feierlichen Lichterglanz"},"content":{"rendered":"<p style=\"text-align: justify;\"><img loading=\"lazy\" decoding=\"async\" src=\"https:\/\/ssl-vg03.met.vgwort.de\/na\/9ae52c4e8b324eae9c5885c89b4d3229\" alt=\"\" width=\"1\" height=\"1\" \/>Zu den <a href=\"http:\/\/www.sabine-seyffert.de\/blog\/?p=7344\" target=\"_blank\">selbst geklebten Windlichtern<\/a> in maritimen Design, haben sich noch ein paar weitere \u201eGeburtstagskerzen\u201c als stimmungsvolle Deko gesellt. Die waren verh\u00e4ltnism\u00e4\u00dfig schnell gemacht. Au\u00dferdem k\u00f6nnte man diese selbst gebastelten Teelichter auch auf der Geburtstagsfeier mit den Kindern gemeinsam anfertigen. Solche Bastelaktionen sind als kleine Pause zwischen dem Geburtstagstrubel ja immer willkommen und lassen bei den kleinen Partyg\u00e4sten wieder etwas Ruhe einkehren.<\/p>\n<p style=\"text-align: center;\"><a href=\"http:\/\/www.sabine-seyffert.de\/blog\/wp-content\/uploads\/2016\/05\/Tintenfisch-7.jpg\" rel=\"attachment wp-att-7390\"><img loading=\"lazy\" decoding=\"async\" class=\"alignnone size-full wp-image-7390\" src=\"http:\/\/www.sabine-seyffert.de\/blog\/wp-content\/uploads\/2016\/05\/Tintenfisch-7.jpg\" alt=\"Tintenfisch 7\" width=\"800\" height=\"600\" srcset=\"https:\/\/www.sabine-seyffert.de\/blog\/wp-content\/uploads\/2016\/05\/Tintenfisch-7.jpg 800w, https:\/\/www.sabine-seyffert.de\/blog\/wp-content\/uploads\/2016\/05\/Tintenfisch-7-300x225.jpg 300w, https:\/\/www.sabine-seyffert.de\/blog\/wp-content\/uploads\/2016\/05\/Tintenfisch-7-768x576.jpg 768w\" sizes=\"auto, (max-width: 800px) 100vw, 800px\" \/><\/a><\/p>\n<p style=\"text-align: justify;\"><strong>Das wird gebraucht:<\/strong><br \/>\nPro Tintenfisch ein Teelicht, Hei\u00dfkleber samt Klebepatrone, Bastelschere, wei\u00dfe Wellpappe, Lineal, Bleistift, Kleber (am besten Klebestifte) Tonkarton oder anderes Bastelpapier in verschiedenen Blaut\u00f6nen<\/p>\n<p style=\"text-align: center;\"><a href=\"http:\/\/www.sabine-seyffert.de\/blog\/wp-content\/uploads\/2016\/05\/Tintenfisch-5.jpg\" rel=\"attachment wp-att-7391\"><img loading=\"lazy\" decoding=\"async\" class=\"alignnone size-full wp-image-7391\" src=\"http:\/\/www.sabine-seyffert.de\/blog\/wp-content\/uploads\/2016\/05\/Tintenfisch-5.jpg\" alt=\"Tintenfisch 5\" width=\"800\" height=\"567\" srcset=\"https:\/\/www.sabine-seyffert.de\/blog\/wp-content\/uploads\/2016\/05\/Tintenfisch-5.jpg 800w, https:\/\/www.sabine-seyffert.de\/blog\/wp-content\/uploads\/2016\/05\/Tintenfisch-5-300x213.jpg 300w, https:\/\/www.sabine-seyffert.de\/blog\/wp-content\/uploads\/2016\/05\/Tintenfisch-5-768x544.jpg 768w\" sizes=\"auto, (max-width: 800px) 100vw, 800px\" \/><\/a><\/p>\n<p style=\"text-align: justify;\"><strong>So wird\u2019s gemacht:<\/strong><br \/>\nAuf unserer Unterwasserparty wird nicht nur reichlich gefeiert, gestaunt und gelacht. Sondern hier und da gab es kleine Basteleinheiten, die allen gro\u00dfen Spa\u00df gemacht haben und f\u00fcr regelm\u00e4\u00dfige Pausen w\u00e4hrend des Geburtstagsfestes gesorgt haben. Wie zum Beispiel die kleinen Tintenfische.<\/p>\n<p style=\"text-align: center;\"><a href=\"http:\/\/www.sabine-seyffert.de\/blog\/wp-content\/uploads\/2016\/05\/Tintenfisch-9.jpg\" rel=\"attachment wp-att-7392\"><img loading=\"lazy\" decoding=\"async\" class=\"alignnone size-full wp-image-7392\" src=\"http:\/\/www.sabine-seyffert.de\/blog\/wp-content\/uploads\/2016\/05\/Tintenfisch-9.jpg\" alt=\"Tintenfisch 9\" width=\"800\" height=\"600\" srcset=\"https:\/\/www.sabine-seyffert.de\/blog\/wp-content\/uploads\/2016\/05\/Tintenfisch-9.jpg 800w, https:\/\/www.sabine-seyffert.de\/blog\/wp-content\/uploads\/2016\/05\/Tintenfisch-9-300x225.jpg 300w, https:\/\/www.sabine-seyffert.de\/blog\/wp-content\/uploads\/2016\/05\/Tintenfisch-9-768x576.jpg 768w\" sizes=\"auto, (max-width: 800px) 100vw, 800px\" \/><\/a><\/p>\n<p style=\"text-align: justify;\">Dazu zeichnet man sich mit Hilfe eines Bleistiftes und Lineal hinten auf die Wellpappe mehrere Streifen, die die Breite der Teelichth\u00fclse haben sollten. Das blaue Tonpapier schneidet man einfach per Hand in etwa 0,5 cm breite und 10 cm lange Streifen.<\/p>\n<p style=\"text-align: center;\"><a href=\"http:\/\/www.sabine-seyffert.de\/blog\/wp-content\/uploads\/2016\/05\/Tintentisch-8.jpg\" rel=\"attachment wp-att-7393\"><img loading=\"lazy\" decoding=\"async\" class=\"alignnone size-full wp-image-7393\" src=\"http:\/\/www.sabine-seyffert.de\/blog\/wp-content\/uploads\/2016\/05\/Tintentisch-8.jpg\" alt=\"Tintentisch 8\" width=\"800\" height=\"600\" srcset=\"https:\/\/www.sabine-seyffert.de\/blog\/wp-content\/uploads\/2016\/05\/Tintentisch-8.jpg 800w, https:\/\/www.sabine-seyffert.de\/blog\/wp-content\/uploads\/2016\/05\/Tintentisch-8-300x225.jpg 300w, https:\/\/www.sabine-seyffert.de\/blog\/wp-content\/uploads\/2016\/05\/Tintentisch-8-768x576.jpg 768w\" sizes=\"auto, (max-width: 800px) 100vw, 800px\" \/><\/a><\/p>\n<p style=\"text-align: justify;\">Jetzt werden die schmalen Papierstreifen \u00fcber so \u00fcber die Schere gezogen, da\u00df diese sich kringeln. Dann\u00a0 bekommt jedes Kind ein Teelicht und kann die schmalen, blauen Papierstreifen mit Kleber so an die Teelichth\u00fclle kleben, dass das obere Ende der Streifen genau am Rand der H\u00fclse sitzt.<\/p>\n<p style=\"text-align: center;\"><a href=\"http:\/\/www.sabine-seyffert.de\/blog\/wp-content\/uploads\/2016\/05\/Tintenfisch-6.jpg\" rel=\"attachment wp-att-7394\"><img loading=\"lazy\" decoding=\"async\" class=\"alignnone size-full wp-image-7394\" src=\"http:\/\/www.sabine-seyffert.de\/blog\/wp-content\/uploads\/2016\/05\/Tintenfisch-6.jpg\" alt=\"Tintenfisch 6\" width=\"800\" height=\"600\" srcset=\"https:\/\/www.sabine-seyffert.de\/blog\/wp-content\/uploads\/2016\/05\/Tintenfisch-6.jpg 800w, https:\/\/www.sabine-seyffert.de\/blog\/wp-content\/uploads\/2016\/05\/Tintenfisch-6-300x225.jpg 300w, https:\/\/www.sabine-seyffert.de\/blog\/wp-content\/uploads\/2016\/05\/Tintenfisch-6-768x576.jpg 768w\" sizes=\"auto, (max-width: 800px) 100vw, 800px\" \/><\/a><\/p>\n<p style=\"text-align: justify;\">Sind rundherum genug blaue Streifen angeklebt und der Tintenfisch mit reichlich Tentakeln versehen, klebt man mit Hilfe von Hei\u00dfkleber eine Manschette bzw. Banderole um die beklebte Teelichth\u00fclle.<\/p>\n<p style=\"text-align: center;\"><a href=\"http:\/\/www.sabine-seyffert.de\/blog\/wp-content\/uploads\/2016\/05\/Tintenfisch-4.jpg\" rel=\"attachment wp-att-7395\"><img loading=\"lazy\" decoding=\"async\" class=\"alignnone size-full wp-image-7395\" src=\"http:\/\/www.sabine-seyffert.de\/blog\/wp-content\/uploads\/2016\/05\/Tintenfisch-4.jpg\" alt=\"Tintenfisch 4\" width=\"800\" height=\"600\" srcset=\"https:\/\/www.sabine-seyffert.de\/blog\/wp-content\/uploads\/2016\/05\/Tintenfisch-4.jpg 800w, https:\/\/www.sabine-seyffert.de\/blog\/wp-content\/uploads\/2016\/05\/Tintenfisch-4-300x225.jpg 300w, https:\/\/www.sabine-seyffert.de\/blog\/wp-content\/uploads\/2016\/05\/Tintenfisch-4-768x576.jpg 768w\" sizes=\"auto, (max-width: 800px) 100vw, 800px\" \/><\/a><\/p>\n<p style=\"text-align: justify;\"><strong>Ein kleiner Tipp:<\/strong><br \/>\nDie selbst gebastelten Tintenfische k\u00f6nnte man auch prima als kleine Tischkarten f\u00fcr den Kindergeburtstag auf dem Geburtstagstisch nutzen. Dann findet jedes Kind seinen Platz sofort wieder!<\/p>\n<p style=\"text-align: center;\"><a href=\"http:\/\/www.sabine-seyffert.de\/blog\/wp-content\/uploads\/2016\/05\/Tintenfisch-2.jpg\" rel=\"attachment wp-att-7396\"><img loading=\"lazy\" decoding=\"async\" class=\"alignnone size-full wp-image-7396\" src=\"http:\/\/www.sabine-seyffert.de\/blog\/wp-content\/uploads\/2016\/05\/Tintenfisch-2.jpg\" alt=\"Tintenfisch 2\" width=\"800\" height=\"600\" srcset=\"https:\/\/www.sabine-seyffert.de\/blog\/wp-content\/uploads\/2016\/05\/Tintenfisch-2.jpg 800w, https:\/\/www.sabine-seyffert.de\/blog\/wp-content\/uploads\/2016\/05\/Tintenfisch-2-300x225.jpg 300w, https:\/\/www.sabine-seyffert.de\/blog\/wp-content\/uploads\/2016\/05\/Tintenfisch-2-768x576.jpg 768w\" sizes=\"auto, (max-width: 800px) 100vw, 800px\" \/><\/a><\/p>\n<p style=\"text-align: justify;\">Alle bisherigen Deko und DIY zur Unterwasserparty findet Ihr in <a href=\"http:\/\/www.sabine-seyffert.de\/blog\/?cat=50\" target=\"_blank\">dieser Rubrik<\/a>, alle Ideen rund um das Thema Feiern mit Kindern <a href=\"http:\/\/www.sabine-seyffert.de\/blog\/?cat=21\" target=\"_blank\">dort<\/a> und andere kreative Sachen tummeln sich <a href=\"http:\/\/www.creadienstag.de\/2016\/05\/227.html\" target=\"_blank\">da<\/a> und auch an <a href=\"http:\/\/kiddikram.blogspot.de\/\" target=\"_blank\">dieser<\/a> Stelle.<\/p>\n<p style=\"text-align: center;\"><a href=\"http:\/\/www.sabine-seyffert.de\/blog\/wp-content\/uploads\/2016\/05\/Tintenfisch-1.jpg\" rel=\"attachment wp-att-7397\"><img loading=\"lazy\" decoding=\"async\" class=\"alignnone size-full wp-image-7397\" src=\"http:\/\/www.sabine-seyffert.de\/blog\/wp-content\/uploads\/2016\/05\/Tintenfisch-1.jpg\" alt=\"Tintenfisch 1\" width=\"800\" height=\"600\" srcset=\"https:\/\/www.sabine-seyffert.de\/blog\/wp-content\/uploads\/2016\/05\/Tintenfisch-1.jpg 800w, https:\/\/www.sabine-seyffert.de\/blog\/wp-content\/uploads\/2016\/05\/Tintenfisch-1-300x225.jpg 300w, https:\/\/www.sabine-seyffert.de\/blog\/wp-content\/uploads\/2016\/05\/Tintenfisch-1-768x576.jpg 768w\" sizes=\"auto, (max-width: 800px) 100vw, 800px\" \/><\/a><\/p>\n<p><a href=\"http:\/\/www.sabine-seyffert.de\/blog\/?page_id=32#urheberrecht\">urheberrechtlich gesch\u00fctzt<\/a>, \u00a9 Sabine Seyffert<\/p>\n","protected":false},"excerpt":{"rendered":"<p>Zu den selbst geklebten Windlichtern in maritimen Design, haben sich noch ein paar weitere \u201eGeburtstagskerzen\u201c als stimmungsvolle Deko gesellt. Die waren verh\u00e4ltnism\u00e4\u00dfig schnell gemacht. Au\u00dferdem k\u00f6nnte man diese selbst gebastelten Teelichter auch auf der Geburtstagsfeier mit den Kindern gemeinsam anfertigen. Solche Bastelaktionen sind als kleine Pause zwischen dem Geburtstagstrubel ja immer willkommen und lassen bei&#8230; <a href=\"https:\/\/www.sabine-seyffert.de\/blog\/unterwasserfest-bastelidee-maritime-tischdeko-tintenfische-verbreiten-feierlichen-lichterglanz\/\" class=\"more-link\">Read more: Unterwasserfest: Bastelidee &#038; maritime Tischdeko \u2013 Tintenfische verbreiten feierlichen Lichterglanz<\/a><\/p>\n","protected":false},"author":2,"featured_media":7396,"comment_status":"open","ping_status":"open","sticky":false,"template":"","format":"standard","meta":{"_metis_text_type":"","_metis_text_length":2198,"_post_count":0,"footnotes":""},"categories":[12,21,50],"tags":[],"class_list":["post-7389","post","type-post","status-publish","format-standard","has-post-thumbnail","hentry","category-deko-ideen","category-kinderfeste-partys","category-unterwasserfest"],"_links":{"self":[{"href":"https:\/\/www.sabine-seyffert.de\/blog\/wp-json\/wp\/v2\/posts\/7389","targetHints":{"allow":["GET"]}}],"collection":[{"href":"https:\/\/www.sabine-seyffert.de\/blog\/wp-json\/wp\/v2\/posts"}],"about":[{"href":"https:\/\/www.sabine-seyffert.de\/blog\/wp-json\/wp\/v2\/types\/post"}],"author":[{"embeddable":true,"href":"https:\/\/www.sabine-seyffert.de\/blog\/wp-json\/wp\/v2\/users\/2"}],"replies":[{"embeddable":true,"href":"https:\/\/www.sabine-seyffert.de\/blog\/wp-json\/wp\/v2\/comments?post=7389"}],"version-history":[{"count":4,"href":"https:\/\/www.sabine-seyffert.de\/blog\/wp-json\/wp\/v2\/posts\/7389\/revisions"}],"predecessor-version":[{"id":7401,"href":"https:\/\/www.sabine-seyffert.de\/blog\/wp-json\/wp\/v2\/posts\/7389\/revisions\/7401"}],"wp:featuredmedia":[{"embeddable":true,"href":"https:\/\/www.sabine-seyffert.de\/blog\/wp-json\/wp\/v2\/media\/7396"}],"wp:attachment":[{"href":"https:\/\/www.sabine-seyffert.de\/blog\/wp-json\/wp\/v2\/media?parent=7389"}],"wp:term":[{"taxonomy":"category","embeddable":true,"href":"https:\/\/www.sabine-seyffert.de\/blog\/wp-json\/wp\/v2\/categories?post=7389"},{"taxonomy":"post_tag","embeddable":true,"href":"https:\/\/www.sabine-seyffert.de\/blog\/wp-json\/wp\/v2\/tags?post=7389"}],"curies":[{"name":"wp","href":"https:\/\/api.w.org\/{rel}","templated":true}]}}