{"id":7371,"date":"2016-05-07T07:08:08","date_gmt":"2016-05-07T05:08:08","guid":{"rendered":"http:\/\/www.sabine-seyffert.de\/blog\/?p=7371"},"modified":"2018-06-26T17:22:42","modified_gmt":"2018-06-26T15:22:42","slug":"ausflugstipp-eine-zeitreise-in-die-vergangenheit-mit-kindern-ins-neanderthalmuseum","status":"publish","type":"post","link":"https:\/\/www.sabine-seyffert.de\/blog\/ausflugstipp-eine-zeitreise-in-die-vergangenheit-mit-kindern-ins-neanderthalmuseum\/","title":{"rendered":"Ausflugstipp: Eine Zeitreise in die Vergangenheit &#8211; mit Kindern ins Neanderthalmuseum"},"content":{"rendered":"<p style=\"text-align: justify;\"><img loading=\"lazy\" decoding=\"async\" src=\"https:\/\/ssl-vg03.met.vgwort.de\/na\/d0322436abbb47baba4184838055536c\" alt=\"\" width=\"1\" height=\"1\" \/>An Wochenenden und in der Ferienzeit unternehmen wir als Familie gerne etwas gemeinsam. Doch die Wettervoraussichten waren diesmal nicht die besten. Aber den ganzen Tag im Haus zu hocken, macht einfach keinen Spa\u00df. Daher nutzen wir wieder einmal ein Ausflugsziel ganz in der N\u00e4he und begeben spontan auf eine spannende Zeitreise in die Vergangenheit und zwar im <a href=\"https:\/\/de.wikipedia.org\/wiki\/Neanderthal_Museum\" target=\"_blank\" rel=\"noopener\">Neanderthal Museum<\/a>. Das Museum ist als Geb\u00e4ude \u00fcberdacht, so dass das Wetter keinerlei Rolle spielt.<\/p>\n<p style=\"text-align: center;\"><a href=\"http:\/\/www.sabine-seyffert.de\/blog\/wp-content\/uploads\/2016\/05\/Museum.jpg\" rel=\"attachment wp-att-7372\"><img loading=\"lazy\" decoding=\"async\" class=\"alignnone size-full wp-image-7372\" src=\"http:\/\/www.sabine-seyffert.de\/blog\/wp-content\/uploads\/2016\/05\/Museum.jpg\" alt=\"Museum\" width=\"600\" height=\"800\" srcset=\"https:\/\/www.sabine-seyffert.de\/blog\/wp-content\/uploads\/2016\/05\/Museum.jpg 600w, https:\/\/www.sabine-seyffert.de\/blog\/wp-content\/uploads\/2016\/05\/Museum-225x300.jpg 225w\" sizes=\"auto, (max-width: 600px) 100vw, 600px\" \/><\/a><\/p>\n<p style=\"text-align: justify;\">Hinter der Kasse erreicht man eine Treppe, die hinunter zu den Garderoben und Schlie\u00dff\u00e4chern f\u00fchrt. Hier kann man Jacken, Rucksack und Co. sicher verstauen. Am Treppenaufgang erh\u00e4lt jeder Besucher einen eigenen Kopfh\u00f6rer. Mit diesen kann man an verschiedenen Stationen Informationen und Geschichten lauschen.<\/p>\n<p style=\"text-align: center;\"><a href=\"http:\/\/www.sabine-seyffert.de\/blog\/wp-content\/uploads\/2016\/05\/Museum-0.jpg\" rel=\"attachment wp-att-7373\"><img loading=\"lazy\" decoding=\"async\" class=\"alignnone size-full wp-image-7373\" src=\"http:\/\/www.sabine-seyffert.de\/blog\/wp-content\/uploads\/2016\/05\/Museum-0.jpg\" alt=\"Museum 0\" width=\"600\" height=\"800\" srcset=\"https:\/\/www.sabine-seyffert.de\/blog\/wp-content\/uploads\/2016\/05\/Museum-0.jpg 600w, https:\/\/www.sabine-seyffert.de\/blog\/wp-content\/uploads\/2016\/05\/Museum-0-225x300.jpg 225w\" sizes=\"auto, (max-width: 600px) 100vw, 600px\" \/><\/a><\/p>\n<p style=\"text-align: justify;\">F\u00fcr die Kinder gibt es sogar extra Stationen, die entsprechend gekennzeichnet sind. Hier kommt der Neandertaler Junge \u201eKawiuk\u201c zu Wort und berichtet allerhand interessante Dinge aus der Steinzeit.<\/p>\n<p style=\"text-align: center;\"><a href=\"http:\/\/www.sabine-seyffert.de\/blog\/wp-content\/uploads\/2016\/05\/Museum-5.jpg\" rel=\"attachment wp-att-7374\"><img loading=\"lazy\" decoding=\"async\" class=\"alignnone size-full wp-image-7374\" src=\"http:\/\/www.sabine-seyffert.de\/blog\/wp-content\/uploads\/2016\/05\/Museum-5.jpg\" alt=\"Museum 5\" width=\"800\" height=\"600\" srcset=\"https:\/\/www.sabine-seyffert.de\/blog\/wp-content\/uploads\/2016\/05\/Museum-5.jpg 800w, https:\/\/www.sabine-seyffert.de\/blog\/wp-content\/uploads\/2016\/05\/Museum-5-300x225.jpg 300w, https:\/\/www.sabine-seyffert.de\/blog\/wp-content\/uploads\/2016\/05\/Museum-5-768x576.jpg 768w\" sizes=\"auto, (max-width: 800px) 100vw, 800px\" \/><\/a><\/p>\n<p style=\"text-align: justify;\">Hierbei erf\u00e4hrt man u.a., dass im Jahre 1865 ganz zuf\u00e4llig bei Arbeiten in der Feldhofer Grotte Knochen <a href=\"https:\/\/de.wikipedia.org\/wiki\/Neandertaler\" target=\"_blank\" rel=\"noopener\">des Neandertalers<\/a> gefunden wurden.<\/p>\n<p style=\"text-align: center;\"><a href=\"http:\/\/www.sabine-seyffert.de\/blog\/wp-content\/uploads\/2016\/05\/Museum-9.jpg\" rel=\"attachment wp-att-7377\"><img loading=\"lazy\" decoding=\"async\" class=\"alignnone size-full wp-image-7377\" src=\"http:\/\/www.sabine-seyffert.de\/blog\/wp-content\/uploads\/2016\/05\/Museum-9.jpg\" alt=\"Museum 9\" width=\"600\" height=\"800\" srcset=\"https:\/\/www.sabine-seyffert.de\/blog\/wp-content\/uploads\/2016\/05\/Museum-9.jpg 600w, https:\/\/www.sabine-seyffert.de\/blog\/wp-content\/uploads\/2016\/05\/Museum-9-225x300.jpg 225w\" sizes=\"auto, (max-width: 600px) 100vw, 600px\" \/><\/a><\/p>\n<p style=\"text-align: justify;\">Kawiuk berichtet au\u00dferdem recht viel von seinem Leben und Alltag in der damaligen Zeit, dass die Menschen vorwiegend in Zelten oder H\u00fctten lebten und welche Aufgaben die einzelnen Familienmitglieder so hatten. Wovon ern\u00e4hrte man sich damals? Haben sich Neandertaler \u00fcberhaupt die Z\u00e4hne geputzt und Zahnpflege betrieben?<\/p>\n<p style=\"text-align: center;\"><a href=\"http:\/\/www.sabine-seyffert.de\/blog\/wp-content\/uploads\/2016\/05\/Museum-7.jpg\" rel=\"attachment wp-att-7376\"><img loading=\"lazy\" decoding=\"async\" class=\"alignnone size-full wp-image-7376\" src=\"http:\/\/www.sabine-seyffert.de\/blog\/wp-content\/uploads\/2016\/05\/Museum-7.jpg\" alt=\"Museum 7\" width=\"600\" height=\"800\" srcset=\"https:\/\/www.sabine-seyffert.de\/blog\/wp-content\/uploads\/2016\/05\/Museum-7.jpg 600w, https:\/\/www.sabine-seyffert.de\/blog\/wp-content\/uploads\/2016\/05\/Museum-7-225x300.jpg 225w\" sizes=\"auto, (max-width: 600px) 100vw, 600px\" \/><\/a><\/p>\n<p style=\"text-align: justify;\">Wie hat man seinerzeit miteinander kommuniziert und warum war dies \u00fcberhaupt wichtig? Was gab es an Werkzeugen und wie wurden diese benutzt. So darf man beispielsweise selbst ausprobieren wie ein echter \u201eSteinzeitbohrer\u201c funktioniert und wie man mit diesem L\u00f6cher in Holz bohren kann\u2026<\/p>\n<p style=\"text-align: center;\"><a href=\"http:\/\/www.sabine-seyffert.de\/blog\/wp-content\/uploads\/2016\/05\/Museum-1.jpg\" rel=\"attachment wp-att-7375\"><img loading=\"lazy\" decoding=\"async\" class=\"alignnone size-full wp-image-7375\" src=\"http:\/\/www.sabine-seyffert.de\/blog\/wp-content\/uploads\/2016\/05\/Museum-1.jpg\" alt=\"Museum 1\" width=\"800\" height=\"600\" srcset=\"https:\/\/www.sabine-seyffert.de\/blog\/wp-content\/uploads\/2016\/05\/Museum-1.jpg 800w, https:\/\/www.sabine-seyffert.de\/blog\/wp-content\/uploads\/2016\/05\/Museum-1-300x225.jpg 300w, https:\/\/www.sabine-seyffert.de\/blog\/wp-content\/uploads\/2016\/05\/Museum-1-768x576.jpg 768w\" sizes=\"auto, (max-width: 800px) 100vw, 800px\" \/><\/a><\/p>\n<p style=\"text-align: justify;\">An vielen Stellen im Museum trifft man auf Neandertaler und kann diese in unterschiedlichen Situationen beobachten. Hier und dort stehen geheimnisvolle \u201eForscherboxen\u201c, darin lassen sich T\u00fcren und Schubladen \u00f6ffnen und spannende Sachen entdecken \ud83d\ude42<\/p>\n<p style=\"text-align: center;\"><a href=\"http:\/\/www.sabine-seyffert.de\/blog\/wp-content\/uploads\/2016\/05\/Museum-3.jpg\" rel=\"attachment wp-att-7379\"><img loading=\"lazy\" decoding=\"async\" class=\"alignnone size-full wp-image-7379\" src=\"http:\/\/www.sabine-seyffert.de\/blog\/wp-content\/uploads\/2016\/05\/Museum-3.jpg\" alt=\"Museum 3\" width=\"800\" height=\"600\" srcset=\"https:\/\/www.sabine-seyffert.de\/blog\/wp-content\/uploads\/2016\/05\/Museum-3.jpg 800w, https:\/\/www.sabine-seyffert.de\/blog\/wp-content\/uploads\/2016\/05\/Museum-3-300x225.jpg 300w, https:\/\/www.sabine-seyffert.de\/blog\/wp-content\/uploads\/2016\/05\/Museum-3-768x576.jpg 768w\" sizes=\"auto, (max-width: 800px) 100vw, 800px\" \/><\/a><\/p>\n<p style=\"text-align: justify;\">Zum Schluss d\u00fcrfen die Kinder auch selbst t\u00e4tig werden und mit Hilfe von Pinseln ein \u201eSkelett\u201c freilegen.<\/p>\n<p style=\"text-align: center;\"><a href=\"http:\/\/www.sabine-seyffert.de\/blog\/wp-content\/uploads\/2016\/05\/Museum-2.jpg\" rel=\"attachment wp-att-7380\"><img loading=\"lazy\" decoding=\"async\" class=\"alignnone size-full wp-image-7380\" src=\"http:\/\/www.sabine-seyffert.de\/blog\/wp-content\/uploads\/2016\/05\/Museum-2.jpg\" alt=\"Museum 2\" width=\"800\" height=\"600\" srcset=\"https:\/\/www.sabine-seyffert.de\/blog\/wp-content\/uploads\/2016\/05\/Museum-2.jpg 800w, https:\/\/www.sabine-seyffert.de\/blog\/wp-content\/uploads\/2016\/05\/Museum-2-300x225.jpg 300w, https:\/\/www.sabine-seyffert.de\/blog\/wp-content\/uploads\/2016\/05\/Museum-2-768x576.jpg 768w\" sizes=\"auto, (max-width: 800px) 100vw, 800px\" \/><\/a><\/p>\n<p style=\"text-align: justify;\">Ein sch\u00f6nes Ausflugsziel f\u00fcr die ganze Familie bei alle auf ihre Kosten kommen! \u00dcbrigens kann ich an dieser Stelle auch das <a href=\"http:\/\/www.sabine-seyffert.de\/blog\/?p=7314\" target=\"_blank\" rel=\"noopener\">Geheimnis der K\u00e4sten<\/a> l\u00fcften, die uns am letzten Wochenende beim Spaziergang begegnet sind. Wenn Ihr mit den Kopfh\u00f6rern aus dem Museum das Neandertal im Anschluss erkundet, k\u00f6nnt ihr diese dort einst\u00f6pseln und allerhand Informationen lauschen. Allerdings sind diese eher f\u00fcr Erwachsene Ohren gedacht!<\/p>\n<p style=\"text-align: center;\"><a href=\"http:\/\/www.sabine-seyffert.de\/blog\/wp-content\/uploads\/2016\/05\/Museum-4.jpg\" rel=\"attachment wp-att-7381\"><img loading=\"lazy\" decoding=\"async\" class=\"alignnone size-full wp-image-7381\" src=\"http:\/\/www.sabine-seyffert.de\/blog\/wp-content\/uploads\/2016\/05\/Museum-4.jpg\" alt=\"Museum 4\" width=\"800\" height=\"600\" srcset=\"https:\/\/www.sabine-seyffert.de\/blog\/wp-content\/uploads\/2016\/05\/Museum-4.jpg 800w, https:\/\/www.sabine-seyffert.de\/blog\/wp-content\/uploads\/2016\/05\/Museum-4-300x225.jpg 300w, https:\/\/www.sabine-seyffert.de\/blog\/wp-content\/uploads\/2016\/05\/Museum-4-768x576.jpg 768w\" sizes=\"auto, (max-width: 800px) 100vw, 800px\" \/><\/a><\/p>\n<p style=\"text-align: justify;\">Ein herzliches Dankesch\u00f6n an Mareike Holtkamp vom Neanderthal Museum f\u00fcr die freundliche Genehmigung meine Fotos hier zeigen zu d\u00fcrfen!<\/p>\n<p style=\"text-align: center;\"><a href=\"http:\/\/www.sabine-seyffert.de\/blog\/wp-content\/uploads\/2016\/05\/Museum-6.jpg\" rel=\"attachment wp-att-7382\"><img loading=\"lazy\" decoding=\"async\" class=\"alignnone size-full wp-image-7382\" src=\"http:\/\/www.sabine-seyffert.de\/blog\/wp-content\/uploads\/2016\/05\/Museum-6.jpg\" alt=\"Museum 6\" width=\"600\" height=\"800\" srcset=\"https:\/\/www.sabine-seyffert.de\/blog\/wp-content\/uploads\/2016\/05\/Museum-6.jpg 600w, https:\/\/www.sabine-seyffert.de\/blog\/wp-content\/uploads\/2016\/05\/Museum-6-225x300.jpg 225w\" sizes=\"auto, (max-width: 600px) 100vw, 600px\" \/><\/a><\/p>\n<p>Weitere tolle Ausflugstipp f\u00fcr Familien findet Ihr \u00fcbrigens in <a href=\"http:\/\/www.sabine-seyffert.de\/blog\/?cat=39\" target=\"_blank\" rel=\"noopener\">dieser Rubrik<\/a> \ud83d\ude42<\/p>\n<p><a href=\"http:\/\/www.sabine-seyffert.de\/blog\/?page_id=32#urheberrecht\">urheberrechtlich gesch\u00fctzt<\/a>, \u00a9 Sabine Seyffert<\/p>\n","protected":false},"excerpt":{"rendered":"<p>An Wochenenden und in der Ferienzeit unternehmen wir als Familie gerne etwas gemeinsam. Doch die Wettervoraussichten waren diesmal nicht die besten. Aber den ganzen Tag im Haus zu hocken, macht einfach keinen Spa\u00df. Daher nutzen wir wieder einmal ein Ausflugsziel ganz in der N\u00e4he und begeben spontan auf eine spannende Zeitreise in die Vergangenheit und&#8230; <a href=\"https:\/\/www.sabine-seyffert.de\/blog\/ausflugstipp-eine-zeitreise-in-die-vergangenheit-mit-kindern-ins-neanderthalmuseum\/\" class=\"more-link\">Read more: Ausflugstipp: Eine Zeitreise in die Vergangenheit &#8211; mit Kindern ins Neanderthalmuseum<\/a><\/p>\n","protected":false},"author":2,"featured_media":7372,"comment_status":"open","ping_status":"open","sticky":false,"template":"","format":"standard","meta":{"_metis_text_type":"","_metis_text_length":2751,"_post_count":0,"footnotes":""},"categories":[39],"tags":[],"class_list":["post-7371","post","type-post","status-publish","format-standard","has-post-thumbnail","hentry","category-ausfluge-co"],"_links":{"self":[{"href":"https:\/\/www.sabine-seyffert.de\/blog\/wp-json\/wp\/v2\/posts\/7371","targetHints":{"allow":["GET"]}}],"collection":[{"href":"https:\/\/www.sabine-seyffert.de\/blog\/wp-json\/wp\/v2\/posts"}],"about":[{"href":"https:\/\/www.sabine-seyffert.de\/blog\/wp-json\/wp\/v2\/types\/post"}],"author":[{"embeddable":true,"href":"https:\/\/www.sabine-seyffert.de\/blog\/wp-json\/wp\/v2\/users\/2"}],"replies":[{"embeddable":true,"href":"https:\/\/www.sabine-seyffert.de\/blog\/wp-json\/wp\/v2\/comments?post=7371"}],"version-history":[{"count":4,"href":"https:\/\/www.sabine-seyffert.de\/blog\/wp-json\/wp\/v2\/posts\/7371\/revisions"}],"predecessor-version":[{"id":12870,"href":"https:\/\/www.sabine-seyffert.de\/blog\/wp-json\/wp\/v2\/posts\/7371\/revisions\/12870"}],"wp:featuredmedia":[{"embeddable":true,"href":"https:\/\/www.sabine-seyffert.de\/blog\/wp-json\/wp\/v2\/media\/7372"}],"wp:attachment":[{"href":"https:\/\/www.sabine-seyffert.de\/blog\/wp-json\/wp\/v2\/media?parent=7371"}],"wp:term":[{"taxonomy":"category","embeddable":true,"href":"https:\/\/www.sabine-seyffert.de\/blog\/wp-json\/wp\/v2\/categories?post=7371"},{"taxonomy":"post_tag","embeddable":true,"href":"https:\/\/www.sabine-seyffert.de\/blog\/wp-json\/wp\/v2\/tags?post=7371"}],"curies":[{"name":"wp","href":"https:\/\/api.w.org\/{rel}","templated":true}]}}