{"id":7360,"date":"2016-05-05T07:55:05","date_gmt":"2016-05-05T05:55:05","guid":{"rendered":"http:\/\/www.sabine-seyffert.de\/blog\/?p=7360"},"modified":"2017-03-01T14:52:55","modified_gmt":"2017-03-01T12:52:55","slug":"rezeptidee-lust-auf-suesses-blitzschneller-nachtisch-mit-erdbeeren-keksen","status":"publish","type":"post","link":"https:\/\/www.sabine-seyffert.de\/blog\/rezeptidee-lust-auf-suesses-blitzschneller-nachtisch-mit-erdbeeren-keksen\/","title":{"rendered":"Rezeptidee: Lust auf S\u00fc\u00dfes? Blitzschneller Nachtisch mit Erdbeeren &#038; Keksen"},"content":{"rendered":"<p style=\"text-align: justify;\"><img loading=\"lazy\" decoding=\"async\" src=\"https:\/\/ssl-vg03.met.vgwort.de\/na\/2e8cdc1b4408488791507354800a5faa\" alt=\"\" width=\"1\" height=\"1\" \/>Manchmal muss es eben auch Nachtisch sein. Und wenn dann nat\u00fcrlich am allerliebsten eines meiner \u201eBlitzrezepte\u201c. Denn f\u00fcr aufw\u00e4ndige Desserts und Co. fehlt mir mittags entschieden die Zeit. So habe ich vor ein paar Tagen frische Erdbeeren vom Einkauf mit nach Hause gebracht und als mich der Hei\u00dfhunger aus etwas S\u00fc\u00dfes \u00fcberkam, habe ich ganz spontan einen k\u00f6stlichen, veganen Nachtisch f\u00fcr die Familie gezaubert.<\/p>\n<p style=\"text-align: center;\"><a href=\"http:\/\/www.sabine-seyffert.de\/blog\/wp-content\/uploads\/2016\/05\/Erdbeernachtisch-Caramel-5.jpg\" rel=\"attachment wp-att-7361\"><img loading=\"lazy\" decoding=\"async\" class=\"alignnone size-full wp-image-7361\" src=\"http:\/\/www.sabine-seyffert.de\/blog\/wp-content\/uploads\/2016\/05\/Erdbeernachtisch-Caramel-5.jpg\" alt=\"Erdbeernachtisch Caramel 5\" width=\"800\" height=\"600\" srcset=\"https:\/\/www.sabine-seyffert.de\/blog\/wp-content\/uploads\/2016\/05\/Erdbeernachtisch-Caramel-5.jpg 800w, https:\/\/www.sabine-seyffert.de\/blog\/wp-content\/uploads\/2016\/05\/Erdbeernachtisch-Caramel-5-300x225.jpg 300w, https:\/\/www.sabine-seyffert.de\/blog\/wp-content\/uploads\/2016\/05\/Erdbeernachtisch-Caramel-5-768x576.jpg 768w\" sizes=\"auto, (max-width: 800px) 100vw, 800px\" \/><\/a><\/p>\n<p style=\"text-align: justify;\"><strong>Das wird gebraucht:<\/strong><br \/>\n125 gr. Vanillepudding aus Sojamilch (Sojadessert Vanille o.\u00e4.), 250 gr. Sojajoghurt Natur, 250 gr frische Erdbeeren, 80 gr Kekse (in unserem Fall Caramelkekse bzw. Karamellgeb\u00e4ck, denn diese sind praktischerweise vegan!), optional Zucker<\/p>\n<p style=\"text-align: center;\"><a href=\"http:\/\/www.sabine-seyffert.de\/blog\/wp-content\/uploads\/2016\/05\/Erdbeernachtisch-Caramel-0.jpg\" rel=\"attachment wp-att-7362\"><img loading=\"lazy\" decoding=\"async\" class=\"alignnone size-full wp-image-7362\" src=\"http:\/\/www.sabine-seyffert.de\/blog\/wp-content\/uploads\/2016\/05\/Erdbeernachtisch-Caramel-0.jpg\" alt=\"Erdbeernachtisch Caramel 0\" width=\"800\" height=\"600\" srcset=\"https:\/\/www.sabine-seyffert.de\/blog\/wp-content\/uploads\/2016\/05\/Erdbeernachtisch-Caramel-0.jpg 800w, https:\/\/www.sabine-seyffert.de\/blog\/wp-content\/uploads\/2016\/05\/Erdbeernachtisch-Caramel-0-300x225.jpg 300w, https:\/\/www.sabine-seyffert.de\/blog\/wp-content\/uploads\/2016\/05\/Erdbeernachtisch-Caramel-0-768x576.jpg 768w\" sizes=\"auto, (max-width: 800px) 100vw, 800px\" \/><\/a><\/p>\n<p style=\"text-align: justify;\"><strong>So wird\u2019s gemacht:<\/strong><br \/>\nDieser Nachtisch dauert in der Zubereitung h\u00f6chstens 5 Minuten. Dazu gibt man Naturjoghurt sowie den Sojapudding in eine Sch\u00fcssel und verr\u00fchrt diese miteinander.<\/p>\n<p style=\"text-align: center;\"><a href=\"http:\/\/www.sabine-seyffert.de\/blog\/wp-content\/uploads\/2016\/05\/Erdbeernachtisch-Caramel-8.jpg\" rel=\"attachment wp-att-7363\"><img loading=\"lazy\" decoding=\"async\" class=\"alignnone size-full wp-image-7363\" src=\"http:\/\/www.sabine-seyffert.de\/blog\/wp-content\/uploads\/2016\/05\/Erdbeernachtisch-Caramel-8.jpg\" alt=\"Erdbeernachtisch Caramel 8\" width=\"800\" height=\"600\" srcset=\"https:\/\/www.sabine-seyffert.de\/blog\/wp-content\/uploads\/2016\/05\/Erdbeernachtisch-Caramel-8.jpg 800w, https:\/\/www.sabine-seyffert.de\/blog\/wp-content\/uploads\/2016\/05\/Erdbeernachtisch-Caramel-8-300x225.jpg 300w, https:\/\/www.sabine-seyffert.de\/blog\/wp-content\/uploads\/2016\/05\/Erdbeernachtisch-Caramel-8-768x576.jpg 768w\" sizes=\"auto, (max-width: 800px) 100vw, 800px\" \/><\/a><\/p>\n<p style=\"text-align: justify;\">Wem das nicht s\u00fc\u00df genug sein sollte, der kann einen Essl\u00f6ffel Zucker unterr\u00fchren. Allerdings sollte man dabei beachten, dass die Kekse als solches schon sehr s\u00fc\u00df sind.<\/p>\n<p style=\"text-align: center;\"><a href=\"http:\/\/www.sabine-seyffert.de\/blog\/wp-content\/uploads\/2016\/05\/Erdbeernachtisch-Caramel-7.jpg\" rel=\"attachment wp-att-7364\"><img loading=\"lazy\" decoding=\"async\" class=\"alignnone size-full wp-image-7364\" src=\"http:\/\/www.sabine-seyffert.de\/blog\/wp-content\/uploads\/2016\/05\/Erdbeernachtisch-Caramel-7.jpg\" alt=\"Erdbeernachtisch Caramel 7\" width=\"800\" height=\"600\" srcset=\"https:\/\/www.sabine-seyffert.de\/blog\/wp-content\/uploads\/2016\/05\/Erdbeernachtisch-Caramel-7.jpg 800w, https:\/\/www.sabine-seyffert.de\/blog\/wp-content\/uploads\/2016\/05\/Erdbeernachtisch-Caramel-7-300x225.jpg 300w, https:\/\/www.sabine-seyffert.de\/blog\/wp-content\/uploads\/2016\/05\/Erdbeernachtisch-Caramel-7-768x576.jpg 768w\" sizes=\"auto, (max-width: 800px) 100vw, 800px\" \/><\/a><\/p>\n<p style=\"text-align: justify;\">Nun ben\u00f6tigt man 4 Gl\u00e4ser und schichtet darin nun abwechseln grob zerteilte Karamelkekse, geviertelte Erdbeeren und eine d\u00fcnne Schicht Joghurt \u00fcbereinander bis die Gl\u00e4ser zum Rand gef\u00fcllt sind.<\/p>\n<p style=\"text-align: center;\"><a href=\"http:\/\/www.sabine-seyffert.de\/blog\/wp-content\/uploads\/2016\/05\/Erdbeernachtisch-Caramel-6.jpg\" rel=\"attachment wp-att-7365\"><img loading=\"lazy\" decoding=\"async\" class=\"alignnone size-full wp-image-7365\" src=\"http:\/\/www.sabine-seyffert.de\/blog\/wp-content\/uploads\/2016\/05\/Erdbeernachtisch-Caramel-6.jpg\" alt=\"Erdbeernachtisch Caramel 6\" width=\"800\" height=\"600\" srcset=\"https:\/\/www.sabine-seyffert.de\/blog\/wp-content\/uploads\/2016\/05\/Erdbeernachtisch-Caramel-6.jpg 800w, https:\/\/www.sabine-seyffert.de\/blog\/wp-content\/uploads\/2016\/05\/Erdbeernachtisch-Caramel-6-300x225.jpg 300w, https:\/\/www.sabine-seyffert.de\/blog\/wp-content\/uploads\/2016\/05\/Erdbeernachtisch-Caramel-6-768x576.jpg 768w\" sizes=\"auto, (max-width: 800px) 100vw, 800px\" \/><\/a><\/p>\n<p style=\"text-align: justify;\">Jetzt stellt man den Nachtisch etwa 45 bis 60 Minuten in den K\u00fchlschrank damit er durchziehen kann und die Kekse leicht durchweichen k\u00f6nnen.<\/p>\n<p style=\"text-align: center;\"><a href=\"http:\/\/www.sabine-seyffert.de\/blog\/wp-content\/uploads\/2016\/05\/Erdbeernachtisch-Caramel-5-1.jpg\" rel=\"attachment wp-att-7366\"><img loading=\"lazy\" decoding=\"async\" class=\"alignnone size-full wp-image-7366\" src=\"http:\/\/www.sabine-seyffert.de\/blog\/wp-content\/uploads\/2016\/05\/Erdbeernachtisch-Caramel-5-1.jpg\" alt=\"Erdbeernachtisch Caramel 5\" width=\"800\" height=\"600\" srcset=\"https:\/\/www.sabine-seyffert.de\/blog\/wp-content\/uploads\/2016\/05\/Erdbeernachtisch-Caramel-5-1.jpg 800w, https:\/\/www.sabine-seyffert.de\/blog\/wp-content\/uploads\/2016\/05\/Erdbeernachtisch-Caramel-5-1-300x225.jpg 300w, https:\/\/www.sabine-seyffert.de\/blog\/wp-content\/uploads\/2016\/05\/Erdbeernachtisch-Caramel-5-1-768x576.jpg 768w\" sizes=\"auto, (max-width: 800px) 100vw, 800px\" \/><\/a><\/p>\n<p style=\"text-align: justify;\">Danach kann der Ratz Fatz Nachtisch verspeist werden \u2013 so lecker kann ich euch verraten \ud83d\ude42<\/p>\n<p style=\"text-align: center;\"><a href=\"http:\/\/www.sabine-seyffert.de\/blog\/wp-content\/uploads\/2016\/05\/Erdbeernachtisch-Caramel-4.jpg\" rel=\"attachment wp-att-7367\"><img loading=\"lazy\" decoding=\"async\" class=\"alignnone size-full wp-image-7367\" src=\"http:\/\/www.sabine-seyffert.de\/blog\/wp-content\/uploads\/2016\/05\/Erdbeernachtisch-Caramel-4.jpg\" alt=\"Erdbeernachtisch Caramel 4\" width=\"600\" height=\"800\" srcset=\"https:\/\/www.sabine-seyffert.de\/blog\/wp-content\/uploads\/2016\/05\/Erdbeernachtisch-Caramel-4.jpg 600w, https:\/\/www.sabine-seyffert.de\/blog\/wp-content\/uploads\/2016\/05\/Erdbeernachtisch-Caramel-4-225x300.jpg 225w\" sizes=\"auto, (max-width: 600px) 100vw, 600px\" \/><\/a><\/p>\n<p style=\"text-align: justify;\"><strong>Ein kleiner Tipp:<\/strong><br \/>\nF\u00fcr alle Nichtveganer unter meinen Lesern \u2013 keine Angst, diesen Nachtisch k\u00f6nnt Ihr alternativ auch einfach mit einem kleinen Becher normalen Vanille Pudding und herk\u00f6mmlichen Naturjoghurt aus dem Glas zubereiten.<\/p>\n<p style=\"text-align: center;\"><a href=\"http:\/\/www.sabine-seyffert.de\/blog\/wp-content\/uploads\/2016\/05\/Erdbeernachtisch-Caramel-3.jpg\" rel=\"attachment wp-att-7368\"><img loading=\"lazy\" decoding=\"async\" class=\"alignnone size-full wp-image-7368\" src=\"http:\/\/www.sabine-seyffert.de\/blog\/wp-content\/uploads\/2016\/05\/Erdbeernachtisch-Caramel-3.jpg\" alt=\"Erdbeernachtisch Caramel 3\" width=\"800\" height=\"600\" srcset=\"https:\/\/www.sabine-seyffert.de\/blog\/wp-content\/uploads\/2016\/05\/Erdbeernachtisch-Caramel-3.jpg 800w, https:\/\/www.sabine-seyffert.de\/blog\/wp-content\/uploads\/2016\/05\/Erdbeernachtisch-Caramel-3-300x225.jpg 300w, https:\/\/www.sabine-seyffert.de\/blog\/wp-content\/uploads\/2016\/05\/Erdbeernachtisch-Caramel-3-768x576.jpg 768w\" sizes=\"auto, (max-width: 800px) 100vw, 800px\" \/><\/a><\/p>\n<p style=\"text-align: justify;\">Der Unterschied ist geschmacklich gesehen hierbei erfreulicherweise nur ganz minimal und kaum zu schmecken, wetten? Probiert es doch einfach mal aus! Den Sojajoghurt bekommt man inzwischen in fast jedem Supermarkt und sogar im Discounter im K\u00fchlregal.<\/p>\n<p style=\"text-align: center;\"><a href=\"http:\/\/www.sabine-seyffert.de\/blog\/wp-content\/uploads\/2016\/05\/Erdbeernachtisch-Caramel-2.jpg\" rel=\"attachment wp-att-7369\"><img loading=\"lazy\" decoding=\"async\" class=\"alignnone size-full wp-image-7369\" src=\"http:\/\/www.sabine-seyffert.de\/blog\/wp-content\/uploads\/2016\/05\/Erdbeernachtisch-Caramel-2.jpg\" alt=\"Erdbeernachtisch Caramel 2\" width=\"800\" height=\"600\" srcset=\"https:\/\/www.sabine-seyffert.de\/blog\/wp-content\/uploads\/2016\/05\/Erdbeernachtisch-Caramel-2.jpg 800w, https:\/\/www.sabine-seyffert.de\/blog\/wp-content\/uploads\/2016\/05\/Erdbeernachtisch-Caramel-2-300x225.jpg 300w, https:\/\/www.sabine-seyffert.de\/blog\/wp-content\/uploads\/2016\/05\/Erdbeernachtisch-Caramel-2-768x576.jpg 768w\" sizes=\"auto, (max-width: 800px) 100vw, 800px\" \/><\/a><\/p>\n<p><a href=\"http:\/\/www.sabine-seyffert.de\/blog\/?page_id=32#urheberrecht\">urheberrechtlich gesch\u00fctzt<\/a>, \u00a9 Sabine Seyffert<\/p>\n","protected":false},"excerpt":{"rendered":"<p>Manchmal muss es eben auch Nachtisch sein. Und wenn dann nat\u00fcrlich am allerliebsten eines meiner \u201eBlitzrezepte\u201c. Denn f\u00fcr aufw\u00e4ndige Desserts und Co. fehlt mir mittags entschieden die Zeit. So habe ich vor ein paar Tagen frische Erdbeeren vom Einkauf mit nach Hause gebracht und als mich der Hei\u00dfhunger aus etwas S\u00fc\u00dfes \u00fcberkam, habe ich ganz&#8230; <a href=\"https:\/\/www.sabine-seyffert.de\/blog\/rezeptidee-lust-auf-suesses-blitzschneller-nachtisch-mit-erdbeeren-keksen\/\" class=\"more-link\">Read more: Rezeptidee: Lust auf S\u00fc\u00dfes? Blitzschneller Nachtisch mit Erdbeeren &#038; Keksen<\/a><\/p>\n","protected":false},"author":2,"featured_media":0,"comment_status":"open","ping_status":"open","sticky":false,"template":"","format":"standard","meta":{"_metis_text_type":"","_metis_text_length":1975,"_post_count":0,"footnotes":""},"categories":[31,44],"tags":[],"class_list":["post-7360","post","type-post","status-publish","format-standard","hentry","category-rezepte-suse-kuchen-co","category-rezepte-vegan"],"_links":{"self":[{"href":"https:\/\/www.sabine-seyffert.de\/blog\/wp-json\/wp\/v2\/posts\/7360","targetHints":{"allow":["GET"]}}],"collection":[{"href":"https:\/\/www.sabine-seyffert.de\/blog\/wp-json\/wp\/v2\/posts"}],"about":[{"href":"https:\/\/www.sabine-seyffert.de\/blog\/wp-json\/wp\/v2\/types\/post"}],"author":[{"embeddable":true,"href":"https:\/\/www.sabine-seyffert.de\/blog\/wp-json\/wp\/v2\/users\/2"}],"replies":[{"embeddable":true,"href":"https:\/\/www.sabine-seyffert.de\/blog\/wp-json\/wp\/v2\/comments?post=7360"}],"version-history":[{"count":1,"href":"https:\/\/www.sabine-seyffert.de\/blog\/wp-json\/wp\/v2\/posts\/7360\/revisions"}],"predecessor-version":[{"id":7370,"href":"https:\/\/www.sabine-seyffert.de\/blog\/wp-json\/wp\/v2\/posts\/7360\/revisions\/7370"}],"wp:attachment":[{"href":"https:\/\/www.sabine-seyffert.de\/blog\/wp-json\/wp\/v2\/media?parent=7360"}],"wp:term":[{"taxonomy":"category","embeddable":true,"href":"https:\/\/www.sabine-seyffert.de\/blog\/wp-json\/wp\/v2\/categories?post=7360"},{"taxonomy":"post_tag","embeddable":true,"href":"https:\/\/www.sabine-seyffert.de\/blog\/wp-json\/wp\/v2\/tags?post=7360"}],"curies":[{"name":"wp","href":"https:\/\/api.w.org\/{rel}","templated":true}]}}