{"id":7314,"date":"2016-04-30T05:47:16","date_gmt":"2016-04-30T03:47:16","guid":{"rendered":"http:\/\/www.sabine-seyffert.de\/blog\/?p=7314"},"modified":"2018-06-26T17:23:52","modified_gmt":"2018-06-26T15:23:52","slug":"ausflugstipp-kommt-wir-entdecken-heute-mal-das-neandertal-begeben-uns-auf-spurensuche","status":"publish","type":"post","link":"https:\/\/www.sabine-seyffert.de\/blog\/ausflugstipp-kommt-wir-entdecken-heute-mal-das-neandertal-begeben-uns-auf-spurensuche\/","title":{"rendered":"Ausflugstipp: Kommt, wir entdecken heute mal das Neandertal &#038; begeben uns auf Spurensuche!"},"content":{"rendered":"<p style=\"text-align: justify;\"><img loading=\"lazy\" decoding=\"async\" src=\"https:\/\/ssl-vg03.met.vgwort.de\/na\/66bcc34c0ae74eacbc50b561afe8da47\" alt=\"\" width=\"1\" height=\"1\" \/>Gerade einmal 10 Kilometer von uns entfernt liegt <a href=\"https:\/\/de.wikipedia.org\/wiki\/Neandertal\" target=\"_blank\" rel=\"noopener\">das Neandertal<\/a>. Als das Neandertal vor \u00fcber 150 Jahren noch einfach ein Bachtal war, wo Arbeiter Kalk aus den Steinen hauten, konnte nichts den Glauben daran ersch\u00fcttern, dass alle Menschen von Adam und Eva abstammten. Was denn auch sonst?<\/p>\n<p style=\"text-align: center;\"><a href=\"http:\/\/www.sabine-seyffert.de\/blog\/wp-content\/uploads\/2016\/04\/Neandertal-3.jpg\" rel=\"attachment wp-att-7315\"><img loading=\"lazy\" decoding=\"async\" class=\"alignnone size-full wp-image-7315\" src=\"http:\/\/www.sabine-seyffert.de\/blog\/wp-content\/uploads\/2016\/04\/Neandertal-3.jpg\" alt=\"Neandertal 3\" width=\"800\" height=\"600\" srcset=\"https:\/\/www.sabine-seyffert.de\/blog\/wp-content\/uploads\/2016\/04\/Neandertal-3.jpg 800w, https:\/\/www.sabine-seyffert.de\/blog\/wp-content\/uploads\/2016\/04\/Neandertal-3-300x225.jpg 300w, https:\/\/www.sabine-seyffert.de\/blog\/wp-content\/uploads\/2016\/04\/Neandertal-3-768x576.jpg 768w\" sizes=\"auto, (max-width: 800px) 100vw, 800px\" \/><\/a><\/p>\n<p style=\"text-align: justify;\">Dann fanden Bauarbeiter 1856 seltsame Knochen &#8211; ein H\u00f6hlenb\u00e4r? Ein Mensch war das nicht&#8230; Der Wuppertaler Gymnasiallehrer Carl Fuhlrott wurde zu Rate gezogen. Und er vermutete, dass es sich hier um einen Urmenschen handelt &#8211; immerhin noch vor Darwins &#8220;\u00dcber die Entstehung der Arten&#8221;. Eine ungeheuerliche Idee! Entsprechend viel Gegenwind erhielt Fuhlrott.<\/p>\n<p style=\"text-align: center;\"><a href=\"http:\/\/www.sabine-seyffert.de\/blog\/wp-content\/uploads\/2016\/04\/Neandertal-0.jpg\" rel=\"attachment wp-att-7316\"><img loading=\"lazy\" decoding=\"async\" class=\"alignnone size-full wp-image-7316\" src=\"http:\/\/www.sabine-seyffert.de\/blog\/wp-content\/uploads\/2016\/04\/Neandertal-0.jpg\" alt=\"Neandertal 0\" width=\"800\" height=\"600\" srcset=\"https:\/\/www.sabine-seyffert.de\/blog\/wp-content\/uploads\/2016\/04\/Neandertal-0.jpg 800w, https:\/\/www.sabine-seyffert.de\/blog\/wp-content\/uploads\/2016\/04\/Neandertal-0-300x225.jpg 300w, https:\/\/www.sabine-seyffert.de\/blog\/wp-content\/uploads\/2016\/04\/Neandertal-0-768x576.jpg 768w\" sizes=\"auto, (max-width: 800px) 100vw, 800px\" \/><\/a><\/p>\n<p style=\"text-align: justify;\">Doch immer mehr Funde dieser Art gab es, und die ganze wissenschaftliche Welt debattierte \u00fcber den Neandertaler. Sp\u00e4ter erhielt dieser Menschenzweig auch genau diesen Namen: Neandertaler. Jahrzehntausende lebte er neben dem homo sapiens in Europa, und erst vor 30.000 Jahren starb der Neandertaler aus. Warum, wei\u00df niemand genau.<\/p>\n<p style=\"text-align: center;\"><a href=\"http:\/\/www.sabine-seyffert.de\/blog\/wp-content\/uploads\/2016\/04\/Neandertal-2.jpg\" rel=\"attachment wp-att-7317\"><img loading=\"lazy\" decoding=\"async\" class=\"alignnone size-full wp-image-7317\" src=\"http:\/\/www.sabine-seyffert.de\/blog\/wp-content\/uploads\/2016\/04\/Neandertal-2.jpg\" alt=\"Neandertal 2\" width=\"600\" height=\"800\" srcset=\"https:\/\/www.sabine-seyffert.de\/blog\/wp-content\/uploads\/2016\/04\/Neandertal-2.jpg 600w, https:\/\/www.sabine-seyffert.de\/blog\/wp-content\/uploads\/2016\/04\/Neandertal-2-225x300.jpg 225w\" sizes=\"auto, (max-width: 600px) 100vw, 600px\" \/><\/a><\/p>\n<p style=\"text-align: justify;\">In j\u00fcngster Zeit konnte durch Genom-Datenbanken nachgewiesen werden, dass wir alle ein bisschen Neandertaler im Erbgut haben &#8211; wir alle stammen auch vom Neandertaler ab.<\/p>\n<p style=\"text-align: center;\"><a href=\"http:\/\/www.sabine-seyffert.de\/blog\/wp-content\/uploads\/2016\/04\/Neandertal-6.jpg\" rel=\"attachment wp-att-7318\"><img loading=\"lazy\" decoding=\"async\" class=\"alignnone size-full wp-image-7318\" src=\"http:\/\/www.sabine-seyffert.de\/blog\/wp-content\/uploads\/2016\/04\/Neandertal-6.jpg\" alt=\"Neandertal 6\" width=\"600\" height=\"800\" srcset=\"https:\/\/www.sabine-seyffert.de\/blog\/wp-content\/uploads\/2016\/04\/Neandertal-6.jpg 600w, https:\/\/www.sabine-seyffert.de\/blog\/wp-content\/uploads\/2016\/04\/Neandertal-6-225x300.jpg 225w\" sizes=\"auto, (max-width: 600px) 100vw, 600px\" \/><\/a><\/p>\n<p style=\"text-align: justify;\">Der Fr\u00fchling lockt nach Drau\u00dfen und somit begeben wir uns am Wochenende auf eine kleine Spurensuche und wandern durch das Neandertal. Direkt vom Parkplatz und der Bushaltestelle gelangt man geradeaus auf einen Wanderweg.<\/p>\n<p style=\"text-align: center;\"><a href=\"http:\/\/www.sabine-seyffert.de\/blog\/wp-content\/uploads\/2016\/04\/Neandertal-11.jpg\" rel=\"attachment wp-att-7319\"><img loading=\"lazy\" decoding=\"async\" class=\"alignnone size-full wp-image-7319\" src=\"http:\/\/www.sabine-seyffert.de\/blog\/wp-content\/uploads\/2016\/04\/Neandertal-11.jpg\" alt=\"Neandertal 11\" width=\"600\" height=\"800\" srcset=\"https:\/\/www.sabine-seyffert.de\/blog\/wp-content\/uploads\/2016\/04\/Neandertal-11.jpg 600w, https:\/\/www.sabine-seyffert.de\/blog\/wp-content\/uploads\/2016\/04\/Neandertal-11-225x300.jpg 225w\" sizes=\"auto, (max-width: 600px) 100vw, 600px\" \/><\/a><\/p>\n<p style=\"text-align: justify;\">Dieser f\u00fchrt direkt an der D\u00fcssel entlang. Um diese Zeit scheint gl\u00fccklicherweise noch nicht viel los zu sein. Somit k\u00f6nnen wir die Gegend und die Natur in aller Ruhe erkunden und den Spaziergang genie\u00dfen. Leider ist es derzeit noch viel zu kalt, aber im Sommer l\u00e4sst es sich hier direkt am Bach bestimmt ganz wunderbar Spielen.<\/p>\n<p style=\"text-align: center;\"><a href=\"http:\/\/www.sabine-seyffert.de\/blog\/wp-content\/uploads\/2016\/04\/Neandertal-8.jpg\" rel=\"attachment wp-att-7320\"><img loading=\"lazy\" decoding=\"async\" class=\"alignnone size-full wp-image-7320\" src=\"http:\/\/www.sabine-seyffert.de\/blog\/wp-content\/uploads\/2016\/04\/Neandertal-8.jpg\" alt=\"Neandertal 8\" width=\"800\" height=\"600\" srcset=\"https:\/\/www.sabine-seyffert.de\/blog\/wp-content\/uploads\/2016\/04\/Neandertal-8.jpg 800w, https:\/\/www.sabine-seyffert.de\/blog\/wp-content\/uploads\/2016\/04\/Neandertal-8-300x225.jpg 300w, https:\/\/www.sabine-seyffert.de\/blog\/wp-content\/uploads\/2016\/04\/Neandertal-8-768x576.jpg 768w\" sizes=\"auto, (max-width: 800px) 100vw, 800px\" \/><\/a><\/p>\n<p style=\"text-align: justify;\">Hier und da findet man kleine Kunstwerke auf dem Weg, kann auf der gegen\u00fcberliegenden Bachseite die \u201eSteinzeitwerkstatt\u201c ersp\u00e4hen und findet an einigen Stellen kleine Br\u00fccken, auf denen man die D\u00fcssel zu Fu\u00df \u00fcberqueren kann.<\/p>\n<p style=\"text-align: center;\"><a href=\"http:\/\/www.sabine-seyffert.de\/blog\/wp-content\/uploads\/2016\/04\/Neandertal-12.jpg\" rel=\"attachment wp-att-7321\"><img loading=\"lazy\" decoding=\"async\" class=\"alignnone size-full wp-image-7321\" src=\"http:\/\/www.sabine-seyffert.de\/blog\/wp-content\/uploads\/2016\/04\/Neandertal-12.jpg\" alt=\"Neandertal 12\" width=\"600\" height=\"800\" srcset=\"https:\/\/www.sabine-seyffert.de\/blog\/wp-content\/uploads\/2016\/04\/Neandertal-12.jpg 600w, https:\/\/www.sabine-seyffert.de\/blog\/wp-content\/uploads\/2016\/04\/Neandertal-12-225x300.jpg 225w\" sizes=\"auto, (max-width: 600px) 100vw, 600px\" \/><\/a><\/p>\n<p style=\"text-align: justify;\">Am Wegesrand entdecken wir ein paar geheimnisvolle \u201eK\u00e4sten\u201c, die auf der oberen Seite einen Aufdruck tragen. Was es damit auf sich hat, verrate ich Euch <a href=\"http:\/\/www.sabine-seyffert.de\/blog\/?p=7371\" target=\"_blank\" rel=\"noopener\">in der n\u00e4chsten Woche<\/a>!<\/p>\n<p style=\"text-align: center;\"><a href=\"http:\/\/www.sabine-seyffert.de\/blog\/wp-content\/uploads\/2016\/04\/Neandertal-4.jpg\" rel=\"attachment wp-att-7322\"><img loading=\"lazy\" decoding=\"async\" class=\"alignnone size-full wp-image-7322\" src=\"http:\/\/www.sabine-seyffert.de\/blog\/wp-content\/uploads\/2016\/04\/Neandertal-4.jpg\" alt=\"Neandertal 4\" width=\"800\" height=\"600\" srcset=\"https:\/\/www.sabine-seyffert.de\/blog\/wp-content\/uploads\/2016\/04\/Neandertal-4.jpg 800w, https:\/\/www.sabine-seyffert.de\/blog\/wp-content\/uploads\/2016\/04\/Neandertal-4-300x225.jpg 300w, https:\/\/www.sabine-seyffert.de\/blog\/wp-content\/uploads\/2016\/04\/Neandertal-4-768x576.jpg 768w\" sizes=\"auto, (max-width: 800px) 100vw, 800px\" \/><\/a><\/p>\n<p style=\"text-align: justify;\">Wer etwas mehr Zeit einplant und das Wetter auf seiner Seite hat, kann hier noch weitere spannende Sachen entdecken wie beispielsweise den Kunstweg, die Fundstelle des Neandertalers sowie das eiszeitliche Wildgehege.<br \/>\nBei diesem Ausflug macht selbst der Nachwuchs gerne mit, wetten?<\/p>\n<p style=\"text-align: center;\"><a href=\"http:\/\/www.sabine-seyffert.de\/blog\/wp-content\/uploads\/2016\/04\/Neandertal-13.jpg\" rel=\"attachment wp-att-7323\"><img loading=\"lazy\" decoding=\"async\" class=\"alignnone size-full wp-image-7323\" src=\"http:\/\/www.sabine-seyffert.de\/blog\/wp-content\/uploads\/2016\/04\/Neandertal-13.jpg\" alt=\"Neandertal 13\" width=\"600\" height=\"800\" srcset=\"https:\/\/www.sabine-seyffert.de\/blog\/wp-content\/uploads\/2016\/04\/Neandertal-13.jpg 600w, https:\/\/www.sabine-seyffert.de\/blog\/wp-content\/uploads\/2016\/04\/Neandertal-13-225x300.jpg 225w\" sizes=\"auto, (max-width: 600px) 100vw, 600px\" \/><\/a><\/p>\n<p style=\"text-align: justify;\">Weitere spannende Ausflugsziele f\u00fcr Familien findet Ihr \u00fcbrigens in <a href=\"http:\/\/www.sabine-seyffert.de\/blog\/?cat=39\" target=\"_blank\" rel=\"noopener\">dieser Rubrik<\/a> &#8211; viel Spa\u00df beim Entdecken!<\/p>\n<p style=\"text-align: center;\"><a href=\"http:\/\/www.sabine-seyffert.de\/blog\/wp-content\/uploads\/2016\/04\/Neandertal-9.jpg\" rel=\"attachment wp-att-7324\"><img loading=\"lazy\" decoding=\"async\" class=\"alignnone size-full wp-image-7324\" src=\"http:\/\/www.sabine-seyffert.de\/blog\/wp-content\/uploads\/2016\/04\/Neandertal-9.jpg\" alt=\"Neandertal 9\" width=\"600\" height=\"800\" srcset=\"https:\/\/www.sabine-seyffert.de\/blog\/wp-content\/uploads\/2016\/04\/Neandertal-9.jpg 600w, https:\/\/www.sabine-seyffert.de\/blog\/wp-content\/uploads\/2016\/04\/Neandertal-9-225x300.jpg 225w\" sizes=\"auto, (max-width: 600px) 100vw, 600px\" \/><\/a><\/p>\n<p><a href=\"http:\/\/www.sabine-seyffert.de\/blog\/?page_id=32#urheberrecht\">urheberrechtlich gesch\u00fctzt<\/a>, \u00a9 Sabine Seyffert<\/p>\n","protected":false},"excerpt":{"rendered":"<p>Gerade einmal 10 Kilometer von uns entfernt liegt das Neandertal. Als das Neandertal vor \u00fcber 150 Jahren noch einfach ein Bachtal war, wo Arbeiter Kalk aus den Steinen hauten, konnte nichts den Glauben daran ersch\u00fcttern, dass alle Menschen von Adam und Eva abstammten. Was denn auch sonst? Dann fanden Bauarbeiter 1856 seltsame Knochen &#8211; ein&#8230; <a href=\"https:\/\/www.sabine-seyffert.de\/blog\/ausflugstipp-kommt-wir-entdecken-heute-mal-das-neandertal-begeben-uns-auf-spurensuche\/\" class=\"more-link\">Read more: Ausflugstipp: Kommt, wir entdecken heute mal das Neandertal &#038; begeben uns auf Spurensuche!<\/a><\/p>\n","protected":false},"author":2,"featured_media":7320,"comment_status":"open","ping_status":"open","sticky":false,"template":"","format":"standard","meta":{"_metis_text_type":"","_metis_text_length":2575,"_post_count":0,"footnotes":""},"categories":[39,23],"tags":[],"class_list":["post-7314","post","type-post","status-publish","format-standard","has-post-thumbnail","hentry","category-ausfluge-co","category-fruhling"],"_links":{"self":[{"href":"https:\/\/www.sabine-seyffert.de\/blog\/wp-json\/wp\/v2\/posts\/7314","targetHints":{"allow":["GET"]}}],"collection":[{"href":"https:\/\/www.sabine-seyffert.de\/blog\/wp-json\/wp\/v2\/posts"}],"about":[{"href":"https:\/\/www.sabine-seyffert.de\/blog\/wp-json\/wp\/v2\/types\/post"}],"author":[{"embeddable":true,"href":"https:\/\/www.sabine-seyffert.de\/blog\/wp-json\/wp\/v2\/users\/2"}],"replies":[{"embeddable":true,"href":"https:\/\/www.sabine-seyffert.de\/blog\/wp-json\/wp\/v2\/comments?post=7314"}],"version-history":[{"count":4,"href":"https:\/\/www.sabine-seyffert.de\/blog\/wp-json\/wp\/v2\/posts\/7314\/revisions"}],"predecessor-version":[{"id":12871,"href":"https:\/\/www.sabine-seyffert.de\/blog\/wp-json\/wp\/v2\/posts\/7314\/revisions\/12871"}],"wp:featuredmedia":[{"embeddable":true,"href":"https:\/\/www.sabine-seyffert.de\/blog\/wp-json\/wp\/v2\/media\/7320"}],"wp:attachment":[{"href":"https:\/\/www.sabine-seyffert.de\/blog\/wp-json\/wp\/v2\/media?parent=7314"}],"wp:term":[{"taxonomy":"category","embeddable":true,"href":"https:\/\/www.sabine-seyffert.de\/blog\/wp-json\/wp\/v2\/categories?post=7314"},{"taxonomy":"post_tag","embeddable":true,"href":"https:\/\/www.sabine-seyffert.de\/blog\/wp-json\/wp\/v2\/tags?post=7314"}],"curies":[{"name":"wp","href":"https:\/\/api.w.org\/{rel}","templated":true}]}}