{"id":7267,"date":"2016-04-23T07:13:10","date_gmt":"2016-04-23T05:13:10","guid":{"rendered":"http:\/\/www.sabine-seyffert.de\/blog\/?p=7267"},"modified":"2018-06-26T17:25:11","modified_gmt":"2018-06-26T15:25:11","slug":"wochenende-ist-familienzeit-zeit-fuer-einen-spontanen-ausflug-in-den-gruenen-zoo","status":"publish","type":"post","link":"https:\/\/www.sabine-seyffert.de\/blog\/wochenende-ist-familienzeit-zeit-fuer-einen-spontanen-ausflug-in-den-gruenen-zoo\/","title":{"rendered":"Wochenende ist Familienzeit: Zeit f\u00fcr einen spontanen Ausflug in den gr\u00fcnen Zoo"},"content":{"rendered":"<p style=\"text-align: justify;\"><img loading=\"lazy\" decoding=\"async\" src=\"https:\/\/ssl-vg03.met.vgwort.de\/na\/cd98fb13e35d437988d5a7c36c2e171c\" alt=\"\" width=\"1\" height=\"1\" \/>Die Wettervorhersage ist nicht wirklich das, was man sich f\u00fcr ein gem\u00fctliches Familienwochenende im Fr\u00fchling w\u00fcnscht. Dennoch kommt nach dem Mittagessen die Sonne hervor und strahlt mit dem Fr\u00fchlingshimmel um die Wette. Dem Sonnenschein konnten wir einfach nicht widerstehen und ein bisschen frische Luft kann auch nicht schaden.<\/p>\n<p style=\"text-align: center;\"><a href=\"http:\/\/www.sabine-seyffert.de\/blog\/wp-content\/uploads\/2016\/04\/Zoo-2.jpg\" rel=\"attachment wp-att-7269\"><img loading=\"lazy\" decoding=\"async\" class=\"alignnone size-full wp-image-7269\" src=\"http:\/\/www.sabine-seyffert.de\/blog\/wp-content\/uploads\/2016\/04\/Zoo-2.jpg\" alt=\"Zoo 2\" width=\"800\" height=\"600\" srcset=\"https:\/\/www.sabine-seyffert.de\/blog\/wp-content\/uploads\/2016\/04\/Zoo-2.jpg 800w, https:\/\/www.sabine-seyffert.de\/blog\/wp-content\/uploads\/2016\/04\/Zoo-2-300x225.jpg 300w, https:\/\/www.sabine-seyffert.de\/blog\/wp-content\/uploads\/2016\/04\/Zoo-2-768x576.jpg 768w\" sizes=\"auto, (max-width: 800px) 100vw, 800px\" \/><\/a><\/p>\n<p style=\"text-align: justify;\">Also entscheiden wir uns ganz spontan, dem Wuppertaler Zoo endlich mal wieder einen Besuch abzustatten. Denn der ist von hier aus praktisch \u201eum die Ecke\u201c.<\/p>\n<p style=\"text-align: center;\"><a href=\"http:\/\/www.sabine-seyffert.de\/blog\/wp-content\/uploads\/2016\/04\/Papagei.jpg\" rel=\"attachment wp-att-7270\"><img loading=\"lazy\" decoding=\"async\" class=\"alignnone size-full wp-image-7270\" src=\"http:\/\/www.sabine-seyffert.de\/blog\/wp-content\/uploads\/2016\/04\/Papagei.jpg\" alt=\"Papagei\" width=\"600\" height=\"800\" srcset=\"https:\/\/www.sabine-seyffert.de\/blog\/wp-content\/uploads\/2016\/04\/Papagei.jpg 600w, https:\/\/www.sabine-seyffert.de\/blog\/wp-content\/uploads\/2016\/04\/Papagei-225x300.jpg 225w\" sizes=\"auto, (max-width: 600px) 100vw, 600px\" \/><\/a><\/p>\n<p style=\"text-align: justify;\">Zuerst spazieren wir zu den Seel\u00f6wen, denn dort gibt es gerade eine F\u00fctterung. Hier wird nicht nur reichlich frischer Fisch verf\u00fcttert, sondern der Seel\u00f6we Mylo zeigt den Besuchern sein K\u00f6nnen. Dazu erz\u00e4hlt der Tierpfleger den Zuschauern auch allerhand interessantes \u00fcber Seel\u00f6wen.<\/p>\n<p style=\"text-align: center;\"><a href=\"http:\/\/www.sabine-seyffert.de\/blog\/wp-content\/uploads\/2016\/04\/Seel\u00f6we.jpg\" rel=\"attachment wp-att-7271\"><img loading=\"lazy\" decoding=\"async\" class=\"alignnone size-full wp-image-7271\" src=\"http:\/\/www.sabine-seyffert.de\/blog\/wp-content\/uploads\/2016\/04\/Seel\u00f6we.jpg\" alt=\"Seel\u00f6we\" width=\"800\" height=\"600\" srcset=\"https:\/\/www.sabine-seyffert.de\/blog\/wp-content\/uploads\/2016\/04\/Seel\u00f6we.jpg 800w, https:\/\/www.sabine-seyffert.de\/blog\/wp-content\/uploads\/2016\/04\/Seel\u00f6we-300x225.jpg 300w, https:\/\/www.sabine-seyffert.de\/blog\/wp-content\/uploads\/2016\/04\/Seel\u00f6we-768x576.jpg 768w\" sizes=\"auto, (max-width: 800px) 100vw, 800px\" \/><\/a><\/p>\n<p style=\"text-align: justify;\">Weiter geht es diesmal zu dem <a href=\"http:\/\/www.zoo-wuppertal.de\/highlights\/juniorzoo.html\" target=\"_blank\" rel=\"noopener\">Juniorzoo<\/a>, den es erst seit kurzem hier gibt. Dort finden sich Ziegen, H\u00fchner und auch Esel.<\/p>\n<p style=\"text-align: justify;\"><a href=\"http:\/\/www.sabine-seyffert.de\/blog\/wp-content\/uploads\/2016\/04\/Streichelzoo.jpg\" rel=\"attachment wp-att-7272\"><img loading=\"lazy\" decoding=\"async\" class=\"size-full wp-image-7272 aligncenter\" src=\"http:\/\/www.sabine-seyffert.de\/blog\/wp-content\/uploads\/2016\/04\/Streichelzoo.jpg\" alt=\"Streichelzoo\" width=\"800\" height=\"600\" srcset=\"https:\/\/www.sabine-seyffert.de\/blog\/wp-content\/uploads\/2016\/04\/Streichelzoo.jpg 800w, https:\/\/www.sabine-seyffert.de\/blog\/wp-content\/uploads\/2016\/04\/Streichelzoo-300x225.jpg 300w, https:\/\/www.sabine-seyffert.de\/blog\/wp-content\/uploads\/2016\/04\/Streichelzoo-768x576.jpg 768w\" sizes=\"auto, (max-width: 800px) 100vw, 800px\" \/><\/a><\/p>\n<p style=\"text-align: justify;\">Die kleinen Besucher d\u00fcrfen hier nicht nur die Tiere streicheln, sondern auch beim Saubermachen des Geheges helfen. Denn das geh\u00f6rt ja schlie\u00dflich mit dazu.<\/p>\n<p style=\"text-align: center;\"><a href=\"http:\/\/www.sabine-seyffert.de\/blog\/wp-content\/uploads\/2016\/04\/Hahn.jpg\" rel=\"attachment wp-att-7278\"><img loading=\"lazy\" decoding=\"async\" class=\"alignnone size-full wp-image-7278\" src=\"http:\/\/www.sabine-seyffert.de\/blog\/wp-content\/uploads\/2016\/04\/Hahn.jpg\" alt=\"Hahn\" width=\"600\" height=\"800\" srcset=\"https:\/\/www.sabine-seyffert.de\/blog\/wp-content\/uploads\/2016\/04\/Hahn.jpg 600w, https:\/\/www.sabine-seyffert.de\/blog\/wp-content\/uploads\/2016\/04\/Hahn-225x300.jpg 225w\" sizes=\"auto, (max-width: 600px) 100vw, 600px\" \/><\/a><\/p>\n<p style=\"text-align: justify;\">Und wer den Junior Zoo schlie\u00dflich wieder verl\u00e4sst, der findet direkt am Ausgang Waschbecken um die H\u00e4nde zu waschen \u2013 sehr praktisch!<\/p>\n<p style=\"text-align: center;\"><a href=\"http:\/\/www.sabine-seyffert.de\/blog\/wp-content\/uploads\/2016\/04\/Streichelzoo-2.jpg\" rel=\"attachment wp-att-7273\"><img loading=\"lazy\" decoding=\"async\" class=\"alignnone size-full wp-image-7273\" src=\"http:\/\/www.sabine-seyffert.de\/blog\/wp-content\/uploads\/2016\/04\/Streichelzoo-2.jpg\" alt=\"Streichelzoo 2\" width=\"800\" height=\"600\" srcset=\"https:\/\/www.sabine-seyffert.de\/blog\/wp-content\/uploads\/2016\/04\/Streichelzoo-2.jpg 800w, https:\/\/www.sabine-seyffert.de\/blog\/wp-content\/uploads\/2016\/04\/Streichelzoo-2-300x225.jpg 300w, https:\/\/www.sabine-seyffert.de\/blog\/wp-content\/uploads\/2016\/04\/Streichelzoo-2-768x576.jpg 768w\" sizes=\"auto, (max-width: 800px) 100vw, 800px\" \/><\/a><\/p>\n<p style=\"text-align: justify;\">Der heutige Besuch f\u00fchrt uns recht schnell zum Elefantengehege. Denn vor kurzem wurde wieder einmal ein neues Elefantenbaby geboren: Eine junge Elefantendame namens Tuffi (benannt nach dem <a href=\"https:\/\/de.wikipedia.org\/wiki\/Tuffi\" target=\"_blank\" rel=\"noopener\">Zirkuselefanten Tuffi<\/a>, der 1950 aus der Schwebebahn in die Wupper sprang), die wir unbedingt kennen lernen wollten.<\/p>\n<p style=\"text-align: center;\"><a href=\"http:\/\/www.sabine-seyffert.de\/blog\/wp-content\/uploads\/2016\/04\/Elefant-2.jpg\" rel=\"attachment wp-att-7274\"><img loading=\"lazy\" decoding=\"async\" class=\"alignnone size-full wp-image-7274\" src=\"http:\/\/www.sabine-seyffert.de\/blog\/wp-content\/uploads\/2016\/04\/Elefant-2.jpg\" alt=\"Elefant 2\" width=\"798\" height=\"601\" srcset=\"https:\/\/www.sabine-seyffert.de\/blog\/wp-content\/uploads\/2016\/04\/Elefant-2.jpg 798w, https:\/\/www.sabine-seyffert.de\/blog\/wp-content\/uploads\/2016\/04\/Elefant-2-300x226.jpg 300w, https:\/\/www.sabine-seyffert.de\/blog\/wp-content\/uploads\/2016\/04\/Elefant-2-768x578.jpg 768w\" sizes=\"auto, (max-width: 798px) 100vw, 798px\" \/><\/a><\/p>\n<p style=\"text-align: justify;\">Wir hatten Gl\u00fcck und bekamen die kleine Elefantin zu Gesicht. Auch wenn so ein neugeborener Elefant bereits an die 100 Kilo auf die Waage bringt, so ist er im Gegensatz zu seinen Artgenossen doch wirklich winzig.<\/p>\n<p style=\"text-align: center;\"><a href=\"http:\/\/www.sabine-seyffert.de\/blog\/wp-content\/uploads\/2016\/04\/Elefant-4.jpg\" rel=\"attachment wp-att-7275\"><img loading=\"lazy\" decoding=\"async\" class=\"alignnone size-full wp-image-7275\" src=\"http:\/\/www.sabine-seyffert.de\/blog\/wp-content\/uploads\/2016\/04\/Elefant-4.jpg\" alt=\"Elefant 4\" width=\"600\" height=\"800\" srcset=\"https:\/\/www.sabine-seyffert.de\/blog\/wp-content\/uploads\/2016\/04\/Elefant-4.jpg 600w, https:\/\/www.sabine-seyffert.de\/blog\/wp-content\/uploads\/2016\/04\/Elefant-4-225x300.jpg 225w\" sizes=\"auto, (max-width: 600px) 100vw, 600px\" \/><\/a><\/p>\n<p style=\"text-align: justify;\">Auf dem Kopf wachsen Tuffi allerhand dunkle Haare und die gro\u00dfen Augen schauen neugierig umher. Die junge Dame hat ganz sch\u00f6n Tempo und somit ist es gar nicht so leicht den kleinen Elefant auf ein paar Fotos zu verewigen\u2026<\/p>\n<p style=\"text-align: center;\"><a href=\"http:\/\/www.sabine-seyffert.de\/blog\/wp-content\/uploads\/2016\/04\/Elefant-5.jpg\" rel=\"attachment wp-att-7276\"><img loading=\"lazy\" decoding=\"async\" class=\"alignnone size-full wp-image-7276\" src=\"http:\/\/www.sabine-seyffert.de\/blog\/wp-content\/uploads\/2016\/04\/Elefant-5.jpg\" alt=\"Elefant 5\" width=\"600\" height=\"800\" srcset=\"https:\/\/www.sabine-seyffert.de\/blog\/wp-content\/uploads\/2016\/04\/Elefant-5.jpg 600w, https:\/\/www.sabine-seyffert.de\/blog\/wp-content\/uploads\/2016\/04\/Elefant-5-225x300.jpg 225w\" sizes=\"auto, (max-width: 600px) 100vw, 600px\" \/><\/a><\/p>\n<p style=\"text-align: justify;\">Im Anschluss gab es f\u00fcr den Nachwuchs eine Runde auf dem tollen Waldspielplatz und f\u00fcr uns Gro\u00dfen somit eine kleine Pause zum \u201eSonnetanken\u201c.<\/p>\n<p style=\"text-align: center;\"><a href=\"http:\/\/www.sabine-seyffert.de\/blog\/wp-content\/uploads\/2016\/04\/Spielplatz-2.jpg\" rel=\"attachment wp-att-7277\"><img loading=\"lazy\" decoding=\"async\" class=\"alignnone size-full wp-image-7277\" src=\"http:\/\/www.sabine-seyffert.de\/blog\/wp-content\/uploads\/2016\/04\/Spielplatz-2.jpg\" alt=\"Spielplatz 2\" width=\"600\" height=\"800\" srcset=\"https:\/\/www.sabine-seyffert.de\/blog\/wp-content\/uploads\/2016\/04\/Spielplatz-2.jpg 600w, https:\/\/www.sabine-seyffert.de\/blog\/wp-content\/uploads\/2016\/04\/Spielplatz-2-225x300.jpg 225w\" sizes=\"auto, (max-width: 600px) 100vw, 600px\" \/><\/a><\/p>\n<p><strong>\u00a0<\/strong><\/p>\n<p><a href=\"http:\/\/www.sabine-seyffert.de\/blog\/?page_id=32#urheberrecht\">urheberrechtlich gesch\u00fctzt<\/a>, \u00a9 Sabine Seyffert<\/p>\n","protected":false},"excerpt":{"rendered":"<p>Die Wettervorhersage ist nicht wirklich das, was man sich f\u00fcr ein gem\u00fctliches Familienwochenende im Fr\u00fchling w\u00fcnscht. Dennoch kommt nach dem Mittagessen die Sonne hervor und strahlt mit dem Fr\u00fchlingshimmel um die Wette. Dem Sonnenschein konnten wir einfach nicht widerstehen und ein bisschen frische Luft kann auch nicht schaden. Also entscheiden wir uns ganz spontan, dem&#8230; <a href=\"https:\/\/www.sabine-seyffert.de\/blog\/wochenende-ist-familienzeit-zeit-fuer-einen-spontanen-ausflug-in-den-gruenen-zoo\/\" class=\"more-link\">Read more: Wochenende ist Familienzeit: Zeit f\u00fcr einen spontanen Ausflug in den gr\u00fcnen Zoo<\/a><\/p>\n","protected":false},"author":2,"featured_media":7269,"comment_status":"open","ping_status":"open","sticky":false,"template":"","format":"standard","meta":{"_metis_text_type":"","_metis_text_length":2110,"_post_count":0,"footnotes":""},"categories":[39],"tags":[],"class_list":["post-7267","post","type-post","status-publish","format-standard","has-post-thumbnail","hentry","category-ausfluge-co"],"_links":{"self":[{"href":"https:\/\/www.sabine-seyffert.de\/blog\/wp-json\/wp\/v2\/posts\/7267","targetHints":{"allow":["GET"]}}],"collection":[{"href":"https:\/\/www.sabine-seyffert.de\/blog\/wp-json\/wp\/v2\/posts"}],"about":[{"href":"https:\/\/www.sabine-seyffert.de\/blog\/wp-json\/wp\/v2\/types\/post"}],"author":[{"embeddable":true,"href":"https:\/\/www.sabine-seyffert.de\/blog\/wp-json\/wp\/v2\/users\/2"}],"replies":[{"embeddable":true,"href":"https:\/\/www.sabine-seyffert.de\/blog\/wp-json\/wp\/v2\/comments?post=7267"}],"version-history":[{"count":9,"href":"https:\/\/www.sabine-seyffert.de\/blog\/wp-json\/wp\/v2\/posts\/7267\/revisions"}],"predecessor-version":[{"id":12873,"href":"https:\/\/www.sabine-seyffert.de\/blog\/wp-json\/wp\/v2\/posts\/7267\/revisions\/12873"}],"wp:featuredmedia":[{"embeddable":true,"href":"https:\/\/www.sabine-seyffert.de\/blog\/wp-json\/wp\/v2\/media\/7269"}],"wp:attachment":[{"href":"https:\/\/www.sabine-seyffert.de\/blog\/wp-json\/wp\/v2\/media?parent=7267"}],"wp:term":[{"taxonomy":"category","embeddable":true,"href":"https:\/\/www.sabine-seyffert.de\/blog\/wp-json\/wp\/v2\/categories?post=7267"},{"taxonomy":"post_tag","embeddable":true,"href":"https:\/\/www.sabine-seyffert.de\/blog\/wp-json\/wp\/v2\/tags?post=7267"}],"curies":[{"name":"wp","href":"https:\/\/api.w.org\/{rel}","templated":true}]}}