{"id":7201,"date":"2016-04-14T06:36:15","date_gmt":"2016-04-14T04:36:15","guid":{"rendered":"http:\/\/www.sabine-seyffert.de\/blog\/?p=7201"},"modified":"2017-03-01T15:04:58","modified_gmt":"2017-03-01T13:04:58","slug":"geschenke-aus-der-kueche-frisch-gemacht-fix-geruehrt-wuerzige-baerlauchbutter","status":"publish","type":"post","link":"https:\/\/www.sabine-seyffert.de\/blog\/geschenke-aus-der-kueche-frisch-gemacht-fix-geruehrt-wuerzige-baerlauchbutter\/","title":{"rendered":"Geschenke aus der K\u00fcche: Frisch gemacht &#038; fix ger\u00fchrt \u2013 w\u00fcrzige B\u00e4rlauchbutter"},"content":{"rendered":"<p style=\"text-align: justify;\"><img loading=\"lazy\" decoding=\"async\" src=\"https:\/\/ssl-vg03.met.vgwort.de\/na\/4a0c062dd1a141b1b0a2432143a82e47\" alt=\"\" width=\"1\" height=\"1\" \/>An einem Vormittag war ich zum Fr\u00fchst\u00fcck eingeladen. Was w\u00fcrde da besser als Mitbringsel passen, als ein <a href=\"http:\/\/www.sabine-seyffert.de\/blog\/?cat=43\" target=\"_blank\">Geschenk aus der K\u00fcche<\/a>? Allerdings war mein Kalender in dieser Woche mehr als prall gef\u00fcllt und meine freie Zeit ausgesprochen knapp. Aber meine Tochter hatte im Garten bereits das \u201eKraut des Grauens\u201c entdeckt: Das Beet mit frischem B\u00e4rlauch. Also habe ich mich kurzerhand mit einer K\u00fcchenschere bewaffnet und einen ganzen Strau\u00df davon abgeschnippelt. Dem Nachwuchs kommt das ebenfalls zu gute, denn so gibt es in diesem Jahr eine ganze Mahlzeit weniger mit B\u00e4rlauch \ud83d\ude09<\/p>\n<p style=\"text-align: center;\"><a href=\"http:\/\/www.sabine-seyffert.de\/blog\/wp-content\/uploads\/2016\/04\/A-8.jpg\" rel=\"attachment wp-att-7202\"><img loading=\"lazy\" decoding=\"async\" class=\"alignnone size-full wp-image-7202\" src=\"http:\/\/www.sabine-seyffert.de\/blog\/wp-content\/uploads\/2016\/04\/A-8.jpg\" alt=\"A 8\" width=\"600\" height=\"800\" srcset=\"https:\/\/www.sabine-seyffert.de\/blog\/wp-content\/uploads\/2016\/04\/A-8.jpg 600w, https:\/\/www.sabine-seyffert.de\/blog\/wp-content\/uploads\/2016\/04\/A-8-225x300.jpg 225w\" sizes=\"auto, (max-width: 600px) 100vw, 600px\" \/><\/a><\/p>\n<p style=\"text-align: justify;\"><strong>Das wird gebraucht:<\/strong><br \/>\nEin Bund frischen B\u00e4rlauch, 1 Knoblauchzehe, Salz, Pfeffer, 250 gr. Butter sowie einen P\u00fcrierstab, ein Glas mit Deckel, Kordel, Schere und Packpapier<\/p>\n<p style=\"text-align: center;\"><a href=\"http:\/\/www.sabine-seyffert.de\/blog\/wp-content\/uploads\/2016\/04\/A-5-1.jpg\" rel=\"attachment wp-att-7203\"><img loading=\"lazy\" decoding=\"async\" class=\"alignnone size-full wp-image-7203\" src=\"http:\/\/www.sabine-seyffert.de\/blog\/wp-content\/uploads\/2016\/04\/A-5-1.jpg\" alt=\"A 5\" width=\"800\" height=\"600\" srcset=\"https:\/\/www.sabine-seyffert.de\/blog\/wp-content\/uploads\/2016\/04\/A-5-1.jpg 800w, https:\/\/www.sabine-seyffert.de\/blog\/wp-content\/uploads\/2016\/04\/A-5-1-300x225.jpg 300w, https:\/\/www.sabine-seyffert.de\/blog\/wp-content\/uploads\/2016\/04\/A-5-1-768x576.jpg 768w\" sizes=\"auto, (max-width: 800px) 100vw, 800px\" \/><\/a><\/p>\n<p style=\"text-align: justify;\"><strong>So wird\u2019s gemacht:<\/strong><br \/>\nDen B\u00e4rlauch w\u00e4scht man unter flie\u00dfendem Wasser ab, sch\u00fcttelt ihn aus und tupft diesen mit einem frischen Handtuch gut ab.<\/p>\n<p style=\"text-align: center;\"><a href=\"http:\/\/www.sabine-seyffert.de\/blog\/wp-content\/uploads\/2016\/04\/A-6-1.jpg\" rel=\"attachment wp-att-7204\"><img loading=\"lazy\" decoding=\"async\" class=\"alignnone size-full wp-image-7204\" src=\"http:\/\/www.sabine-seyffert.de\/blog\/wp-content\/uploads\/2016\/04\/A-6-1.jpg\" alt=\"A 6\" width=\"800\" height=\"600\" srcset=\"https:\/\/www.sabine-seyffert.de\/blog\/wp-content\/uploads\/2016\/04\/A-6-1.jpg 800w, https:\/\/www.sabine-seyffert.de\/blog\/wp-content\/uploads\/2016\/04\/A-6-1-300x225.jpg 300w, https:\/\/www.sabine-seyffert.de\/blog\/wp-content\/uploads\/2016\/04\/A-6-1-768x576.jpg 768w\" sizes=\"auto, (max-width: 800px) 100vw, 800px\" \/><\/a><\/p>\n<p style=\"text-align: justify;\">Die Butter w\u00fcrfelt man mit einem Messer in kleinere St\u00fccke und gibt diese mit dem ges\u00e4uberten B\u00e4rlauch in einen tiefen Teller. Au\u00dferdem gibt man eine gesch\u00e4lte Knoblauchzehe sowie Salz und frisch gemahlenen Pfeffer hinzu.<\/p>\n<p style=\"text-align: center;\"><a href=\"http:\/\/www.sabine-seyffert.de\/blog\/wp-content\/uploads\/2016\/04\/A-4-1.jpg\" rel=\"attachment wp-att-7205\"><img loading=\"lazy\" decoding=\"async\" class=\"alignnone size-full wp-image-7205\" src=\"http:\/\/www.sabine-seyffert.de\/blog\/wp-content\/uploads\/2016\/04\/A-4-1.jpg\" alt=\"A 4\" width=\"800\" height=\"600\" srcset=\"https:\/\/www.sabine-seyffert.de\/blog\/wp-content\/uploads\/2016\/04\/A-4-1.jpg 800w, https:\/\/www.sabine-seyffert.de\/blog\/wp-content\/uploads\/2016\/04\/A-4-1-300x225.jpg 300w, https:\/\/www.sabine-seyffert.de\/blog\/wp-content\/uploads\/2016\/04\/A-4-1-768x576.jpg 768w\" sizes=\"auto, (max-width: 800px) 100vw, 800px\" \/><\/a><\/p>\n<p style=\"text-align: justify;\">Jetzt kommt der P\u00fcrierstab zum Einsatz und man p\u00fcriert die Zutaten so lange durch, bis sich alles gut vermischt hat und der B\u00e4rlauch vollst\u00e4ndig zerkleinert ist.<\/p>\n<p style=\"text-align: center;\"><a href=\"http:\/\/www.sabine-seyffert.de\/blog\/wp-content\/uploads\/2016\/04\/A-2-1.jpg\" rel=\"attachment wp-att-7206\"><img loading=\"lazy\" decoding=\"async\" class=\"alignnone size-full wp-image-7206\" src=\"http:\/\/www.sabine-seyffert.de\/blog\/wp-content\/uploads\/2016\/04\/A-2-1.jpg\" alt=\"A 2\" width=\"800\" height=\"600\" srcset=\"https:\/\/www.sabine-seyffert.de\/blog\/wp-content\/uploads\/2016\/04\/A-2-1.jpg 800w, https:\/\/www.sabine-seyffert.de\/blog\/wp-content\/uploads\/2016\/04\/A-2-1-300x225.jpg 300w, https:\/\/www.sabine-seyffert.de\/blog\/wp-content\/uploads\/2016\/04\/A-2-1-768x576.jpg 768w\" sizes=\"auto, (max-width: 800px) 100vw, 800px\" \/><\/a><\/p>\n<p style=\"text-align: justify;\">Durch das P\u00fcrieren ist die Butter wirklich ganz cremig und l\u00e4sst sich gut verteilen. Jetzt schmeckt man die B\u00e4rlauchbutter noch mal gut ab, w\u00fcrzt ggf. nach und f\u00fcllt diese anschlie\u00dfend in ein sch\u00f6nes Glas mit Deckel.<\/p>\n<p style=\"text-align: center;\"><a href=\"http:\/\/www.sabine-seyffert.de\/blog\/wp-content\/uploads\/2016\/04\/A-3-1.jpg\" rel=\"attachment wp-att-7207\"><img loading=\"lazy\" decoding=\"async\" class=\"alignnone size-full wp-image-7207\" src=\"http:\/\/www.sabine-seyffert.de\/blog\/wp-content\/uploads\/2016\/04\/A-3-1.jpg\" alt=\"A 3\" width=\"800\" height=\"600\" srcset=\"https:\/\/www.sabine-seyffert.de\/blog\/wp-content\/uploads\/2016\/04\/A-3-1.jpg 800w, https:\/\/www.sabine-seyffert.de\/blog\/wp-content\/uploads\/2016\/04\/A-3-1-300x225.jpg 300w, https:\/\/www.sabine-seyffert.de\/blog\/wp-content\/uploads\/2016\/04\/A-3-1-768x576.jpg 768w\" sizes=\"auto, (max-width: 800px) 100vw, 800px\" \/><\/a><\/p>\n<p style=\"text-align: justify;\"><strong>Ein kleiner Tipp:<\/strong><br \/>\nAus Packpapier habe ich mir einen gro\u00dfen Kreis ausgeschnitten. Den habe ich um den Deckel gelegt und mit einem St\u00fcck Kordel zusammengebunden.<\/p>\n<p style=\"text-align: center;\"><a href=\"http:\/\/www.sabine-seyffert.de\/blog\/wp-content\/uploads\/2016\/04\/A-1-1.jpg\" rel=\"attachment wp-att-7208\"><img loading=\"lazy\" decoding=\"async\" class=\"alignnone size-full wp-image-7208\" src=\"http:\/\/www.sabine-seyffert.de\/blog\/wp-content\/uploads\/2016\/04\/A-1-1.jpg\" alt=\"A 1\" width=\"800\" height=\"600\" srcset=\"https:\/\/www.sabine-seyffert.de\/blog\/wp-content\/uploads\/2016\/04\/A-1-1.jpg 800w, https:\/\/www.sabine-seyffert.de\/blog\/wp-content\/uploads\/2016\/04\/A-1-1-300x225.jpg 300w, https:\/\/www.sabine-seyffert.de\/blog\/wp-content\/uploads\/2016\/04\/A-1-1-768x576.jpg 768w\" sizes=\"auto, (max-width: 800px) 100vw, 800px\" \/><\/a><\/p>\n<p style=\"text-align: justify;\">Au\u00dferdem habe ich auf die Schnelle mit meinem Dymoger\u00e4t den Schriftzug \u201eB\u00e4rlauchbutter\u201c gedruckt und mittig aufgeklebt. So nett verpackt ist dies ein fr\u00fchlingshaftes Mitbringsel.<\/p>\n<p style=\"text-align: center;\"><a href=\"http:\/\/www.sabine-seyffert.de\/blog\/wp-content\/uploads\/2016\/04\/A.jpg\" rel=\"attachment wp-att-7209\"><img loading=\"lazy\" decoding=\"async\" class=\"alignnone size-full wp-image-7209\" src=\"http:\/\/www.sabine-seyffert.de\/blog\/wp-content\/uploads\/2016\/04\/A.jpg\" alt=\"A\" width=\"800\" height=\"600\" srcset=\"https:\/\/www.sabine-seyffert.de\/blog\/wp-content\/uploads\/2016\/04\/A.jpg 800w, https:\/\/www.sabine-seyffert.de\/blog\/wp-content\/uploads\/2016\/04\/A-300x225.jpg 300w, https:\/\/www.sabine-seyffert.de\/blog\/wp-content\/uploads\/2016\/04\/A-768x576.jpg 768w\" sizes=\"auto, (max-width: 800px) 100vw, 800px\" \/><\/a><\/p>\n<p style=\"text-align: justify;\">Ein Rezept f\u00fcr einen <a href=\"http:\/\/www.sabine-seyffert.de\/blog\/?p=5533\" target=\"_blank\">B\u00e4rlauchaufstrich mit Schafsk\u00e4se<\/a> findet Ihr \u00fcbrigens hier und k\u00f6stliches <a href=\"http:\/\/www.sabine-seyffert.de\/blog\/?p=5400\" target=\"_blank\">B\u00e4rlauchpesto<\/a> dort!<\/p>\n<p><a href=\"http:\/\/www.sabine-seyffert.de\/blog\/?page_id=32#urheberrecht\">urheberrechtlich gesch\u00fctzt<\/a>, \u00a9 Sabine Seyffert<\/p>\n","protected":false},"excerpt":{"rendered":"<p>An einem Vormittag war ich zum Fr\u00fchst\u00fcck eingeladen. Was w\u00fcrde da besser als Mitbringsel passen, als ein Geschenk aus der K\u00fcche? Allerdings war mein Kalender in dieser Woche mehr als prall gef\u00fcllt und meine freie Zeit ausgesprochen knapp. Aber meine Tochter hatte im Garten bereits das \u201eKraut des Grauens\u201c entdeckt: Das Beet mit frischem B\u00e4rlauch&#8230;. <a href=\"https:\/\/www.sabine-seyffert.de\/blog\/geschenke-aus-der-kueche-frisch-gemacht-fix-geruehrt-wuerzige-baerlauchbutter\/\" class=\"more-link\">Read more: Geschenke aus der K\u00fcche: Frisch gemacht &#038; fix ger\u00fchrt \u2013 w\u00fcrzige B\u00e4rlauchbutter<\/a><\/p>\n","protected":false},"author":2,"featured_media":7206,"comment_status":"open","ping_status":"open","sticky":false,"template":"","format":"standard","meta":{"_metis_text_type":"","_metis_text_length":1985,"_post_count":0,"footnotes":""},"categories":[23,43,30],"tags":[],"class_list":["post-7201","post","type-post","status-publish","format-standard","has-post-thumbnail","hentry","category-fruhling","category-geschenke-aus-der-kueche","category-rezepte-herzhaft"],"_links":{"self":[{"href":"https:\/\/www.sabine-seyffert.de\/blog\/wp-json\/wp\/v2\/posts\/7201","targetHints":{"allow":["GET"]}}],"collection":[{"href":"https:\/\/www.sabine-seyffert.de\/blog\/wp-json\/wp\/v2\/posts"}],"about":[{"href":"https:\/\/www.sabine-seyffert.de\/blog\/wp-json\/wp\/v2\/types\/post"}],"author":[{"embeddable":true,"href":"https:\/\/www.sabine-seyffert.de\/blog\/wp-json\/wp\/v2\/users\/2"}],"replies":[{"embeddable":true,"href":"https:\/\/www.sabine-seyffert.de\/blog\/wp-json\/wp\/v2\/comments?post=7201"}],"version-history":[{"count":9,"href":"https:\/\/www.sabine-seyffert.de\/blog\/wp-json\/wp\/v2\/posts\/7201\/revisions"}],"predecessor-version":[{"id":7219,"href":"https:\/\/www.sabine-seyffert.de\/blog\/wp-json\/wp\/v2\/posts\/7201\/revisions\/7219"}],"wp:featuredmedia":[{"embeddable":true,"href":"https:\/\/www.sabine-seyffert.de\/blog\/wp-json\/wp\/v2\/media\/7206"}],"wp:attachment":[{"href":"https:\/\/www.sabine-seyffert.de\/blog\/wp-json\/wp\/v2\/media?parent=7201"}],"wp:term":[{"taxonomy":"category","embeddable":true,"href":"https:\/\/www.sabine-seyffert.de\/blog\/wp-json\/wp\/v2\/categories?post=7201"},{"taxonomy":"post_tag","embeddable":true,"href":"https:\/\/www.sabine-seyffert.de\/blog\/wp-json\/wp\/v2\/tags?post=7201"}],"curies":[{"name":"wp","href":"https:\/\/api.w.org\/{rel}","templated":true}]}}