{"id":7178,"date":"2016-04-09T07:29:57","date_gmt":"2016-04-09T05:29:57","guid":{"rendered":"http:\/\/www.sabine-seyffert.de\/blog\/?p=7178"},"modified":"2022-09-02T11:18:35","modified_gmt":"2022-09-02T09:18:35","slug":"backen-fuer-mit-kindern-schokoladige-loewenkekse-einfach-zum-anbeissen-suess","status":"publish","type":"post","link":"https:\/\/www.sabine-seyffert.de\/blog\/backen-fuer-mit-kindern-schokoladige-loewenkekse-einfach-zum-anbeissen-suess\/","title":{"rendered":"Backen f\u00fcr &#038; mit Kindern: Schokoladige L\u00f6wenkekse, einfach zum Anbei\u00dfen s\u00fc\u00df!"},"content":{"rendered":"<p style=\"text-align: justify;\"><img loading=\"lazy\" decoding=\"async\" src=\"https:\/\/ssl-vg03.met.vgwort.de\/na\/84075cc6a5ae480c90381ffe2c2187c0\" alt=\"\" width=\"1\" height=\"1\" \/>Au\u00dfer Pinguin und Fuchs gibt es noch ein Tier, dass sich hier gro\u00dfer Beliebtheit erfreut: Der L\u00f6we. Dieser wurde bereits auf unserem <a href=\"http:\/\/www.sabine-seyffert.de\/blog\/?cat=46\" target=\"_blank\" rel=\"noopener\">Dschungelfest<\/a> mehrfach in Szene gesetzt wie <a href=\"http:\/\/www.sabine-seyffert.de\/blog\/?p=3929\" target=\"_blank\" rel=\"noopener\">hier<\/a> oder <a href=\"http:\/\/www.sabine-seyffert.de\/blog\/?p=3865\" target=\"_blank\" rel=\"noopener\">da<\/a>. Seit einiger Zeit versch\u00f6nert der L\u00f6we sogar <a href=\"http:\/\/www.sabine-seyffert.de\/blog\/?p=6907\" target=\"_blank\" rel=\"noopener\">ein T-Shirt<\/a>.<br \/>\nIn der letzen Woche haben wir einen verregneten Nachmittag genutzt und einen Schwung an vegetarischen L\u00f6wen gebacken. Wie das geht, verrate ich euch jetzt \ud83d\ude42<\/p>\n<p style=\"text-align: center;\"><a href=\"http:\/\/www.sabine-seyffert.de\/blog\/wp-content\/uploads\/2016\/04\/L\u00f6we-2.jpg\" rel=\"attachment wp-att-7179\"><img loading=\"lazy\" decoding=\"async\" class=\"alignnone size-full wp-image-7179\" src=\"http:\/\/www.sabine-seyffert.de\/blog\/wp-content\/uploads\/2016\/04\/L\u00f6we-2.jpg\" alt=\"L\u00f6we 2\" width=\"800\" height=\"600\" srcset=\"https:\/\/www.sabine-seyffert.de\/blog\/wp-content\/uploads\/2016\/04\/L\u00f6we-2.jpg 800w, https:\/\/www.sabine-seyffert.de\/blog\/wp-content\/uploads\/2016\/04\/L\u00f6we-2-300x225.jpg 300w, https:\/\/www.sabine-seyffert.de\/blog\/wp-content\/uploads\/2016\/04\/L\u00f6we-2-768x576.jpg 768w\" sizes=\"auto, (max-width: 800px) 100vw, 800px\" \/><\/a><\/p>\n<p style=\"text-align: justify;\"><strong>Das wird gebraucht:<\/strong><br \/>\n200 gr Mehl, 125 gr Butter, 1 Ei, 100 gr Zucker, 80 gr gemahlene, gesch\u00e4lte (!) Mandeln, 2 EL dunkler Kakao (Backkakao!), 100-150 gr Zartbitterkuvert\u00fcre, Smarties, Schokotr\u00f6pfchen, einen sauberen, d\u00fcnnen Pinsel, eine runde Ausstechform, Ausstecher Sonne (gro\u00df), Mehl zum Ausrollen, Backpapier<\/p>\n<p style=\"text-align: center;\"><a href=\"http:\/\/www.sabine-seyffert.de\/blog\/wp-content\/uploads\/2016\/04\/L\u00f6we.jpg\" rel=\"attachment wp-att-7180\"><img loading=\"lazy\" decoding=\"async\" class=\"alignnone size-full wp-image-7180\" src=\"http:\/\/www.sabine-seyffert.de\/blog\/wp-content\/uploads\/2016\/04\/L\u00f6we.jpg\" alt=\"L\u00f6we\" width=\"800\" height=\"600\" srcset=\"https:\/\/www.sabine-seyffert.de\/blog\/wp-content\/uploads\/2016\/04\/L\u00f6we.jpg 800w, https:\/\/www.sabine-seyffert.de\/blog\/wp-content\/uploads\/2016\/04\/L\u00f6we-300x225.jpg 300w, https:\/\/www.sabine-seyffert.de\/blog\/wp-content\/uploads\/2016\/04\/L\u00f6we-768x576.jpg 768w\" sizes=\"auto, (max-width: 800px) 100vw, 800px\" \/><\/a><\/p>\n<p style=\"text-align: justify;\"><strong>So wird\u2019s gemacht:<\/strong><br \/>\nZuerst knetet man aus Mehl, Butter, Ei, Zucker und den Mandeln einen Pl\u00e4tzchenteig. Jetzt nimmt man etwa ein Viertel des Teiges ab, rollt diesen aus und sticht aus dem hellen Teig allerhand Kreise aus und legt diese auf das gefettete oder mit Backpapier ausgelegte Backblech.<\/p>\n<p style=\"text-align: center;\"><a href=\"http:\/\/www.sabine-seyffert.de\/blog\/wp-content\/uploads\/2016\/04\/L\u00f6we-1.jpg\" rel=\"attachment wp-att-7181\"><img loading=\"lazy\" decoding=\"async\" class=\"alignnone size-full wp-image-7181\" src=\"http:\/\/www.sabine-seyffert.de\/blog\/wp-content\/uploads\/2016\/04\/L\u00f6we-1.jpg\" alt=\"L\u00f6we 1\" width=\"800\" height=\"600\" srcset=\"https:\/\/www.sabine-seyffert.de\/blog\/wp-content\/uploads\/2016\/04\/L\u00f6we-1.jpg 800w, https:\/\/www.sabine-seyffert.de\/blog\/wp-content\/uploads\/2016\/04\/L\u00f6we-1-300x225.jpg 300w, https:\/\/www.sabine-seyffert.de\/blog\/wp-content\/uploads\/2016\/04\/L\u00f6we-1-768x576.jpg 768w\" sizes=\"auto, (max-width: 800px) 100vw, 800px\" \/><\/a><\/p>\n<p style=\"text-align: justify;\">Den \u00fcbrigen Teig verknetet man mit 2 EL Kakaopulver. Sollte er dadurch zu fest werden, gibt man noch einen Stich Butter hinzu.<\/p>\n<p style=\"text-align: center;\"><a href=\"http:\/\/www.sabine-seyffert.de\/blog\/wp-content\/uploads\/2016\/04\/L\u00f6we-4.jpg\" rel=\"attachment wp-att-7182\"><img loading=\"lazy\" decoding=\"async\" class=\"alignnone size-full wp-image-7182\" src=\"http:\/\/www.sabine-seyffert.de\/blog\/wp-content\/uploads\/2016\/04\/L\u00f6we-4.jpg\" alt=\"L\u00f6we 4\" width=\"800\" height=\"600\" srcset=\"https:\/\/www.sabine-seyffert.de\/blog\/wp-content\/uploads\/2016\/04\/L\u00f6we-4.jpg 800w, https:\/\/www.sabine-seyffert.de\/blog\/wp-content\/uploads\/2016\/04\/L\u00f6we-4-300x225.jpg 300w, https:\/\/www.sabine-seyffert.de\/blog\/wp-content\/uploads\/2016\/04\/L\u00f6we-4-768x576.jpg 768w\" sizes=\"auto, (max-width: 800px) 100vw, 800px\" \/><\/a><\/p>\n<p style=\"text-align: justify;\">Nun rollt man auch diesen Teig d\u00fcnn aus und sticht daraus Sonnen. F\u00fcr jeden hellen Kreis ben\u00f6tigt man 2 der dunklen Sonnen.<\/p>\n<p style=\"text-align: center;\"><a href=\"http:\/\/www.sabine-seyffert.de\/blog\/wp-content\/uploads\/2016\/04\/L\u00f6we-3.jpg\" rel=\"attachment wp-att-7183\"><img loading=\"lazy\" decoding=\"async\" class=\"alignnone size-full wp-image-7183\" src=\"http:\/\/www.sabine-seyffert.de\/blog\/wp-content\/uploads\/2016\/04\/L\u00f6we-3.jpg\" alt=\"L\u00f6we 3\" width=\"800\" height=\"601\" srcset=\"https:\/\/www.sabine-seyffert.de\/blog\/wp-content\/uploads\/2016\/04\/L\u00f6we-3.jpg 800w, https:\/\/www.sabine-seyffert.de\/blog\/wp-content\/uploads\/2016\/04\/L\u00f6we-3-300x225.jpg 300w, https:\/\/www.sabine-seyffert.de\/blog\/wp-content\/uploads\/2016\/04\/L\u00f6we-3-768x577.jpg 768w\" sizes=\"auto, (max-width: 800px) 100vw, 800px\" \/><\/a><\/p>\n<p style=\"text-align: justify;\">Jetzt b\u00e4ckt man die Kekse bei 160\u00b0 C Grad im Ofen bis die R\u00e4nder leicht gebr\u00e4unt sind. W\u00e4hrend die Kekse ausk\u00fchlen, gibt man die Kuvert\u00fcre in eine Sch\u00fcssel und schmilzt diese im Wasserbad.<\/p>\n<p style=\"text-align: center;\"><a href=\"http:\/\/www.sabine-seyffert.de\/blog\/wp-content\/uploads\/2016\/04\/L\u00f6we-5.jpg\" rel=\"attachment wp-att-7184\"><img loading=\"lazy\" decoding=\"async\" class=\"alignnone size-full wp-image-7184\" src=\"http:\/\/www.sabine-seyffert.de\/blog\/wp-content\/uploads\/2016\/04\/L\u00f6we-5.jpg\" alt=\"L\u00f6we 5\" width=\"800\" height=\"600\" srcset=\"https:\/\/www.sabine-seyffert.de\/blog\/wp-content\/uploads\/2016\/04\/L\u00f6we-5.jpg 800w, https:\/\/www.sabine-seyffert.de\/blog\/wp-content\/uploads\/2016\/04\/L\u00f6we-5-300x225.jpg 300w, https:\/\/www.sabine-seyffert.de\/blog\/wp-content\/uploads\/2016\/04\/L\u00f6we-5-768x576.jpg 768w\" sizes=\"auto, (max-width: 800px) 100vw, 800px\" \/><\/a><\/p>\n<p style=\"text-align: justify;\">Mit Hilfe eines Messers bestreicht man nun die untere Seite des Kreises und dr\u00fcckt diesen mittig auf eine dunkle Sonne. Sobald diese h\u00e4lt, bestreicht man die Sonnenunterseite ebenfalls mit der geschmolzenen Schokolade und legt diese, leicht versetzt, auf eine weitere Sonne.<\/p>\n<p style=\"text-align: center;\"><a href=\"http:\/\/www.sabine-seyffert.de\/blog\/wp-content\/uploads\/2016\/04\/L\u00f6we-7.jpg\" rel=\"attachment wp-att-7185\"><img loading=\"lazy\" decoding=\"async\" class=\"alignnone size-full wp-image-7185\" src=\"http:\/\/www.sabine-seyffert.de\/blog\/wp-content\/uploads\/2016\/04\/L\u00f6we-7.jpg\" alt=\"L\u00f6we 7\" width=\"792\" height=\"598\" srcset=\"https:\/\/www.sabine-seyffert.de\/blog\/wp-content\/uploads\/2016\/04\/L\u00f6we-7.jpg 792w, https:\/\/www.sabine-seyffert.de\/blog\/wp-content\/uploads\/2016\/04\/L\u00f6we-7-300x227.jpg 300w, https:\/\/www.sabine-seyffert.de\/blog\/wp-content\/uploads\/2016\/04\/L\u00f6we-7-768x580.jpg 768w\" sizes=\"auto, (max-width: 792px) 100vw, 792px\" \/><\/a><\/p>\n<p style=\"text-align: justify;\">Nun ist der L\u00f6wenkopf als solcher bereits zu erkennen. F\u00fcr das L\u00f6wengesicht tropft man einen kleinen Tropfen Kuvert\u00fcre auf zwei Schokotr\u00f6pfen, die die L\u00f6wenaugen darstellen.<\/p>\n<p style=\"text-align: center;\"><a href=\"http:\/\/www.sabine-seyffert.de\/blog\/wp-content\/uploads\/2016\/04\/L\u00f6we-8.jpg\" rel=\"attachment wp-att-7186\"><img loading=\"lazy\" decoding=\"async\" class=\"alignnone size-full wp-image-7186\" src=\"http:\/\/www.sabine-seyffert.de\/blog\/wp-content\/uploads\/2016\/04\/L\u00f6we-8.jpg\" alt=\"L\u00f6we 8\" width=\"800\" height=\"600\" srcset=\"https:\/\/www.sabine-seyffert.de\/blog\/wp-content\/uploads\/2016\/04\/L\u00f6we-8.jpg 800w, https:\/\/www.sabine-seyffert.de\/blog\/wp-content\/uploads\/2016\/04\/L\u00f6we-8-300x225.jpg 300w, https:\/\/www.sabine-seyffert.de\/blog\/wp-content\/uploads\/2016\/04\/L\u00f6we-8-768x576.jpg 768w\" sizes=\"auto, (max-width: 800px) 100vw, 800px\" \/><\/a><\/p>\n<p style=\"text-align: justify;\">Anschlie\u00dfend \u201emalt\u201c man mit einem d\u00fcnnen Pinsel die L\u00f6wennase samt Barthaare. Ganz zum Schluss setzt man mit Hilfe der Kuvert\u00fcre noch eine braune Nase aus einem Smartie in die Mitte \u2013 fertig ist der L\u00f6wenkeks!<\/p>\n<p style=\"text-align: center;\"><a href=\"http:\/\/www.sabine-seyffert.de\/blog\/wp-content\/uploads\/2016\/04\/L\u00f6wenkekse-Duo.jpg\"><img loading=\"lazy\" decoding=\"async\" class=\"alignnone size-full wp-image-11248\" src=\"http:\/\/www.sabine-seyffert.de\/blog\/wp-content\/uploads\/2016\/04\/L\u00f6wenkekse-Duo.jpg\" alt=\"\" width=\"600\" height=\"800\" srcset=\"https:\/\/www.sabine-seyffert.de\/blog\/wp-content\/uploads\/2016\/04\/L\u00f6wenkekse-Duo.jpg 600w, https:\/\/www.sabine-seyffert.de\/blog\/wp-content\/uploads\/2016\/04\/L\u00f6wenkekse-Duo-225x300.jpg 225w\" sizes=\"auto, (max-width: 600px) 100vw, 600px\" \/><\/a><\/p>\n<p style=\"text-align: justify;\">Wof\u00fcr wir diesen knusprigen L\u00f6wenrudel ben\u00f6tigt haben, verrate ich euch <a href=\"http:\/\/www.sabine-seyffert.de\/blog\/?p=7220\" target=\"_blank\" rel=\"noopener\">hier<\/a>!<\/p>\n<p><a href=\"http:\/\/www.sabine-seyffert.de\/blog\/?page_id=32#urheberrecht\">urheberrechtlich gesch\u00fctzt<\/a>, \u00a9 Sabine Seyffert<\/p>\n","protected":false},"excerpt":{"rendered":"<p>Au\u00dfer Pinguin und Fuchs gibt es noch ein Tier, dass sich hier gro\u00dfer Beliebtheit erfreut: Der L\u00f6we. Dieser wurde bereits auf unserem Dschungelfest mehrfach in Szene gesetzt wie hier oder da. Seit einiger Zeit versch\u00f6nert der L\u00f6we sogar ein T-Shirt. In der letzen Woche haben wir einen verregneten Nachmittag genutzt und einen Schwung an vegetarischen&#8230; <a href=\"https:\/\/www.sabine-seyffert.de\/blog\/backen-fuer-mit-kindern-schokoladige-loewenkekse-einfach-zum-anbeissen-suess\/\" class=\"more-link\">Read more: Backen f\u00fcr &#038; mit Kindern: Schokoladige L\u00f6wenkekse, einfach zum Anbei\u00dfen s\u00fc\u00df!<\/a><\/p>\n","protected":false},"author":2,"featured_media":7182,"comment_status":"open","ping_status":"open","sticky":false,"template":"","format":"standard","meta":{"_metis_text_type":"","_metis_text_length":2236,"_post_count":0,"footnotes":""},"categories":[46,31],"tags":[],"class_list":["post-7178","post","type-post","status-publish","format-standard","has-post-thumbnail","hentry","category-dschungelfest","category-rezepte-suse-kuchen-co"],"_links":{"self":[{"href":"https:\/\/www.sabine-seyffert.de\/blog\/wp-json\/wp\/v2\/posts\/7178","targetHints":{"allow":["GET"]}}],"collection":[{"href":"https:\/\/www.sabine-seyffert.de\/blog\/wp-json\/wp\/v2\/posts"}],"about":[{"href":"https:\/\/www.sabine-seyffert.de\/blog\/wp-json\/wp\/v2\/types\/post"}],"author":[{"embeddable":true,"href":"https:\/\/www.sabine-seyffert.de\/blog\/wp-json\/wp\/v2\/users\/2"}],"replies":[{"embeddable":true,"href":"https:\/\/www.sabine-seyffert.de\/blog\/wp-json\/wp\/v2\/comments?post=7178"}],"version-history":[{"count":5,"href":"https:\/\/www.sabine-seyffert.de\/blog\/wp-json\/wp\/v2\/posts\/7178\/revisions"}],"predecessor-version":[{"id":23889,"href":"https:\/\/www.sabine-seyffert.de\/blog\/wp-json\/wp\/v2\/posts\/7178\/revisions\/23889"}],"wp:featuredmedia":[{"embeddable":true,"href":"https:\/\/www.sabine-seyffert.de\/blog\/wp-json\/wp\/v2\/media\/7182"}],"wp:attachment":[{"href":"https:\/\/www.sabine-seyffert.de\/blog\/wp-json\/wp\/v2\/media?parent=7178"}],"wp:term":[{"taxonomy":"category","embeddable":true,"href":"https:\/\/www.sabine-seyffert.de\/blog\/wp-json\/wp\/v2\/categories?post=7178"},{"taxonomy":"post_tag","embeddable":true,"href":"https:\/\/www.sabine-seyffert.de\/blog\/wp-json\/wp\/v2\/tags?post=7178"}],"curies":[{"name":"wp","href":"https:\/\/api.w.org\/{rel}","templated":true}]}}