{"id":7165,"date":"2016-04-07T06:51:19","date_gmt":"2016-04-07T04:51:19","guid":{"rendered":"http:\/\/www.sabine-seyffert.de\/blog\/?p=7165"},"modified":"2017-03-01T15:08:32","modified_gmt":"2017-03-01T13:08:32","slug":"der-winter-macht-dem-fruehling-platz-oder-aus-dem-winterbaum-spriesst-nun-der-fruehling","status":"publish","type":"post","link":"https:\/\/www.sabine-seyffert.de\/blog\/der-winter-macht-dem-fruehling-platz-oder-aus-dem-winterbaum-spriesst-nun-der-fruehling\/","title":{"rendered":"Der Winter macht dem Fr\u00fchling Platz oder aus dem Winterbaum sprie\u00dft nun der Fr\u00fchling"},"content":{"rendered":"<p style=\"text-align: justify;\"><img loading=\"lazy\" decoding=\"async\" src=\"https:\/\/ssl-vg03.met.vgwort.de\/na\/caace430b1ff466c9d5b72401a8149e1\" alt=\"\" width=\"1\" height=\"1\" \/>Unsere K\u00fcchent\u00fcr wird regelm\u00e4\u00dfig neu \u201egeschm\u00fcckt\u201c (bsp. In einen <a href=\"http:\/\/www.sabine-seyffert.de\/blog\/?p=4880\" target=\"_blank\">Winterwald<\/a>, eine <a href=\"http:\/\/www.sabine-seyffert.de\/blog\/?p=2903\" target=\"_blank\">Winterlandschaft<\/a> oder <a href=\"http:\/\/www.sabine-seyffert.de\/blog\/?p=5693\" target=\"_blank\">Fuchsbau<\/a>). Vor kurzem war darauf der winterliche Stamm einer Birke zu sehen, wie wir sie im Garten hatten. Allerdings verwandelt sich die Natur da Drau\u00dfen langsam aber sicher in eine fr\u00fchlingshafte Landschaft. Da uns unsere Birke jedoch so ausgesprochen gut gef\u00e4llt, habe ich es nicht \u00fcbers Herz gebracht, den mit Fensterkreide gemalten Baum einfach wegzuwischen. Also haben wir daraus kurzerhand einfach einen Fr\u00fchlingsbaum kreiert\u2026<\/p>\n<p style=\"text-align: center;\"><a href=\"http:\/\/www.sabine-seyffert.de\/blog\/wp-content\/uploads\/2016\/04\/Birke-6.jpg\" rel=\"attachment wp-att-7166\"><img loading=\"lazy\" decoding=\"async\" class=\"alignnone size-full wp-image-7166\" src=\"http:\/\/www.sabine-seyffert.de\/blog\/wp-content\/uploads\/2016\/04\/Birke-6.jpg\" alt=\"Birke 6\" width=\"800\" height=\"600\" srcset=\"https:\/\/www.sabine-seyffert.de\/blog\/wp-content\/uploads\/2016\/04\/Birke-6.jpg 800w, https:\/\/www.sabine-seyffert.de\/blog\/wp-content\/uploads\/2016\/04\/Birke-6-300x225.jpg 300w, https:\/\/www.sabine-seyffert.de\/blog\/wp-content\/uploads\/2016\/04\/Birke-6-768x576.jpg 768w\" sizes=\"auto, (max-width: 800px) 100vw, 800px\" \/><\/a><\/p>\n<p style=\"text-align: justify;\"><strong>Das wird gebraucht:<\/strong><br \/>\nFenstermalkreide in wei\u00df, Tapetenkleister, Wasser, gr\u00fcnes Transparentpapier, gr\u00fcnes Krepppapier und gr\u00fcnes Tonpapier, eine Bastelschere und ein kleines St\u00fcck Packpapier<\/p>\n<p style=\"text-align: center;\"><a href=\"http:\/\/www.sabine-seyffert.de\/blog\/wp-content\/uploads\/2016\/04\/Birke-10.jpg\" rel=\"attachment wp-att-7167\"><img loading=\"lazy\" decoding=\"async\" class=\"alignnone size-full wp-image-7167\" src=\"http:\/\/www.sabine-seyffert.de\/blog\/wp-content\/uploads\/2016\/04\/Birke-10.jpg\" alt=\"Birke 10\" width=\"800\" height=\"600\" srcset=\"https:\/\/www.sabine-seyffert.de\/blog\/wp-content\/uploads\/2016\/04\/Birke-10.jpg 800w, https:\/\/www.sabine-seyffert.de\/blog\/wp-content\/uploads\/2016\/04\/Birke-10-300x225.jpg 300w, https:\/\/www.sabine-seyffert.de\/blog\/wp-content\/uploads\/2016\/04\/Birke-10-768x576.jpg 768w\" sizes=\"auto, (max-width: 800px) 100vw, 800px\" \/><\/a><\/p>\n<p style=\"text-align: justify;\"><strong>So wird\u2019s gemacht:<\/strong><br \/>\nIn einer kleinen Sch\u00fcssel r\u00fchrt man mit etwa 1-2 Essl\u00f6ffeln Tapetenkleisterpulver und ganz wenig hei\u00dfem Wasser einen z\u00e4hfl\u00fcssigen, klebrigen Brei.<\/p>\n<p style=\"text-align: center;\"><a href=\"http:\/\/www.sabine-seyffert.de\/blog\/wp-content\/uploads\/2016\/04\/Birke-11.jpg\" rel=\"attachment wp-att-7168\"><img loading=\"lazy\" decoding=\"async\" class=\"alignnone size-full wp-image-7168\" src=\"http:\/\/www.sabine-seyffert.de\/blog\/wp-content\/uploads\/2016\/04\/Birke-11.jpg\" alt=\"Birke 11\" width=\"800\" height=\"600\" srcset=\"https:\/\/www.sabine-seyffert.de\/blog\/wp-content\/uploads\/2016\/04\/Birke-11.jpg 800w, https:\/\/www.sabine-seyffert.de\/blog\/wp-content\/uploads\/2016\/04\/Birke-11-300x225.jpg 300w, https:\/\/www.sabine-seyffert.de\/blog\/wp-content\/uploads\/2016\/04\/Birke-11-768x576.jpg 768w\" sizes=\"auto, (max-width: 800px) 100vw, 800px\" \/><\/a><\/p>\n<p style=\"text-align: justify;\">Im Gegensatz zum Tapezieren darf die Kleistermasse wirklich eine eher z\u00e4hfl\u00fcssige Konsistenz haben, damit die geschnittenen Bl\u00e4tter auch wirklich an der Scheibe halten. (Wie man dies man besten macht und wie sich das Kunstwerk ganz leicht und r\u00fcckstandslos wieder entfernen l\u00e4sst, k\u00f6nnt Ihr hier und auch <a href=\"http:\/\/www.sabine-seyffert.de\/blog\/?p=1951\" target=\"_blank\">hier<\/a> im Detail nachlesen!)<\/p>\n<p style=\"text-align: center;\"><a href=\"http:\/\/www.sabine-seyffert.de\/blog\/wp-content\/uploads\/2016\/04\/Birke-8.jpg\" rel=\"attachment wp-att-7169\"><img loading=\"lazy\" decoding=\"async\" class=\"alignnone size-full wp-image-7169\" src=\"http:\/\/www.sabine-seyffert.de\/blog\/wp-content\/uploads\/2016\/04\/Birke-8.jpg\" alt=\"Birke 8\" width=\"800\" height=\"600\" srcset=\"https:\/\/www.sabine-seyffert.de\/blog\/wp-content\/uploads\/2016\/04\/Birke-8.jpg 800w, https:\/\/www.sabine-seyffert.de\/blog\/wp-content\/uploads\/2016\/04\/Birke-8-300x225.jpg 300w, https:\/\/www.sabine-seyffert.de\/blog\/wp-content\/uploads\/2016\/04\/Birke-8-768x576.jpg 768w\" sizes=\"auto, (max-width: 800px) 100vw, 800px\" \/><\/a><\/p>\n<p style=\"text-align: justify;\">W\u00e4hrend der Kleister ein paar Minuten zieht und nachdickt, schneidet man per Hand aus den verschiedenen Papieren kleinere Bl\u00e4tter. Hat man von jeder Papiersorte genug beisammen, geht es ans Kleben.<\/p>\n<p style=\"text-align: center;\"><a href=\"http:\/\/www.sabine-seyffert.de\/blog\/wp-content\/uploads\/2016\/04\/Birke-7.jpg\" rel=\"attachment wp-att-7174\"><img loading=\"lazy\" decoding=\"async\" class=\"alignnone size-full wp-image-7174\" src=\"http:\/\/www.sabine-seyffert.de\/blog\/wp-content\/uploads\/2016\/04\/Birke-7.jpg\" alt=\"Birke 7\" width=\"800\" height=\"600\" srcset=\"https:\/\/www.sabine-seyffert.de\/blog\/wp-content\/uploads\/2016\/04\/Birke-7.jpg 800w, https:\/\/www.sabine-seyffert.de\/blog\/wp-content\/uploads\/2016\/04\/Birke-7-300x225.jpg 300w, https:\/\/www.sabine-seyffert.de\/blog\/wp-content\/uploads\/2016\/04\/Birke-7-768x576.jpg 768w\" sizes=\"auto, (max-width: 800px) 100vw, 800px\" \/><\/a><\/p>\n<p style=\"text-align: justify;\">Am besten klappt dies mit den Fingern. Die taucht man in den Kleisterbrei und streicht diesen beidseitig an ein Blatt und anschlie\u00dfend platziert man dies an dem gemalten Baumstamm.<\/p>\n<p style=\"text-align: justify;\"><a href=\"http:\/\/www.sabine-seyffert.de\/blog\/wp-content\/uploads\/2016\/04\/Birke-5.jpg\" rel=\"attachment wp-att-7170\"><img loading=\"lazy\" decoding=\"async\" class=\"size-full wp-image-7170 aligncenter\" src=\"http:\/\/www.sabine-seyffert.de\/blog\/wp-content\/uploads\/2016\/04\/Birke-5.jpg\" alt=\"Birke 5\" width=\"600\" height=\"783\" srcset=\"https:\/\/www.sabine-seyffert.de\/blog\/wp-content\/uploads\/2016\/04\/Birke-5.jpg 600w, https:\/\/www.sabine-seyffert.de\/blog\/wp-content\/uploads\/2016\/04\/Birke-5-230x300.jpg 230w\" sizes=\"auto, (max-width: 600px) 100vw, 600px\" \/><\/a><\/p>\n<p style=\"text-align: justify;\">Auf diese Weise bekommt der winterliche Baum im Handumdrehen ein frisches, ganz fr\u00fchlingshaftes Bl\u00e4tterkleid.<\/p>\n<p style=\"text-align: justify;\"><a href=\"http:\/\/www.sabine-seyffert.de\/blog\/wp-content\/uploads\/2016\/04\/Birke-4.jpg\" rel=\"attachment wp-att-7171\"><img loading=\"lazy\" decoding=\"async\" class=\"size-full wp-image-7171 aligncenter\" src=\"http:\/\/www.sabine-seyffert.de\/blog\/wp-content\/uploads\/2016\/04\/Birke-4.jpg\" alt=\"Birke 4\" width=\"600\" height=\"800\" srcset=\"https:\/\/www.sabine-seyffert.de\/blog\/wp-content\/uploads\/2016\/04\/Birke-4.jpg 600w, https:\/\/www.sabine-seyffert.de\/blog\/wp-content\/uploads\/2016\/04\/Birke-4-225x300.jpg 225w\" sizes=\"auto, (max-width: 600px) 100vw, 600px\" \/><\/a><\/p>\n<p style=\"text-align: justify;\">Wer mag kann nat\u00fcrlich auch noch weitere Motive dazu gestalten: Wolken, Sonne, gr\u00fcne Grashalme, bunte Blumen (<a href=\"http:\/\/www.sabine-seyffert.de\/blog\/?p=1587\" target=\"_blank\">wie hier<\/a>) oder andere Sachen, die in eine solche Landschaft passen.<\/p>\n<p style=\"text-align: center;\"><a href=\"http:\/\/www.sabine-seyffert.de\/blog\/wp-content\/uploads\/2016\/04\/Birke-3.jpg\" rel=\"attachment wp-att-7172\"><img loading=\"lazy\" decoding=\"async\" class=\"alignnone size-full wp-image-7172\" src=\"http:\/\/www.sabine-seyffert.de\/blog\/wp-content\/uploads\/2016\/04\/Birke-3.jpg\" alt=\"Birke 3\" width=\"600\" height=\"800\" srcset=\"https:\/\/www.sabine-seyffert.de\/blog\/wp-content\/uploads\/2016\/04\/Birke-3.jpg 600w, https:\/\/www.sabine-seyffert.de\/blog\/wp-content\/uploads\/2016\/04\/Birke-3-225x300.jpg 225w\" sizes=\"auto, (max-width: 600px) 100vw, 600px\" \/><\/a><\/p>\n<p style=\"text-align: justify;\">Alles zum Thema Fr\u00fchling gibt es in <a href=\"http:\/\/www.sabine-seyffert.de\/blog\/?cat=23\" target=\"_blank\">dieser Rubrik<\/a> und andere kreative Ideen tummeln sich <a href=\"http:\/\/www.creadienstag.de\/2016\/04\/223.html\" target=\"_blank\">hier<\/a>.<\/p>\n<p style=\"text-align: center;\"><a href=\"http:\/\/www.sabine-seyffert.de\/blog\/wp-content\/uploads\/2016\/04\/Birke-1.jpg\" rel=\"attachment wp-att-7173\"><img loading=\"lazy\" decoding=\"async\" class=\"alignnone size-full wp-image-7173\" src=\"http:\/\/www.sabine-seyffert.de\/blog\/wp-content\/uploads\/2016\/04\/Birke-1.jpg\" alt=\"Birke 1\" width=\"600\" height=\"800\" srcset=\"https:\/\/www.sabine-seyffert.de\/blog\/wp-content\/uploads\/2016\/04\/Birke-1.jpg 600w, https:\/\/www.sabine-seyffert.de\/blog\/wp-content\/uploads\/2016\/04\/Birke-1-225x300.jpg 225w\" sizes=\"auto, (max-width: 600px) 100vw, 600px\" \/><\/a><\/p>\n<p><a href=\"http:\/\/www.sabine-seyffert.de\/blog\/?page_id=32#urheberrecht\">urheberrechtlich gesch\u00fctzt<\/a>, \u00a9 Sabine Seyffert<\/p>\n","protected":false},"excerpt":{"rendered":"<p>Unsere K\u00fcchent\u00fcr wird regelm\u00e4\u00dfig neu \u201egeschm\u00fcckt\u201c (bsp. In einen Winterwald, eine Winterlandschaft oder Fuchsbau). Vor kurzem war darauf der winterliche Stamm einer Birke zu sehen, wie wir sie im Garten hatten. Allerdings verwandelt sich die Natur da Drau\u00dfen langsam aber sicher in eine fr\u00fchlingshafte Landschaft. Da uns unsere Birke jedoch so ausgesprochen gut gef\u00e4llt, habe&#8230; <a href=\"https:\/\/www.sabine-seyffert.de\/blog\/der-winter-macht-dem-fruehling-platz-oder-aus-dem-winterbaum-spriesst-nun-der-fruehling\/\" class=\"more-link\">Read more: Der Winter macht dem Fr\u00fchling Platz oder aus dem Winterbaum sprie\u00dft nun der Fr\u00fchling<\/a><\/p>\n","protected":false},"author":2,"featured_media":7173,"comment_status":"open","ping_status":"open","sticky":false,"template":"","format":"standard","meta":{"_metis_text_type":"","_metis_text_length":2032,"_post_count":0,"footnotes":""},"categories":[32,12,23],"tags":[],"class_list":["post-7165","post","type-post","status-publish","format-standard","has-post-thumbnail","hentry","category-kreatives-fur-kleine-kinderhande","category-deko-ideen","category-fruhling"],"_links":{"self":[{"href":"https:\/\/www.sabine-seyffert.de\/blog\/wp-json\/wp\/v2\/posts\/7165","targetHints":{"allow":["GET"]}}],"collection":[{"href":"https:\/\/www.sabine-seyffert.de\/blog\/wp-json\/wp\/v2\/posts"}],"about":[{"href":"https:\/\/www.sabine-seyffert.de\/blog\/wp-json\/wp\/v2\/types\/post"}],"author":[{"embeddable":true,"href":"https:\/\/www.sabine-seyffert.de\/blog\/wp-json\/wp\/v2\/users\/2"}],"replies":[{"embeddable":true,"href":"https:\/\/www.sabine-seyffert.de\/blog\/wp-json\/wp\/v2\/comments?post=7165"}],"version-history":[{"count":3,"href":"https:\/\/www.sabine-seyffert.de\/blog\/wp-json\/wp\/v2\/posts\/7165\/revisions"}],"predecessor-version":[{"id":7177,"href":"https:\/\/www.sabine-seyffert.de\/blog\/wp-json\/wp\/v2\/posts\/7165\/revisions\/7177"}],"wp:featuredmedia":[{"embeddable":true,"href":"https:\/\/www.sabine-seyffert.de\/blog\/wp-json\/wp\/v2\/media\/7173"}],"wp:attachment":[{"href":"https:\/\/www.sabine-seyffert.de\/blog\/wp-json\/wp\/v2\/media?parent=7165"}],"wp:term":[{"taxonomy":"category","embeddable":true,"href":"https:\/\/www.sabine-seyffert.de\/blog\/wp-json\/wp\/v2\/categories?post=7165"},{"taxonomy":"post_tag","embeddable":true,"href":"https:\/\/www.sabine-seyffert.de\/blog\/wp-json\/wp\/v2\/tags?post=7165"}],"curies":[{"name":"wp","href":"https:\/\/api.w.org\/{rel}","templated":true}]}}