{"id":7145,"date":"2016-04-05T05:26:16","date_gmt":"2016-04-05T03:26:16","guid":{"rendered":"http:\/\/www.sabine-seyffert.de\/blog\/?p=7145"},"modified":"2022-09-02T11:29:00","modified_gmt":"2022-09-02T09:29:00","slug":"geburtstagfeiern-mit-kindern-du-bist-eingeladen-zum-unterwasserfest-komm-wir-tauchen-ab","status":"publish","type":"post","link":"https:\/\/www.sabine-seyffert.de\/blog\/geburtstagfeiern-mit-kindern-du-bist-eingeladen-zum-unterwasserfest-komm-wir-tauchen-ab\/","title":{"rendered":"Geburtstagfeiern mit Kindern: Du bist eingeladen zum Unterwasserfest \u2013 komm wir tauchen ab!"},"content":{"rendered":"<p style=\"text-align: justify;\"><img loading=\"lazy\" decoding=\"async\" src=\"https:\/\/ssl-vg03.met.vgwort.de\/na\/379127c9dcef4abbab48e12387038701\" alt=\"\" width=\"1\" height=\"1\" \/>Es ist mal wieder soweit \u2013 nach <a href=\"http:\/\/www.sabine-seyffert.de\/blog\/?cat=46\" target=\"_blank\" rel=\"noopener\">Dschungelfest<\/a> und <a href=\"http:\/\/www.sabine-seyffert.de\/blog\/?cat=45\" target=\"_blank\" rel=\"noopener\">Fuchsgeburtstag<\/a> steht die n\u00e4chste Mottoparty auf dem Plan. Dieses Mal gibt es eine <strong><span style=\"color: #3366ff;\">Unterwasserparty<\/span><\/strong> mit allem was dazu geh\u00f6rt. Den Start macht nat\u00fcrlich die Einladungskarte. Und diese sind nicht nur der Umwelt zu liebe upcycelt sondern fallen etwas aus der Rolle. Und das im wahrsten Sinne des Wortes!<\/p>\n<p style=\"text-align: center;\"><a href=\"http:\/\/www.sabine-seyffert.de\/blog\/wp-content\/uploads\/2016\/04\/Einl-0.jpg\" rel=\"attachment wp-att-7147\"><img loading=\"lazy\" decoding=\"async\" class=\"alignnone size-full wp-image-7147\" src=\"http:\/\/www.sabine-seyffert.de\/blog\/wp-content\/uploads\/2016\/04\/Einl-0.jpg\" alt=\"Einl 0\" width=\"800\" height=\"600\" srcset=\"https:\/\/www.sabine-seyffert.de\/blog\/wp-content\/uploads\/2016\/04\/Einl-0.jpg 800w, https:\/\/www.sabine-seyffert.de\/blog\/wp-content\/uploads\/2016\/04\/Einl-0-300x225.jpg 300w, https:\/\/www.sabine-seyffert.de\/blog\/wp-content\/uploads\/2016\/04\/Einl-0-768x576.jpg 768w\" sizes=\"auto, (max-width: 800px) 100vw, 800px\" \/><\/a><\/p>\n<p style=\"text-align: justify;\"><strong>Das wird gebraucht:<\/strong><br \/>\nPro Einladung eine runde K\u00e4seschachtel, t\u00fcrkisfarbenes Packpapier, blaues Tonpapier, d\u00fcnne Kartonagen, Lineal, Zirkel, Schere, Kleber, Wasserfarben, Pinsel, kleine Muscheln \/ Schneckenh\u00e4user, Zeitung, Buchstabenstempel, Stempelkissen, Lochzange, Kordel, Hei\u00dfkleber samt Patrone<\/p>\n<p style=\"text-align: center;\"><a href=\"http:\/\/www.sabine-seyffert.de\/blog\/wp-content\/uploads\/2016\/04\/Einl-11.jpg\" rel=\"attachment wp-att-7148\"><img loading=\"lazy\" decoding=\"async\" class=\"alignnone size-full wp-image-7148\" src=\"http:\/\/www.sabine-seyffert.de\/blog\/wp-content\/uploads\/2016\/04\/Einl-11.jpg\" alt=\"Einl 11\" width=\"800\" height=\"600\" srcset=\"https:\/\/www.sabine-seyffert.de\/blog\/wp-content\/uploads\/2016\/04\/Einl-11.jpg 800w, https:\/\/www.sabine-seyffert.de\/blog\/wp-content\/uploads\/2016\/04\/Einl-11-300x225.jpg 300w, https:\/\/www.sabine-seyffert.de\/blog\/wp-content\/uploads\/2016\/04\/Einl-11-768x576.jpg 768w\" sizes=\"auto, (max-width: 800px) 100vw, 800px\" \/><\/a><\/p>\n<p style=\"text-align: justify;\"><strong>So wird\u2019s gemacht:<\/strong><br \/>\nZuerst misst man die K\u00e4seschachtel aus und fertigt sich, den Innen- und Au\u00dfenma\u00dfen entsprechend, mit Hilfe des Zirkels eine Schablone an.<\/p>\n<p style=\"text-align: center;\"><a href=\"http:\/\/www.sabine-seyffert.de\/blog\/wp-content\/uploads\/2016\/04\/Einl-9.jpg\" rel=\"attachment wp-att-7149\"><img loading=\"lazy\" decoding=\"async\" class=\"alignnone size-full wp-image-7149\" src=\"http:\/\/www.sabine-seyffert.de\/blog\/wp-content\/uploads\/2016\/04\/Einl-9.jpg\" alt=\"Einl 9\" width=\"800\" height=\"600\" srcset=\"https:\/\/www.sabine-seyffert.de\/blog\/wp-content\/uploads\/2016\/04\/Einl-9.jpg 800w, https:\/\/www.sabine-seyffert.de\/blog\/wp-content\/uploads\/2016\/04\/Einl-9-300x225.jpg 300w, https:\/\/www.sabine-seyffert.de\/blog\/wp-content\/uploads\/2016\/04\/Einl-9-768x576.jpg 768w\" sizes=\"auto, (max-width: 800px) 100vw, 800px\" \/><\/a><\/p>\n<p style=\"text-align: justify;\">Um die K\u00e4seschachtel von Innen auszupolstern, habe ich mir aus alten Verpackungskartons (wie bsp. von Nudeln, M\u00fcslipackung &amp; Co.) Kreise ausgeschnitten. Mit etwas Klebstoff steckt man diese dann passgenau ins Innere der K\u00e4seschachtel. Dann kann man die Schachtel im Inneren mit blauer Wasserfarbe an. Die Farbe l\u00e4sst man \u00fcber Nacht gut durchtrocknen.<\/p>\n<p style=\"text-align: center;\"><a href=\"http:\/\/www.sabine-seyffert.de\/blog\/wp-content\/uploads\/2016\/04\/Einl-8.jpg\" rel=\"attachment wp-att-7150\"><img loading=\"lazy\" decoding=\"async\" class=\"alignnone size-full wp-image-7150\" src=\"http:\/\/www.sabine-seyffert.de\/blog\/wp-content\/uploads\/2016\/04\/Einl-8.jpg\" alt=\"Einl 8\" width=\"800\" height=\"600\" srcset=\"https:\/\/www.sabine-seyffert.de\/blog\/wp-content\/uploads\/2016\/04\/Einl-8.jpg 800w, https:\/\/www.sabine-seyffert.de\/blog\/wp-content\/uploads\/2016\/04\/Einl-8-300x225.jpg 300w, https:\/\/www.sabine-seyffert.de\/blog\/wp-content\/uploads\/2016\/04\/Einl-8-768x576.jpg 768w\" sizes=\"auto, (max-width: 800px) 100vw, 800px\" \/><\/a><\/p>\n<p style=\"text-align: justify;\">Nun haben wir den Rand der Schachtel von Au\u00dfen mit einem breiten Streifen t\u00fcrkisfarbenem Packpapier umklebt. Damit man die auf der R\u00fcckseite umgeklappten R\u00e4nder nicht mehr sieht, haben wir den Einladungstext auf blauem Tonpapier ausgedruckt und kreisf\u00f6rmig ausgeschnitten. Und zwar so, dass dieser genau mittig auf der Unterseite der Schachtel geklebt werden kann.<\/p>\n<p style=\"text-align: center;\"><a href=\"http:\/\/www.sabine-seyffert.de\/blog\/wp-content\/uploads\/2016\/04\/Einl-2.jpg\" rel=\"attachment wp-att-7151\"><img loading=\"lazy\" decoding=\"async\" class=\"alignnone size-full wp-image-7151\" src=\"http:\/\/www.sabine-seyffert.de\/blog\/wp-content\/uploads\/2016\/04\/Einl-2.jpg\" alt=\"Einl 2\" width=\"800\" height=\"600\" srcset=\"https:\/\/www.sabine-seyffert.de\/blog\/wp-content\/uploads\/2016\/04\/Einl-2.jpg 800w, https:\/\/www.sabine-seyffert.de\/blog\/wp-content\/uploads\/2016\/04\/Einl-2-300x225.jpg 300w, https:\/\/www.sabine-seyffert.de\/blog\/wp-content\/uploads\/2016\/04\/Einl-2-768x576.jpg 768w\" sizes=\"auto, (max-width: 800px) 100vw, 800px\" \/><\/a><\/p>\n<p style=\"text-align: justify;\">Damit die kleinen G\u00e4ste auch wissen, worum es sich handelt, habe ich mit Buchstabenstempeln und schwarzer Stempelfarbe \u201e<strong><span style=\"color: #ff6600;\">Einladung<\/span><\/strong>\u201c in die Schachtel gedruckt. Wenn die Wasserfarbe ganz trocken ist, klappt dies problemlos.<\/p>\n<p style=\"text-align: center;\"><a href=\"http:\/\/www.sabine-seyffert.de\/blog\/wp-content\/uploads\/2016\/04\/Einl-10.jpg\" rel=\"attachment wp-att-7152\"><img loading=\"lazy\" decoding=\"async\" class=\"alignnone size-full wp-image-7152\" src=\"http:\/\/www.sabine-seyffert.de\/blog\/wp-content\/uploads\/2016\/04\/Einl-10.jpg\" alt=\"Einl 10\" width=\"800\" height=\"600\" srcset=\"https:\/\/www.sabine-seyffert.de\/blog\/wp-content\/uploads\/2016\/04\/Einl-10.jpg 800w, https:\/\/www.sabine-seyffert.de\/blog\/wp-content\/uploads\/2016\/04\/Einl-10-300x225.jpg 300w, https:\/\/www.sabine-seyffert.de\/blog\/wp-content\/uploads\/2016\/04\/Einl-10-768x576.jpg 768w\" sizes=\"auto, (max-width: 800px) 100vw, 800px\" \/><\/a><\/p>\n<p style=\"text-align: justify;\">Ein weiteres St\u00fcck Kartonage habe ich mit einem St\u00fcck Zeitung beklebt und anschlie\u00dfend in verschiedenen Gr\u00fcnt\u00f6nen (Wasserfarbe) angestrichen.<\/p>\n<p style=\"text-align: center;\"><a href=\"http:\/\/www.sabine-seyffert.de\/blog\/wp-content\/uploads\/2016\/04\/Einl-1.jpg\" rel=\"attachment wp-att-7153\"><img loading=\"lazy\" decoding=\"async\" class=\"alignnone size-full wp-image-7153\" src=\"http:\/\/www.sabine-seyffert.de\/blog\/wp-content\/uploads\/2016\/04\/Einl-1.jpg\" alt=\"Einl 1\" width=\"800\" height=\"600\" srcset=\"https:\/\/www.sabine-seyffert.de\/blog\/wp-content\/uploads\/2016\/04\/Einl-1.jpg 800w, https:\/\/www.sabine-seyffert.de\/blog\/wp-content\/uploads\/2016\/04\/Einl-1-300x225.jpg 300w, https:\/\/www.sabine-seyffert.de\/blog\/wp-content\/uploads\/2016\/04\/Einl-1-768x576.jpg 768w\" sizes=\"auto, (max-width: 800px) 100vw, 800px\" \/><\/a><\/p>\n<p style=\"text-align: justify;\">Daraus schneidet man kleine Wasserpflanzen und klebt diese am unteren Rand in die Schachtel. Daneben haben wir mit Hei\u00dfkleber noch einige Muscheln und Schneckenh\u00e4user befestigt.<\/p>\n<p style=\"text-align: center;\"><a href=\"http:\/\/www.sabine-seyffert.de\/blog\/wp-content\/uploads\/2016\/04\/Einl-3.jpg\" rel=\"attachment wp-att-7154\"><img loading=\"lazy\" decoding=\"async\" class=\"alignnone size-full wp-image-7154\" src=\"http:\/\/www.sabine-seyffert.de\/blog\/wp-content\/uploads\/2016\/04\/Einl-3.jpg\" alt=\"Einl 3\" width=\"800\" height=\"600\" srcset=\"https:\/\/www.sabine-seyffert.de\/blog\/wp-content\/uploads\/2016\/04\/Einl-3.jpg 800w, https:\/\/www.sabine-seyffert.de\/blog\/wp-content\/uploads\/2016\/04\/Einl-3-300x225.jpg 300w, https:\/\/www.sabine-seyffert.de\/blog\/wp-content\/uploads\/2016\/04\/Einl-3-768x576.jpg 768w\" sizes=\"auto, (max-width: 800px) 100vw, 800px\" \/><\/a><\/p>\n<p style=\"text-align: justify;\">Aus einem mit silberner Wasserfarbe bemalten Karton haben wir Fische in unterschiedlichen Gr\u00f6\u00dfen geschnitten und in die Unterwasserlandschaft geklebt. Au\u00dferdem sind ein paar blaue und t\u00fcrkisfarbene Pailletten dazu geklebt worden.<\/p>\n<p style=\"text-align: center;\"><a href=\"http:\/\/www.sabine-seyffert.de\/blog\/wp-content\/uploads\/2016\/04\/Einl-6.jpg\" rel=\"attachment wp-att-7155\"><img loading=\"lazy\" decoding=\"async\" class=\"alignnone size-full wp-image-7155\" src=\"http:\/\/www.sabine-seyffert.de\/blog\/wp-content\/uploads\/2016\/04\/Einl-6.jpg\" alt=\"Einl 6\" width=\"800\" height=\"600\" srcset=\"https:\/\/www.sabine-seyffert.de\/blog\/wp-content\/uploads\/2016\/04\/Einl-6.jpg 800w, https:\/\/www.sabine-seyffert.de\/blog\/wp-content\/uploads\/2016\/04\/Einl-6-300x225.jpg 300w, https:\/\/www.sabine-seyffert.de\/blog\/wp-content\/uploads\/2016\/04\/Einl-6-768x576.jpg 768w\" sizes=\"auto, (max-width: 800px) 100vw, 800px\" \/><\/a><\/p>\n<p style=\"text-align: justify;\">Ganz zum Schluss locht man die K\u00e4seschachtel am oberen Rand und zieht ein St\u00fcck Kordel als Aufh\u00e4ngung durch. Daran kann man die ausgefallene Einladung prima \u00fcberreichen und der geladene Gast kann dies so auch als nette Deko zu Hause aufh\u00e4ngen. Ebenso wie unsere tolle <a href=\"http:\/\/www.sabine-seyffert.de\/blog\/?p=7188\" target=\"_blank\" rel=\"noopener\">Delfingirlande mit Wellen,<\/a> <a href=\"http:\/\/www.sabine-seyffert.de\/blog\/?p=7287\" target=\"_blank\" rel=\"noopener\">fr\u00f6hliche Quallen<\/a> oder die <a href=\"http:\/\/www.sabine-seyffert.de\/blog\/?p=7242\" target=\"_blank\" rel=\"noopener\">maritimen Mini Girlanden<\/a>.<\/p>\n<p style=\"text-align: center;\"><a href=\"http:\/\/www.sabine-seyffert.de\/blog\/wp-content\/uploads\/2016\/04\/Einl-7.jpg\" rel=\"attachment wp-att-7156\"><img loading=\"lazy\" decoding=\"async\" class=\"alignnone size-full wp-image-7156\" src=\"http:\/\/www.sabine-seyffert.de\/blog\/wp-content\/uploads\/2016\/04\/Einl-7.jpg\" alt=\"Einl 7\" width=\"800\" height=\"600\" srcset=\"https:\/\/www.sabine-seyffert.de\/blog\/wp-content\/uploads\/2016\/04\/Einl-7.jpg 800w, https:\/\/www.sabine-seyffert.de\/blog\/wp-content\/uploads\/2016\/04\/Einl-7-300x225.jpg 300w, https:\/\/www.sabine-seyffert.de\/blog\/wp-content\/uploads\/2016\/04\/Einl-7-768x576.jpg 768w\" sizes=\"auto, (max-width: 800px) 100vw, 800px\" \/><\/a><\/p>\n<p>Alles zum Thema Feiern mit Kindern findet Ihr in <a href=\"http:\/\/www.sabine-seyffert.de\/blog\/?cat=21\" target=\"_blank\" rel=\"noopener\">dieser Rubrik<\/a>, Upcyceltes <a href=\"http:\/\/www.sabine-seyffert.de\/blog\/?cat=47\" target=\"_blank\" rel=\"noopener\">dort<\/a> und andere kreative Ideen werden <a href=\"http:\/\/www.creadienstag.de\/2016\/03\/222.html\" target=\"_blank\" rel=\"noopener\">da<\/a> und auch <a href=\"http:\/\/kiddikram.blogspot.de\/\" target=\"_blank\" rel=\"noopener\">dort<\/a> gesammelt.<\/p>\n<p style=\"text-align: center;\"><a href=\"http:\/\/www.sabine-seyffert.de\/blog\/wp-content\/uploads\/2016\/04\/Einl-4.jpg\" rel=\"attachment wp-att-7157\"><img loading=\"lazy\" decoding=\"async\" class=\"alignnone size-full wp-image-7157\" src=\"http:\/\/www.sabine-seyffert.de\/blog\/wp-content\/uploads\/2016\/04\/Einl-4.jpg\" alt=\"Einl 4\" width=\"800\" height=\"600\" srcset=\"https:\/\/www.sabine-seyffert.de\/blog\/wp-content\/uploads\/2016\/04\/Einl-4.jpg 800w, https:\/\/www.sabine-seyffert.de\/blog\/wp-content\/uploads\/2016\/04\/Einl-4-300x225.jpg 300w, https:\/\/www.sabine-seyffert.de\/blog\/wp-content\/uploads\/2016\/04\/Einl-4-768x576.jpg 768w\" sizes=\"auto, (max-width: 800px) 100vw, 800px\" \/><\/a><\/p>\n<p><a href=\"http:\/\/www.sabine-seyffert.de\/blog\/?page_id=32#urheberrecht\">urheberrechtlich gesch\u00fctzt<\/a>, \u00a9 Sabine Seyffert<\/p>\n","protected":false},"excerpt":{"rendered":"<p>Es ist mal wieder soweit \u2013 nach Dschungelfest und Fuchsgeburtstag steht die n\u00e4chste Mottoparty auf dem Plan. Dieses Mal gibt es eine Unterwasserparty mit allem was dazu geh\u00f6rt. Den Start macht nat\u00fcrlich die Einladungskarte. Und diese sind nicht nur der Umwelt zu liebe upcycelt sondern fallen etwas aus der Rolle. Und das im wahrsten Sinne&#8230; <a href=\"https:\/\/www.sabine-seyffert.de\/blog\/geburtstagfeiern-mit-kindern-du-bist-eingeladen-zum-unterwasserfest-komm-wir-tauchen-ab\/\" class=\"more-link\">Read more: Geburtstagfeiern mit Kindern: Du bist eingeladen zum Unterwasserfest \u2013 komm wir tauchen ab!<\/a><\/p>\n","protected":false},"author":2,"featured_media":7156,"comment_status":"open","ping_status":"open","sticky":false,"template":"","format":"standard","meta":{"_metis_text_type":"","_metis_text_length":2832,"_post_count":0,"footnotes":""},"categories":[21,50,47],"tags":[],"class_list":["post-7145","post","type-post","status-publish","format-standard","has-post-thumbnail","hentry","category-kinderfeste-partys","category-unterwasserfest","category-upcyceltes"],"_links":{"self":[{"href":"https:\/\/www.sabine-seyffert.de\/blog\/wp-json\/wp\/v2\/posts\/7145","targetHints":{"allow":["GET"]}}],"collection":[{"href":"https:\/\/www.sabine-seyffert.de\/blog\/wp-json\/wp\/v2\/posts"}],"about":[{"href":"https:\/\/www.sabine-seyffert.de\/blog\/wp-json\/wp\/v2\/types\/post"}],"author":[{"embeddable":true,"href":"https:\/\/www.sabine-seyffert.de\/blog\/wp-json\/wp\/v2\/users\/2"}],"replies":[{"embeddable":true,"href":"https:\/\/www.sabine-seyffert.de\/blog\/wp-json\/wp\/v2\/comments?post=7145"}],"version-history":[{"count":9,"href":"https:\/\/www.sabine-seyffert.de\/blog\/wp-json\/wp\/v2\/posts\/7145\/revisions"}],"predecessor-version":[{"id":23917,"href":"https:\/\/www.sabine-seyffert.de\/blog\/wp-json\/wp\/v2\/posts\/7145\/revisions\/23917"}],"wp:featuredmedia":[{"embeddable":true,"href":"https:\/\/www.sabine-seyffert.de\/blog\/wp-json\/wp\/v2\/media\/7156"}],"wp:attachment":[{"href":"https:\/\/www.sabine-seyffert.de\/blog\/wp-json\/wp\/v2\/media?parent=7145"}],"wp:term":[{"taxonomy":"category","embeddable":true,"href":"https:\/\/www.sabine-seyffert.de\/blog\/wp-json\/wp\/v2\/categories?post=7145"},{"taxonomy":"post_tag","embeddable":true,"href":"https:\/\/www.sabine-seyffert.de\/blog\/wp-json\/wp\/v2\/tags?post=7145"}],"curies":[{"name":"wp","href":"https:\/\/api.w.org\/{rel}","templated":true}]}}