{"id":714,"date":"2013-03-08T15:34:56","date_gmt":"2013-03-08T13:34:56","guid":{"rendered":"http:\/\/www.sabine-seyffert.de\/blog\/?p=714"},"modified":"2017-03-06T18:23:08","modified_gmt":"2017-03-06T16:23:08","slug":"bunte-girlande-fur-das-geburtstagskind","status":"publish","type":"post","link":"https:\/\/www.sabine-seyffert.de\/blog\/bunte-girlande-fur-das-geburtstagskind\/","title":{"rendered":"Bunte Girlande f\u00fcr das Geburtstagskind"},"content":{"rendered":"<p style=\"text-align: center;\"><img loading=\"lazy\" decoding=\"async\" src=\"https:\/\/ssl-vg03.met.vgwort.de\/na\/8c7adab7046340b9b0b917999961aba1\" alt=\"\" width=\"1\" height=\"1\" \/><a href=\"http:\/\/www.sabine-seyffert.de\/blog\/wp-content\/uploads\/2013\/03\/Girlande-6.jpg\"><img loading=\"lazy\" decoding=\"async\" class=\"alignnone size-full wp-image-728\" src=\"http:\/\/www.sabine-seyffert.de\/blog\/wp-content\/uploads\/2013\/03\/Girlande-6.jpg\" alt=\"Girlande 6\" width=\"820\" height=\"620\" srcset=\"https:\/\/www.sabine-seyffert.de\/blog\/wp-content\/uploads\/2013\/03\/Girlande-6.jpg 820w, https:\/\/www.sabine-seyffert.de\/blog\/wp-content\/uploads\/2013\/03\/Girlande-6-300x226.jpg 300w\" sizes=\"auto, (max-width: 820px) 100vw, 820px\" \/><\/a><\/p>\n<p style=\"text-align: justify;\">Zu einer richtigen Geburtstagsfeier geh\u00f6rt nat\u00fcrlich auch die passende Dekoration. In diesem Jahr habe ich mir spontan etwas Neues \u00fcberlegt. Und zwar kam mir die Idee eine ganz pers\u00f6nliche Dekoration zu gestalten, die das Geburtstagskind betrifft und die dar\u00fcber hinaus auch ein nettes Erinnerungsst\u00fcck sein soll. Passend fand ich hierf\u00fcr eine Girlande, denn die sind bei jeder Party fast unverzichtbar, da sie im Nu ein Zimmer festlich schm\u00fccken und dar\u00fcber hinaus reichlich bunte Farbe mit sich bringen.<\/p>\n<p style=\"text-align: center;\"><a href=\"http:\/\/www.sabine-seyffert.de\/blog\/wp-content\/uploads\/2013\/03\/Girlande-1.jpg\"><img loading=\"lazy\" decoding=\"async\" class=\"alignnone size-full wp-image-715\" src=\"http:\/\/www.sabine-seyffert.de\/blog\/wp-content\/uploads\/2013\/03\/Girlande-1.jpg\" alt=\"Girlande 1\" width=\"820\" height=\"620\" srcset=\"https:\/\/www.sabine-seyffert.de\/blog\/wp-content\/uploads\/2013\/03\/Girlande-1.jpg 820w, https:\/\/www.sabine-seyffert.de\/blog\/wp-content\/uploads\/2013\/03\/Girlande-1-300x226.jpg 300w\" sizes=\"auto, (max-width: 820px) 100vw, 820px\" \/><\/a><\/p>\n<p style=\"text-align: justify;\"><strong>Das wird gebraucht:<\/strong><br \/>\nPackpapier, N\u00e4hmaschine, buntes Garn, Buchstaben-Stempel, ein Stempelkissen, Pinsel, Wasser, Wasserfarben, Schere, Kordel, farbiges Krepppapier sowie eine F\u00e4delhilfe<\/p>\n<p style=\"text-align: center;\"><a href=\"http:\/\/www.sabine-seyffert.de\/blog\/wp-content\/uploads\/2013\/03\/Girlande-2.jpg\"><img loading=\"lazy\" decoding=\"async\" class=\"alignnone size-full wp-image-716\" src=\"http:\/\/www.sabine-seyffert.de\/blog\/wp-content\/uploads\/2013\/03\/Girlande-2.jpg\" alt=\"Girlande 2\" width=\"820\" height=\"620\" srcset=\"https:\/\/www.sabine-seyffert.de\/blog\/wp-content\/uploads\/2013\/03\/Girlande-2.jpg 820w, https:\/\/www.sabine-seyffert.de\/blog\/wp-content\/uploads\/2013\/03\/Girlande-2-300x226.jpg 300w\" sizes=\"auto, (max-width: 820px) 100vw, 820px\" \/><\/a><\/p>\n<p style=\"text-align: justify;\"><strong>So wird\u2019s gemacht:<\/strong><br \/>\nAlle notwendigen Vorbereitungen habe ich get\u00e4tigt und wieder mal zu dem von mir sehr geliebten Packpapier gegriffen. Aus einem St\u00fcck fester Pappe habe ich mir vorab eine Schablone f\u00fcr die Wimpel gefertigt. Diese sollten so gro\u00df sein, dass ein Handabdruck bequem darauf Platz hat. Unsere Wimpel haben eine Breite von 25 cm und eine Gesamtl\u00e4nge von 26 cm. F\u00fcr Kinderh\u00e4nde somit gro\u00df genug, f\u00fcr die von Erwachsene dagegen schon etwas zu knapp!<\/p>\n<p><a href=\"http:\/\/www.sabine-seyffert.de\/blog\/wp-content\/uploads\/2013\/03\/Girlande-3.jpg\"><img loading=\"lazy\" decoding=\"async\" class=\"size-full wp-image-717 aligncenter\" src=\"http:\/\/www.sabine-seyffert.de\/blog\/wp-content\/uploads\/2013\/03\/Girlande-3.jpg\" alt=\"Girlande 3\" width=\"820\" height=\"620\" srcset=\"https:\/\/www.sabine-seyffert.de\/blog\/wp-content\/uploads\/2013\/03\/Girlande-3.jpg 820w, https:\/\/www.sabine-seyffert.de\/blog\/wp-content\/uploads\/2013\/03\/Girlande-3-300x226.jpg 300w\" sizes=\"auto, (max-width: 820px) 100vw, 820px\" \/><\/a><\/p>\n<p style=\"text-align: justify;\">Dann habe ich allerhand von dem Packpapier abgerollt, abgeschnitten und den langen Streifen Papier mittig gefaltet und somit die Breite halbiert. Die obere, gerade Kante meiner Schablone habe ich an der geknickten Stelle angelegt und so die Wimpel gleich doppelseitig ausschneiden k\u00f6nnen. Dadurch hat man zwar Verschnitt, aber mit einer weiteren Naht sowie Nahtzugabe w\u00e4re es mit dem von mir ausgew\u00e4hlten Packpapier nicht gegangen. Ich habe es ausprobiert, es klappt so nicht!<\/p>\n<p style=\"text-align: justify;\"><a href=\"http:\/\/www.sabine-seyffert.de\/blog\/wp-content\/uploads\/2013\/03\/Girlande-4.jpg\"><img loading=\"lazy\" decoding=\"async\" class=\"size-full wp-image-718 aligncenter\" src=\"http:\/\/www.sabine-seyffert.de\/blog\/wp-content\/uploads\/2013\/03\/Girlande-4.jpg\" alt=\"Girlande 4\" width=\"820\" height=\"620\" srcset=\"https:\/\/www.sabine-seyffert.de\/blog\/wp-content\/uploads\/2013\/03\/Girlande-4.jpg 820w, https:\/\/www.sabine-seyffert.de\/blog\/wp-content\/uploads\/2013\/03\/Girlande-4-300x226.jpg 300w\" sizes=\"auto, (max-width: 820px) 100vw, 820px\" \/><\/a><br \/>\nDann habe ich mich an die N\u00e4hmaschine gesetzt und die Wimpel vorbereitet, in dem ich etwa 2-3 cm unterhalb des oberen Wimpelrand eine einfache Naht gen\u00e4ht. Damit die Wimpel stabil werden und sich das Papier nicht wellt, habe ich diese an den beiden langen Seiten mit einem bunten Faden und einer lustigen Zickzacknaht versehen. Nun habe ich aus dem Krepppapier ca. 2 cm breite Streifen abgeschnitten und einen kleinen Vorrat angelegt. Das war es an Vorbereitungen auch schon.<\/p>\n<p style=\"text-align: center;\"><a href=\"http:\/\/www.sabine-seyffert.de\/blog\/wp-content\/uploads\/2013\/03\/Girlande-5.jpg\"><img loading=\"lazy\" decoding=\"async\" class=\"alignnone size-full wp-image-719\" src=\"http:\/\/www.sabine-seyffert.de\/blog\/wp-content\/uploads\/2013\/03\/Girlande-5.jpg\" alt=\"Girlande 5\" width=\"820\" height=\"620\" srcset=\"https:\/\/www.sabine-seyffert.de\/blog\/wp-content\/uploads\/2013\/03\/Girlande-5.jpg 820w, https:\/\/www.sabine-seyffert.de\/blog\/wp-content\/uploads\/2013\/03\/Girlande-5-300x226.jpg 300w\" sizes=\"auto, (max-width: 820px) 100vw, 820px\" \/><\/a><\/p>\n<p style=\"text-align: justify;\">Als die Feier begann durfte jeder der G\u00e4ste seine Hand mit der von ihm gew\u00fcnschten Farbe mit Wasserfarben anmalen und seinen Handabdruck auf einem der Wimpel verewigen. Damit man hinterher noch wei\u00df welche Hand von wem ist, wurde der Name des jeweiligen Kindes gleich daneben gestempelt. So haben wir Wimpel f\u00fcr Wimpel auf eine lange Kordel gef\u00e4delt und zwischen jeden etwas Krepppapier geh\u00e4ngt. Eine ganz pers\u00f6nliche Geburtstagsgirlande, die nicht nur ein toller Augenfang ist, sondern bei der auch alle tatkr\u00e4ftig mitgemacht haben!<\/p>\n<p style=\"text-align: center;\"><a href=\"http:\/\/www.sabine-seyffert.de\/blog\/wp-content\/uploads\/2013\/03\/Girlande-7.jpg\"><img loading=\"lazy\" decoding=\"async\" class=\"alignnone size-full wp-image-720\" src=\"http:\/\/www.sabine-seyffert.de\/blog\/wp-content\/uploads\/2013\/03\/Girlande-7.jpg\" alt=\"Girlande 7\" width=\"820\" height=\"620\" srcset=\"https:\/\/www.sabine-seyffert.de\/blog\/wp-content\/uploads\/2013\/03\/Girlande-7.jpg 820w, https:\/\/www.sabine-seyffert.de\/blog\/wp-content\/uploads\/2013\/03\/Girlande-7-300x226.jpg 300w\" sizes=\"auto, (max-width: 820px) 100vw, 820px\" \/><\/a><\/p>\n<p><a href=\"http:\/\/www.sabine-seyffert.de\/blog\/?page_id=32#urheberrecht\">urherrechtlich gesch\u00fctzt<\/a>, \u00a9 Sabine Seyffert<\/p>\n","protected":false},"excerpt":{"rendered":"<p>Zu einer richtigen Geburtstagsfeier geh\u00f6rt nat\u00fcrlich auch die passende Dekoration. In diesem Jahr habe ich mir spontan etwas Neues \u00fcberlegt. Und zwar kam mir die Idee eine ganz pers\u00f6nliche Dekoration zu gestalten, die das Geburtstagskind betrifft und die dar\u00fcber hinaus auch ein nettes Erinnerungsst\u00fcck sein soll. Passend fand ich hierf\u00fcr eine Girlande, denn die sind&#8230; <a href=\"https:\/\/www.sabine-seyffert.de\/blog\/bunte-girlande-fur-das-geburtstagskind\/\" class=\"more-link\">Read more: Bunte Girlande f\u00fcr das Geburtstagskind<\/a><\/p>\n","protected":false},"author":1,"featured_media":0,"comment_status":"open","ping_status":"open","sticky":false,"template":"","format":"standard","meta":{"_metis_text_type":"","_metis_text_length":2682,"_post_count":0,"footnotes":""},"categories":[32,12,21],"tags":[],"class_list":["post-714","post","type-post","status-publish","format-standard","hentry","category-kreatives-fur-kleine-kinderhande","category-deko-ideen","category-kinderfeste-partys"],"_links":{"self":[{"href":"https:\/\/www.sabine-seyffert.de\/blog\/wp-json\/wp\/v2\/posts\/714","targetHints":{"allow":["GET"]}}],"collection":[{"href":"https:\/\/www.sabine-seyffert.de\/blog\/wp-json\/wp\/v2\/posts"}],"about":[{"href":"https:\/\/www.sabine-seyffert.de\/blog\/wp-json\/wp\/v2\/types\/post"}],"author":[{"embeddable":true,"href":"https:\/\/www.sabine-seyffert.de\/blog\/wp-json\/wp\/v2\/users\/1"}],"replies":[{"embeddable":true,"href":"https:\/\/www.sabine-seyffert.de\/blog\/wp-json\/wp\/v2\/comments?post=714"}],"version-history":[{"count":13,"href":"https:\/\/www.sabine-seyffert.de\/blog\/wp-json\/wp\/v2\/posts\/714\/revisions"}],"predecessor-version":[{"id":9899,"href":"https:\/\/www.sabine-seyffert.de\/blog\/wp-json\/wp\/v2\/posts\/714\/revisions\/9899"}],"wp:attachment":[{"href":"https:\/\/www.sabine-seyffert.de\/blog\/wp-json\/wp\/v2\/media?parent=714"}],"wp:term":[{"taxonomy":"category","embeddable":true,"href":"https:\/\/www.sabine-seyffert.de\/blog\/wp-json\/wp\/v2\/categories?post=714"},{"taxonomy":"post_tag","embeddable":true,"href":"https:\/\/www.sabine-seyffert.de\/blog\/wp-json\/wp\/v2\/tags?post=714"}],"curies":[{"name":"wp","href":"https:\/\/api.w.org\/{rel}","templated":true}]}}