{"id":7125,"date":"2016-03-31T08:34:10","date_gmt":"2016-03-31T06:34:10","guid":{"rendered":"http:\/\/www.sabine-seyffert.de\/blog\/?p=7125"},"modified":"2017-03-02T07:24:47","modified_gmt":"2017-03-02T05:24:47","slug":"diy-zu-geschenken-aus-der-kueche-verpackungsidee-fuer-ein-gebackenes-mitbringsel","status":"publish","type":"post","link":"https:\/\/www.sabine-seyffert.de\/blog\/diy-zu-geschenken-aus-der-kueche-verpackungsidee-fuer-ein-gebackenes-mitbringsel\/","title":{"rendered":"DIY zu Geschenken aus der K\u00fcche: Verpackungsidee f\u00fcr ein gebackenes Mitbringsel"},"content":{"rendered":"<p style=\"text-align: justify;\"><img loading=\"lazy\" decoding=\"async\" src=\"https:\/\/ssl-vg03.met.vgwort.de\/na\/3e0e7860f2f6465db83bfdbe3d22f1fa\" alt=\"\" width=\"1\" height=\"1\" \/>Wenn wir eingeladen sind, dann komme ich ungern mit \u201eleeren\u201c H\u00e4nden. Viel lieber \u00fcberlege ich, was sich f\u00fcr ein nettes, kleines Mitbringsel eignet. Bevorzugt nat\u00fcrlich ein kleines <a href=\"http:\/\/www.sabine-seyffert.de\/blog\/?cat=43\" target=\"_blank\">Geschenk aus der K\u00fcche<\/a>. Vor kurzem waren wir zu einem gem\u00fctlichen Fr\u00fchst\u00fcck eingeladen. Und da mich die Sonne schon ganz fr\u00fch geweckt hat, habe ich so die Zeit genutzt und ein kleines K\u00f6rbchen gewerkelt bzw. upcycelt.<\/p>\n<p style=\"text-align: center;\"><a href=\"http:\/\/www.sabine-seyffert.de\/blog\/wp-content\/uploads\/2016\/03\/A-2-7.jpg\" rel=\"attachment wp-att-7126\"><img loading=\"lazy\" decoding=\"async\" class=\"alignnone size-full wp-image-7126\" src=\"http:\/\/www.sabine-seyffert.de\/blog\/wp-content\/uploads\/2016\/03\/A-2-7.jpg\" alt=\"A 2\" width=\"800\" height=\"600\" srcset=\"https:\/\/www.sabine-seyffert.de\/blog\/wp-content\/uploads\/2016\/03\/A-2-7.jpg 800w, https:\/\/www.sabine-seyffert.de\/blog\/wp-content\/uploads\/2016\/03\/A-2-7-300x225.jpg 300w, https:\/\/www.sabine-seyffert.de\/blog\/wp-content\/uploads\/2016\/03\/A-2-7-768x576.jpg 768w\" sizes=\"auto, (max-width: 800px) 100vw, 800px\" \/><\/a><\/p>\n<p style=\"text-align: justify;\"><strong>Das wird gebraucht:<\/strong><br \/>\n1 Plastikschale oder K\u00f6rbchen aus Pappe, beispielsweise von frischen Erdbeeren o.\u00e4., Wellpappe, Schere, Bleistift, eine Hei\u00dfklebepistole samt Klebepatrone, farbige Papierreste, ggf. einen Motivlocher in Bl\u00fctenform, etwas Geschenkband sowie eine Serviette<\/p>\n<p style=\"text-align: center;\"><a href=\"http:\/\/www.sabine-seyffert.de\/blog\/wp-content\/uploads\/2016\/03\/A-1-4.jpg\" rel=\"attachment wp-att-7127\"><img loading=\"lazy\" decoding=\"async\" class=\"alignnone size-full wp-image-7127\" src=\"http:\/\/www.sabine-seyffert.de\/blog\/wp-content\/uploads\/2016\/03\/A-1-4.jpg\" alt=\"A 1\" width=\"800\" height=\"600\" srcset=\"https:\/\/www.sabine-seyffert.de\/blog\/wp-content\/uploads\/2016\/03\/A-1-4.jpg 800w, https:\/\/www.sabine-seyffert.de\/blog\/wp-content\/uploads\/2016\/03\/A-1-4-300x225.jpg 300w, https:\/\/www.sabine-seyffert.de\/blog\/wp-content\/uploads\/2016\/03\/A-1-4-768x576.jpg 768w\" sizes=\"auto, (max-width: 800px) 100vw, 800px\" \/><\/a><\/p>\n<p style=\"text-align: justify;\"><strong>So wird\u2019s gemacht:<\/strong><br \/>\nF\u00fcr meine DIY B\u00fccher oder Upcycling Basteleien bewahre ich regelm\u00e4\u00dfig Dinge davor im M\u00fcll zu landen. Schlie\u00dflich l\u00e4sst sich aus vielen Dingen wirklich noch etwas Tolles machen.<\/p>\n<p style=\"text-align: center;\"><a href=\"http:\/\/www.sabine-seyffert.de\/blog\/wp-content\/uploads\/2016\/03\/1.jpg\" rel=\"attachment wp-att-7128\"><img loading=\"lazy\" decoding=\"async\" class=\"alignnone size-full wp-image-7128\" src=\"http:\/\/www.sabine-seyffert.de\/blog\/wp-content\/uploads\/2016\/03\/1.jpg\" alt=\"1\" width=\"800\" height=\"600\" srcset=\"https:\/\/www.sabine-seyffert.de\/blog\/wp-content\/uploads\/2016\/03\/1.jpg 800w, https:\/\/www.sabine-seyffert.de\/blog\/wp-content\/uploads\/2016\/03\/1-300x225.jpg 300w, https:\/\/www.sabine-seyffert.de\/blog\/wp-content\/uploads\/2016\/03\/1-768x576.jpg 768w\" sizes=\"auto, (max-width: 800px) 100vw, 800px\" \/><\/a><\/p>\n<p style=\"text-align: justify;\">So stand in meinem Regal auch einiges an Plastikschalen herum, die v\u00f6llig unversehrt und sauber waren. Um meine frisch gebackenen Sommerbl\u00fcten aus s\u00fc\u00dfem Quark-\u00d6l-Teig \u00fcberbringen zu k\u00f6nnen, fand ich diese ideal und habe mir spontan \u00fcberlegt diese passend zu den essbaren Bl\u00fcten zu verzieren.<\/p>\n<p style=\"text-align: center;\"><a href=\"http:\/\/www.sabine-seyffert.de\/blog\/wp-content\/uploads\/2016\/03\/4-1.jpg\" rel=\"attachment wp-att-7129\"><img loading=\"lazy\" decoding=\"async\" class=\"alignnone size-full wp-image-7129\" src=\"http:\/\/www.sabine-seyffert.de\/blog\/wp-content\/uploads\/2016\/03\/4-1.jpg\" alt=\"4\" width=\"800\" height=\"600\" srcset=\"https:\/\/www.sabine-seyffert.de\/blog\/wp-content\/uploads\/2016\/03\/4-1.jpg 800w, https:\/\/www.sabine-seyffert.de\/blog\/wp-content\/uploads\/2016\/03\/4-1-300x225.jpg 300w, https:\/\/www.sabine-seyffert.de\/blog\/wp-content\/uploads\/2016\/03\/4-1-768x576.jpg 768w\" sizes=\"auto, (max-width: 800px) 100vw, 800px\" \/><\/a><\/p>\n<p style=\"text-align: justify;\">So habe ich die Schale auf einen Bogen wei\u00dfe Wellpappe gelegt und mit Bleistift die Breite markiert. Anschlie\u00dfend habe ich den Streifen Wellpappe ausgeschnitten und mit Hilfe von etwas Hei\u00dfkleber als Manschette \/ Banderole um die Schale geklebt.<\/p>\n<p style=\"text-align: center;\"><a href=\"http:\/\/www.sabine-seyffert.de\/blog\/wp-content\/uploads\/2016\/03\/6-1.jpg\" rel=\"attachment wp-att-7130\"><img loading=\"lazy\" decoding=\"async\" class=\"alignnone size-full wp-image-7130\" src=\"http:\/\/www.sabine-seyffert.de\/blog\/wp-content\/uploads\/2016\/03\/6-1.jpg\" alt=\"6\" width=\"800\" height=\"600\" srcset=\"https:\/\/www.sabine-seyffert.de\/blog\/wp-content\/uploads\/2016\/03\/6-1.jpg 800w, https:\/\/www.sabine-seyffert.de\/blog\/wp-content\/uploads\/2016\/03\/6-1-300x225.jpg 300w, https:\/\/www.sabine-seyffert.de\/blog\/wp-content\/uploads\/2016\/03\/6-1-768x576.jpg 768w\" sizes=\"auto, (max-width: 800px) 100vw, 800px\" \/><\/a><\/p>\n<p style=\"text-align: justify;\">Aus einigen gemusterten Papierresten durfte meine Tochter mit dem Motivstanzer einige Bl\u00fcten lochen, die wir ebenfalls auf die Banderole gelegt haben. Zum Schluss haben wir mittig mit dem Geschenkband eine Schleife darum gebunden und das Schaleninnere mit einer farbigen Serviette ausstaffiert.<\/p>\n<p style=\"text-align: center;\"><a href=\"http:\/\/www.sabine-seyffert.de\/blog\/wp-content\/uploads\/2016\/03\/7.jpg\" rel=\"attachment wp-att-7131\"><img loading=\"lazy\" decoding=\"async\" class=\"alignnone size-full wp-image-7131\" src=\"http:\/\/www.sabine-seyffert.de\/blog\/wp-content\/uploads\/2016\/03\/7.jpg\" alt=\"7\" width=\"800\" height=\"600\" srcset=\"https:\/\/www.sabine-seyffert.de\/blog\/wp-content\/uploads\/2016\/03\/7.jpg 800w, https:\/\/www.sabine-seyffert.de\/blog\/wp-content\/uploads\/2016\/03\/7-300x225.jpg 300w, https:\/\/www.sabine-seyffert.de\/blog\/wp-content\/uploads\/2016\/03\/7-768x576.jpg 768w\" sizes=\"auto, (max-width: 800px) 100vw, 800px\" \/><\/a><\/p>\n<p style=\"text-align: justify;\">Jetzt konnten die s\u00fc\u00dfen Teigbl\u00fcten mit Puderzucker best\u00e4ubt werden und sich fr\u00f6hlich in der Schale stapeln lassen. So haben wir das Mitbringsel dem Gastgeber \u00fcberreicht.<\/p>\n<p style=\"text-align: center;\"><a href=\"http:\/\/www.sabine-seyffert.de\/blog\/wp-content\/uploads\/2016\/03\/8-1.jpg\" rel=\"attachment wp-att-7132\"><img loading=\"lazy\" decoding=\"async\" class=\"alignnone size-full wp-image-7132\" src=\"http:\/\/www.sabine-seyffert.de\/blog\/wp-content\/uploads\/2016\/03\/8-1.jpg\" alt=\"8\" width=\"600\" height=\"800\" srcset=\"https:\/\/www.sabine-seyffert.de\/blog\/wp-content\/uploads\/2016\/03\/8-1.jpg 600w, https:\/\/www.sabine-seyffert.de\/blog\/wp-content\/uploads\/2016\/03\/8-1-225x300.jpg 225w\" sizes=\"auto, (max-width: 600px) 100vw, 600px\" \/><\/a><\/p>\n<p style=\"text-align: justify;\"><a href=\"http:\/\/www.sabine-seyffert.de\/blog\/?page_id=32#urheberrecht\">urheberrechtlich gesch\u00fctzt<\/a>, \u00a9 Sabine Seyffert<\/p>\n","protected":false},"excerpt":{"rendered":"<p>Wenn wir eingeladen sind, dann komme ich ungern mit \u201eleeren\u201c H\u00e4nden. Viel lieber \u00fcberlege ich, was sich f\u00fcr ein nettes, kleines Mitbringsel eignet. Bevorzugt nat\u00fcrlich ein kleines Geschenk aus der K\u00fcche. Vor kurzem waren wir zu einem gem\u00fctlichen Fr\u00fchst\u00fcck eingeladen. Und da mich die Sonne schon ganz fr\u00fch geweckt hat, habe ich so die Zeit&#8230; <a href=\"https:\/\/www.sabine-seyffert.de\/blog\/diy-zu-geschenken-aus-der-kueche-verpackungsidee-fuer-ein-gebackenes-mitbringsel\/\" class=\"more-link\">Read more: DIY zu Geschenken aus der K\u00fcche: Verpackungsidee f\u00fcr ein gebackenes Mitbringsel<\/a><\/p>\n","protected":false},"author":2,"featured_media":7132,"comment_status":"open","ping_status":"open","sticky":false,"template":"","format":"standard","meta":{"_metis_text_type":"","_metis_text_length":1917,"_post_count":0,"footnotes":""},"categories":[43,36,49,47],"tags":[],"class_list":["post-7125","post","type-post","status-publish","format-standard","has-post-thumbnail","hentry","category-geschenke-aus-der-kueche","category-klitzekleine-geschenkideen","category-verpackungsideen","category-upcyceltes"],"_links":{"self":[{"href":"https:\/\/www.sabine-seyffert.de\/blog\/wp-json\/wp\/v2\/posts\/7125","targetHints":{"allow":["GET"]}}],"collection":[{"href":"https:\/\/www.sabine-seyffert.de\/blog\/wp-json\/wp\/v2\/posts"}],"about":[{"href":"https:\/\/www.sabine-seyffert.de\/blog\/wp-json\/wp\/v2\/types\/post"}],"author":[{"embeddable":true,"href":"https:\/\/www.sabine-seyffert.de\/blog\/wp-json\/wp\/v2\/users\/2"}],"replies":[{"embeddable":true,"href":"https:\/\/www.sabine-seyffert.de\/blog\/wp-json\/wp\/v2\/comments?post=7125"}],"version-history":[{"count":1,"href":"https:\/\/www.sabine-seyffert.de\/blog\/wp-json\/wp\/v2\/posts\/7125\/revisions"}],"predecessor-version":[{"id":7133,"href":"https:\/\/www.sabine-seyffert.de\/blog\/wp-json\/wp\/v2\/posts\/7125\/revisions\/7133"}],"wp:featuredmedia":[{"embeddable":true,"href":"https:\/\/www.sabine-seyffert.de\/blog\/wp-json\/wp\/v2\/media\/7132"}],"wp:attachment":[{"href":"https:\/\/www.sabine-seyffert.de\/blog\/wp-json\/wp\/v2\/media?parent=7125"}],"wp:term":[{"taxonomy":"category","embeddable":true,"href":"https:\/\/www.sabine-seyffert.de\/blog\/wp-json\/wp\/v2\/categories?post=7125"},{"taxonomy":"post_tag","embeddable":true,"href":"https:\/\/www.sabine-seyffert.de\/blog\/wp-json\/wp\/v2\/tags?post=7125"}],"curies":[{"name":"wp","href":"https:\/\/api.w.org\/{rel}","templated":true}]}}