{"id":7115,"date":"2016-03-29T05:56:41","date_gmt":"2016-03-29T03:56:41","guid":{"rendered":"http:\/\/www.sabine-seyffert.de\/blog\/?p=7115"},"modified":"2017-03-02T07:26:06","modified_gmt":"2017-03-02T05:26:06","slug":"geschenke-verpacken-mit-packpapier-eine-upcycelte-fruehlingswiese-zum-geburtstag","status":"publish","type":"post","link":"https:\/\/www.sabine-seyffert.de\/blog\/geschenke-verpacken-mit-packpapier-eine-upcycelte-fruehlingswiese-zum-geburtstag\/","title":{"rendered":"Geschenke verpacken mit Packpapier: Eine upcycelte Fr\u00fchlingswiese zum Geburtstag"},"content":{"rendered":"<p style=\"text-align: justify;\"><img loading=\"lazy\" decoding=\"async\" src=\"https:\/\/ssl-vg03.met.vgwort.de\/na\/3464f9683a184b949f810c24c74e4569\" alt=\"\" width=\"1\" height=\"1\" \/>Der Fr\u00fchling hat begonnen. Und daher habe ich ein Geburtstagsgeschenk passend zur Jahreszeit in ein ganz fr\u00fchlingshaftes Gewand gesteckt. Das weckt hoffentlich die Vorfreude auf bunte Fr\u00fchlingsblumen samt der w\u00e4rmenden Sonnenstrahlen, die die Erde ganz sanft wachk\u00fcsst zum alles zum Leben erweckt\u2026<\/p>\n<p style=\"text-align: center;\"><a href=\"http:\/\/www.sabine-seyffert.de\/blog\/wp-content\/uploads\/2016\/03\/A-10-1.jpg\" rel=\"attachment wp-att-7116\"><img loading=\"lazy\" decoding=\"async\" class=\"alignnone size-full wp-image-7116\" src=\"http:\/\/www.sabine-seyffert.de\/blog\/wp-content\/uploads\/2016\/03\/A-10-1.jpg\" alt=\"A 10\" width=\"799\" height=\"574\" srcset=\"https:\/\/www.sabine-seyffert.de\/blog\/wp-content\/uploads\/2016\/03\/A-10-1.jpg 799w, https:\/\/www.sabine-seyffert.de\/blog\/wp-content\/uploads\/2016\/03\/A-10-1-300x216.jpg 300w, https:\/\/www.sabine-seyffert.de\/blog\/wp-content\/uploads\/2016\/03\/A-10-1-768x552.jpg 768w\" sizes=\"auto, (max-width: 799px) 100vw, 799px\" \/><\/a><\/p>\n<p style=\"text-align: justify;\"><strong>Das wird gebraucht:<\/strong><br \/>\nNaturbraunes Packpapier, braune Wellpappe, d\u00fcnne Pappreste, alte Buchseiten, Papierreste in Naturt\u00f6nen, eine Schere, Klebstoff, kleinere Holzperlen und \/ oder Holzkn\u00f6pfe, Zahnstocher, Buchstabenstempel, ein wei\u00dfes Stempelkissen, optional Motivlocher mit Bl\u00fctenmuster<\/p>\n<p style=\"text-align: center;\"><a href=\"http:\/\/www.sabine-seyffert.de\/blog\/wp-content\/uploads\/2016\/03\/A-9-4.jpg\" rel=\"attachment wp-att-7117\"><img loading=\"lazy\" decoding=\"async\" class=\"alignnone size-full wp-image-7117\" src=\"http:\/\/www.sabine-seyffert.de\/blog\/wp-content\/uploads\/2016\/03\/A-9-4.jpg\" alt=\"A 9\" width=\"800\" height=\"600\" srcset=\"https:\/\/www.sabine-seyffert.de\/blog\/wp-content\/uploads\/2016\/03\/A-9-4.jpg 800w, https:\/\/www.sabine-seyffert.de\/blog\/wp-content\/uploads\/2016\/03\/A-9-4-300x225.jpg 300w, https:\/\/www.sabine-seyffert.de\/blog\/wp-content\/uploads\/2016\/03\/A-9-4-768x576.jpg 768w\" sizes=\"auto, (max-width: 800px) 100vw, 800px\" \/><\/a><\/p>\n<p style=\"text-align: justify;\"><strong>So wird\u2019s gemacht:<\/strong><br \/>\nWie immer wickelt man das Geschenk erst einmal in das Packpapier. Anschlie\u00dfend geht es an das Verzieren. Zuerst habe ich aus der gewellten Pappe eine Wiese geschnitten.<\/p>\n<p style=\"text-align: center;\"><a href=\"http:\/\/www.sabine-seyffert.de\/blog\/wp-content\/uploads\/2016\/03\/A-8-4.jpg\" rel=\"attachment wp-att-7118\"><img loading=\"lazy\" decoding=\"async\" class=\"alignnone size-full wp-image-7118\" src=\"http:\/\/www.sabine-seyffert.de\/blog\/wp-content\/uploads\/2016\/03\/A-8-4.jpg\" alt=\"A 8\" width=\"800\" height=\"600\" srcset=\"https:\/\/www.sabine-seyffert.de\/blog\/wp-content\/uploads\/2016\/03\/A-8-4.jpg 800w, https:\/\/www.sabine-seyffert.de\/blog\/wp-content\/uploads\/2016\/03\/A-8-4-300x225.jpg 300w, https:\/\/www.sabine-seyffert.de\/blog\/wp-content\/uploads\/2016\/03\/A-8-4-768x576.jpg 768w\" sizes=\"auto, (max-width: 800px) 100vw, 800px\" \/><\/a><\/p>\n<p style=\"text-align: justify;\">Und damit es plastischer wirkt aus einem kleinen Streifen Naturpapiers einen kleineren Wiesenstreifen dar\u00fcber geklebt. Den habe ich mit der Schere einfach kreuz und quer eingeschnitten, so dass es an Grashalme erinnert.<\/p>\n<p style=\"text-align: center;\"><a href=\"http:\/\/www.sabine-seyffert.de\/blog\/wp-content\/uploads\/2016\/03\/A-7-3.jpg\" rel=\"attachment wp-att-7119\"><img loading=\"lazy\" decoding=\"async\" class=\"alignnone size-full wp-image-7119\" src=\"http:\/\/www.sabine-seyffert.de\/blog\/wp-content\/uploads\/2016\/03\/A-7-3.jpg\" alt=\"A 7\" width=\"800\" height=\"600\" srcset=\"https:\/\/www.sabine-seyffert.de\/blog\/wp-content\/uploads\/2016\/03\/A-7-3.jpg 800w, https:\/\/www.sabine-seyffert.de\/blog\/wp-content\/uploads\/2016\/03\/A-7-3-300x225.jpg 300w, https:\/\/www.sabine-seyffert.de\/blog\/wp-content\/uploads\/2016\/03\/A-7-3-768x576.jpg 768w\" sizes=\"auto, (max-width: 800px) 100vw, 800px\" \/><\/a><\/p>\n<p style=\"text-align: justify;\">Dann habe ich aus alten Buchseiten und einem ganz d\u00fcnnen Rest Pappe einige Bl\u00fcten gestanzt und auch per Hand geschnitten. Diese kann man je nach Lust und Laune \u00fcbereinander anordnen, damit die Fr\u00fchlingsblumen ausgefallener werden und sch\u00f6ne Bl\u00fcten bekommen. Diese setzt man mit Klebstoff auf kleine Zahnstocher, deren unteres Ende einfach in die Wellpappe gesteckt wird.<\/p>\n<p style=\"text-align: center;\"><a href=\"http:\/\/www.sabine-seyffert.de\/blog\/wp-content\/uploads\/2016\/03\/A-2-6.jpg\" rel=\"attachment wp-att-7120\"><img loading=\"lazy\" decoding=\"async\" class=\"alignnone size-full wp-image-7120\" src=\"http:\/\/www.sabine-seyffert.de\/blog\/wp-content\/uploads\/2016\/03\/A-2-6.jpg\" alt=\"A 2\" width=\"800\" height=\"553\" srcset=\"https:\/\/www.sabine-seyffert.de\/blog\/wp-content\/uploads\/2016\/03\/A-2-6.jpg 800w, https:\/\/www.sabine-seyffert.de\/blog\/wp-content\/uploads\/2016\/03\/A-2-6-300x207.jpg 300w, https:\/\/www.sabine-seyffert.de\/blog\/wp-content\/uploads\/2016\/03\/A-2-6-768x531.jpg 768w\" sizes=\"auto, (max-width: 800px) 100vw, 800px\" \/><\/a><\/p>\n<p style=\"text-align: justify;\">Au\u00dferdem habe ich in jede Bl\u00fcte mittig noch kleine Holzperlen und einen Knopf geklebt. Damit man es auch hier wieder plastischer und lebendiger hat. Aus dem unbeschrifteten Rand der Buchseiten habe ich noch verschiedene Bl\u00fctenbl\u00e4tter geschnitten und an die Blumen geklebt.<\/p>\n<p style=\"text-align: center;\"><a href=\"http:\/\/www.sabine-seyffert.de\/blog\/wp-content\/uploads\/2016\/03\/A-6-4.jpg\" rel=\"attachment wp-att-7121\"><img loading=\"lazy\" decoding=\"async\" class=\"alignnone size-full wp-image-7121\" src=\"http:\/\/www.sabine-seyffert.de\/blog\/wp-content\/uploads\/2016\/03\/A-6-4.jpg\" alt=\"A 6\" width=\"800\" height=\"600\" srcset=\"https:\/\/www.sabine-seyffert.de\/blog\/wp-content\/uploads\/2016\/03\/A-6-4.jpg 800w, https:\/\/www.sabine-seyffert.de\/blog\/wp-content\/uploads\/2016\/03\/A-6-4-300x225.jpg 300w, https:\/\/www.sabine-seyffert.de\/blog\/wp-content\/uploads\/2016\/03\/A-6-4-768x576.jpg 768w\" sizes=\"auto, (max-width: 800px) 100vw, 800px\" \/><\/a><\/p>\n<p style=\"text-align: justify;\">Ebenso einen Schwung an Wolken, die nun durch den Fr\u00fchlingshimmel schweben. Um die Wolken herum habe ich den Geburtstagsgru\u00df \u201eHappy Birthday\u201c gestempelt. Fr\u00f6hlich geschwungen, als w\u00fcrde dieser Gl\u00fcckwunsch um die Wolken herumfliegen\u2026<\/p>\n<p style=\"text-align: center;\"><a href=\"http:\/\/www.sabine-seyffert.de\/blog\/wp-content\/uploads\/2016\/03\/A-4-3.jpg\" rel=\"attachment wp-att-7122\"><img loading=\"lazy\" decoding=\"async\" class=\"alignnone size-full wp-image-7122\" src=\"http:\/\/www.sabine-seyffert.de\/blog\/wp-content\/uploads\/2016\/03\/A-4-3.jpg\" alt=\"A 4\" width=\"800\" height=\"600\" srcset=\"https:\/\/www.sabine-seyffert.de\/blog\/wp-content\/uploads\/2016\/03\/A-4-3.jpg 800w, https:\/\/www.sabine-seyffert.de\/blog\/wp-content\/uploads\/2016\/03\/A-4-3-300x225.jpg 300w, https:\/\/www.sabine-seyffert.de\/blog\/wp-content\/uploads\/2016\/03\/A-4-3-768x576.jpg 768w\" sizes=\"auto, (max-width: 800px) 100vw, 800px\" \/><\/a><\/p>\n<p style=\"text-align: justify;\">Weitere ausgefallene Verpackungsideen f\u00fcr Geschenke findet Ihr \u00fcbrigens in <a href=\"http:\/\/www.sabine-seyffert.de\/blog\/?cat=49\" target=\"_blank\">dieser Rubrik<\/a>, klitzekleine Geschenkideen <a href=\"http:\/\/www.sabine-seyffert.de\/blog\/?cat=36\" target=\"_blank\">dort<\/a>, alles zum Thema Fr\u00fchling <a href=\"http:\/\/www.sabine-seyffert.de\/blog\/?cat=23\" target=\"_blank\">hier<\/a> und andere kreative Sachen tummeln sich <a href=\"http:\/\/www.creadienstag.de\/2016\/03\/221.html\" target=\"_blank\">da<\/a>.<\/p>\n<p style=\"text-align: center;\"><a href=\"http:\/\/www.sabine-seyffert.de\/blog\/wp-content\/uploads\/2016\/03\/A-3-5.jpg\" rel=\"attachment wp-att-7123\"><img loading=\"lazy\" decoding=\"async\" class=\"alignnone size-full wp-image-7123\" src=\"http:\/\/www.sabine-seyffert.de\/blog\/wp-content\/uploads\/2016\/03\/A-3-5.jpg\" alt=\"A 3\" width=\"800\" height=\"600\" srcset=\"https:\/\/www.sabine-seyffert.de\/blog\/wp-content\/uploads\/2016\/03\/A-3-5.jpg 800w, https:\/\/www.sabine-seyffert.de\/blog\/wp-content\/uploads\/2016\/03\/A-3-5-300x225.jpg 300w, https:\/\/www.sabine-seyffert.de\/blog\/wp-content\/uploads\/2016\/03\/A-3-5-768x576.jpg 768w\" sizes=\"auto, (max-width: 800px) 100vw, 800px\" \/><\/a><\/p>\n<p><a href=\"http:\/\/www.sabine-seyffert.de\/blog\/?page_id=32#urheberrecht\">urheberrechtlich gesch\u00fctzt<\/a>, \u00a9 Sabine Seyffert<\/p>\n","protected":false},"excerpt":{"rendered":"<p>Der Fr\u00fchling hat begonnen. Und daher habe ich ein Geburtstagsgeschenk passend zur Jahreszeit in ein ganz fr\u00fchlingshaftes Gewand gesteckt. Das weckt hoffentlich die Vorfreude auf bunte Fr\u00fchlingsblumen samt der w\u00e4rmenden Sonnenstrahlen, die die Erde ganz sanft wachk\u00fcsst zum alles zum Leben erweckt\u2026 Das wird gebraucht: Naturbraunes Packpapier, braune Wellpappe, d\u00fcnne Pappreste, alte Buchseiten, Papierreste in&#8230; <a href=\"https:\/\/www.sabine-seyffert.de\/blog\/geschenke-verpacken-mit-packpapier-eine-upcycelte-fruehlingswiese-zum-geburtstag\/\" class=\"more-link\">Read more: Geschenke verpacken mit Packpapier: Eine upcycelte Fr\u00fchlingswiese zum Geburtstag<\/a><\/p>\n","protected":false},"author":2,"featured_media":7122,"comment_status":"open","ping_status":"open","sticky":false,"template":"","format":"standard","meta":{"_metis_text_type":"","_metis_text_length":2112,"_post_count":0,"footnotes":""},"categories":[23,49,47],"tags":[],"class_list":["post-7115","post","type-post","status-publish","format-standard","has-post-thumbnail","hentry","category-fruhling","category-verpackungsideen","category-upcyceltes"],"_links":{"self":[{"href":"https:\/\/www.sabine-seyffert.de\/blog\/wp-json\/wp\/v2\/posts\/7115","targetHints":{"allow":["GET"]}}],"collection":[{"href":"https:\/\/www.sabine-seyffert.de\/blog\/wp-json\/wp\/v2\/posts"}],"about":[{"href":"https:\/\/www.sabine-seyffert.de\/blog\/wp-json\/wp\/v2\/types\/post"}],"author":[{"embeddable":true,"href":"https:\/\/www.sabine-seyffert.de\/blog\/wp-json\/wp\/v2\/users\/2"}],"replies":[{"embeddable":true,"href":"https:\/\/www.sabine-seyffert.de\/blog\/wp-json\/wp\/v2\/comments?post=7115"}],"version-history":[{"count":1,"href":"https:\/\/www.sabine-seyffert.de\/blog\/wp-json\/wp\/v2\/posts\/7115\/revisions"}],"predecessor-version":[{"id":7124,"href":"https:\/\/www.sabine-seyffert.de\/blog\/wp-json\/wp\/v2\/posts\/7115\/revisions\/7124"}],"wp:featuredmedia":[{"embeddable":true,"href":"https:\/\/www.sabine-seyffert.de\/blog\/wp-json\/wp\/v2\/media\/7122"}],"wp:attachment":[{"href":"https:\/\/www.sabine-seyffert.de\/blog\/wp-json\/wp\/v2\/media?parent=7115"}],"wp:term":[{"taxonomy":"category","embeddable":true,"href":"https:\/\/www.sabine-seyffert.de\/blog\/wp-json\/wp\/v2\/categories?post=7115"},{"taxonomy":"post_tag","embeddable":true,"href":"https:\/\/www.sabine-seyffert.de\/blog\/wp-json\/wp\/v2\/tags?post=7115"}],"curies":[{"name":"wp","href":"https:\/\/api.w.org\/{rel}","templated":true}]}}