{"id":7097,"date":"2016-03-26T08:18:41","date_gmt":"2016-03-26T06:18:41","guid":{"rendered":"http:\/\/www.sabine-seyffert.de\/blog\/?p=7097"},"modified":"2018-06-26T17:19:05","modified_gmt":"2018-06-26T15:19:05","slug":"ausflugstipp-fuer-familien-nicht-nur-in-der-ferienzeit-ein-besuch-im-elefantenpark","status":"publish","type":"post","link":"https:\/\/www.sabine-seyffert.de\/blog\/ausflugstipp-fuer-familien-nicht-nur-in-der-ferienzeit-ein-besuch-im-elefantenpark\/","title":{"rendered":"Ausflugstipp f\u00fcr Familien nicht nur in der Ferienzeit: Ein Besuch im Elefanten-Park"},"content":{"rendered":"<p style=\"text-align: justify;\"><img loading=\"lazy\" decoding=\"async\" src=\"https:\/\/ssl-vg03.met.vgwort.de\/na\/156252e9c8384c22b26653b16d1307dd\" alt=\"\" width=\"1\" height=\"1\" \/>Als Familie sind wir an Wochenenden oder der Ferienzeit gern unterwegs. Schlie\u00dflich macht es viel Spa\u00df die Gegend zu erkunden und neue Ausflugsziele zu entdecken.<\/p>\n<p style=\"text-align: center;\"><a href=\"http:\/\/www.sabine-seyffert.de\/blog\/wp-content\/uploads\/2016\/03\/E-0.jpg\" rel=\"attachment wp-att-7098\"><img loading=\"lazy\" decoding=\"async\" class=\"alignnone size-full wp-image-7098\" src=\"http:\/\/www.sabine-seyffert.de\/blog\/wp-content\/uploads\/2016\/03\/E-0.jpg\" alt=\"E 0\" width=\"800\" height=\"600\" srcset=\"https:\/\/www.sabine-seyffert.de\/blog\/wp-content\/uploads\/2016\/03\/E-0.jpg 800w, https:\/\/www.sabine-seyffert.de\/blog\/wp-content\/uploads\/2016\/03\/E-0-300x225.jpg 300w, https:\/\/www.sabine-seyffert.de\/blog\/wp-content\/uploads\/2016\/03\/E-0-768x576.jpg 768w\" sizes=\"auto, (max-width: 800px) 100vw, 800px\" \/><\/a><\/p>\n<p style=\"text-align: justify;\">So f\u00fchrte uns ein Ausflug in den Allwetterzoo nach M\u00fcnster. In diesem durften wir den Elefanten-Park kennen lernen, der im Jahre 2013 er\u00f6ffnet wurde. Ein tolles Erlebnis und sehr eindrucksvoll. Das Areal des Elefanten-Parks erstreckt sich \u00fcber stolze 5000 m2 Fl\u00e4che.<\/p>\n<p style=\"text-align: center;\"><a href=\"http:\/\/www.sabine-seyffert.de\/blog\/wp-content\/uploads\/2016\/03\/E-10.jpg\" rel=\"attachment wp-att-7099\"><img loading=\"lazy\" decoding=\"async\" class=\"alignnone size-full wp-image-7099\" src=\"http:\/\/www.sabine-seyffert.de\/blog\/wp-content\/uploads\/2016\/03\/E-10.jpg\" alt=\"E 10\" width=\"800\" height=\"600\" srcset=\"https:\/\/www.sabine-seyffert.de\/blog\/wp-content\/uploads\/2016\/03\/E-10.jpg 800w, https:\/\/www.sabine-seyffert.de\/blog\/wp-content\/uploads\/2016\/03\/E-10-300x225.jpg 300w, https:\/\/www.sabine-seyffert.de\/blog\/wp-content\/uploads\/2016\/03\/E-10-768x576.jpg 768w\" sizes=\"auto, (max-width: 800px) 100vw, 800px\" \/><\/a><\/p>\n<p style=\"text-align: justify;\">Auf dem Gel\u00e4nde muss man die Dickh\u00e4uter erst einmal suchen. Wir hatten das Gl\u00fcck genau zur richtigen Zeit einzutreffen, denn es gab eine F\u00fctterung. Doch keine der gew\u00f6hnlichen Art, wie man sie sonst aus Zoos kennt.<\/p>\n<p style=\"text-align: center;\"><a href=\"http:\/\/www.sabine-seyffert.de\/blog\/wp-content\/uploads\/2016\/03\/A-12-1.jpg\" rel=\"attachment wp-att-7100\"><img loading=\"lazy\" decoding=\"async\" class=\"alignnone size-full wp-image-7100\" src=\"http:\/\/www.sabine-seyffert.de\/blog\/wp-content\/uploads\/2016\/03\/A-12-1.jpg\" alt=\"A 12\" width=\"800\" height=\"600\" srcset=\"https:\/\/www.sabine-seyffert.de\/blog\/wp-content\/uploads\/2016\/03\/A-12-1.jpg 800w, https:\/\/www.sabine-seyffert.de\/blog\/wp-content\/uploads\/2016\/03\/A-12-1-300x225.jpg 300w, https:\/\/www.sabine-seyffert.de\/blog\/wp-content\/uploads\/2016\/03\/A-12-1-768x576.jpg 768w\" sizes=\"auto, (max-width: 800px) 100vw, 800px\" \/><\/a><\/p>\n<p style=\"text-align: justify;\">Hier d\u00fcrfen die Besucher die Elefanten mit Futter versorgen. Das Futter kommt auf einer Sackkarre angefahren, die einer der Pfleger zieht. Darauf stapeln sich einige K\u00f6rbe mit frischem Gem\u00fcse.<\/p>\n<p style=\"text-align: center;\"><a href=\"http:\/\/www.sabine-seyffert.de\/blog\/wp-content\/uploads\/2016\/03\/E-12.jpg\" rel=\"attachment wp-att-7101\"><img loading=\"lazy\" decoding=\"async\" class=\"alignnone size-full wp-image-7101\" src=\"http:\/\/www.sabine-seyffert.de\/blog\/wp-content\/uploads\/2016\/03\/E-12.jpg\" alt=\"E 12\" width=\"600\" height=\"800\" srcset=\"https:\/\/www.sabine-seyffert.de\/blog\/wp-content\/uploads\/2016\/03\/E-12.jpg 600w, https:\/\/www.sabine-seyffert.de\/blog\/wp-content\/uploads\/2016\/03\/E-12-225x300.jpg 225w\" sizes=\"auto, (max-width: 600px) 100vw, 600px\" \/><\/a><\/p>\n<p style=\"text-align: justify;\">Die kleineren Lebensmittel wie M\u00f6hren und Gurken darf sich jeder aus den K\u00f6rben holen und an die Tiere verf\u00fcttern. Die gr\u00f6\u00dferen Leckereien wie Salatk\u00f6pfe, Melonen, Brot oder Gr\u00fcnkohl bekommt man gegen eine kleine Spende.<\/p>\n<p style=\"text-align: center;\"><a href=\"http:\/\/www.sabine-seyffert.de\/blog\/wp-content\/uploads\/2016\/03\/E-6.jpg\" rel=\"attachment wp-att-7102\"><img loading=\"lazy\" decoding=\"async\" class=\"alignnone size-full wp-image-7102\" src=\"http:\/\/www.sabine-seyffert.de\/blog\/wp-content\/uploads\/2016\/03\/E-6.jpg\" alt=\"E 6\" width=\"600\" height=\"800\" srcset=\"https:\/\/www.sabine-seyffert.de\/blog\/wp-content\/uploads\/2016\/03\/E-6.jpg 600w, https:\/\/www.sabine-seyffert.de\/blog\/wp-content\/uploads\/2016\/03\/E-6-225x300.jpg 225w\" sizes=\"auto, (max-width: 600px) 100vw, 600px\" \/><\/a><\/p>\n<p style=\"text-align: justify;\">Die Elefanten stehen ganz geduldig am Zaun und recken die langen R\u00fcssel den Besuchern entgegen. Dort hinein legt man das Gem\u00fcse und von dort aus wandert die gesunde Mahlzeit direkt ins gro\u00dfe Maul.<\/p>\n<p style=\"text-align: center;\"><a href=\"http:\/\/www.sabine-seyffert.de\/blog\/wp-content\/uploads\/2016\/03\/E-1.jpg\" rel=\"attachment wp-att-7103\"><img loading=\"lazy\" decoding=\"async\" class=\"alignnone size-full wp-image-7103\" src=\"http:\/\/www.sabine-seyffert.de\/blog\/wp-content\/uploads\/2016\/03\/E-1.jpg\" alt=\"E 1\" width=\"600\" height=\"800\" srcset=\"https:\/\/www.sabine-seyffert.de\/blog\/wp-content\/uploads\/2016\/03\/E-1.jpg 600w, https:\/\/www.sabine-seyffert.de\/blog\/wp-content\/uploads\/2016\/03\/E-1-225x300.jpg 225w\" sizes=\"auto, (max-width: 600px) 100vw, 600px\" \/><\/a><\/p>\n<p style=\"text-align: justify;\">Viel gekaut wird hierbei nicht. Meist schlucken die <a href=\"https:\/\/de.wikipedia.org\/wiki\/Elefanten\" target=\"_blank\" rel=\"noopener\">Elefanten<\/a> das Gem\u00fcse am St\u00fcck hinunter. Zumindest die klein geschnittenen Gurkenscheiben. Bei gr\u00f6\u00dferen Lebensmitteln kommen dann die <a href=\"https:\/\/de.wikipedia.org\/wiki\/Elefanten#Gebiss_und_Zahnwechsel\" target=\"_blank\" rel=\"noopener\">hinteren Backenz\u00e4hne der Elefanten<\/a> zum Einsatz!<\/p>\n<p style=\"text-align: center;\"><a href=\"http:\/\/www.sabine-seyffert.de\/blog\/wp-content\/uploads\/2016\/03\/E-5.jpg\" rel=\"attachment wp-att-7104\"><img loading=\"lazy\" decoding=\"async\" class=\"alignnone size-full wp-image-7104\" src=\"http:\/\/www.sabine-seyffert.de\/blog\/wp-content\/uploads\/2016\/03\/E-5.jpg\" alt=\"E 5\" width=\"800\" height=\"600\" srcset=\"https:\/\/www.sabine-seyffert.de\/blog\/wp-content\/uploads\/2016\/03\/E-5.jpg 800w, https:\/\/www.sabine-seyffert.de\/blog\/wp-content\/uploads\/2016\/03\/E-5-300x225.jpg 300w, https:\/\/www.sabine-seyffert.de\/blog\/wp-content\/uploads\/2016\/03\/E-5-768x576.jpg 768w\" sizes=\"auto, (max-width: 800px) 100vw, 800px\" \/><\/a><\/p>\n<p style=\"text-align: justify;\">Wer sich traut, kann w\u00e4hrend des F\u00fctterns den Elefantenr\u00fcssel einmal streicheln und dabei sp\u00fcren, wie genau sich die Haut eines Elefanten anf\u00fchlt. Sehr spannend, soviel kann ich verraten. Und so nah kommt man ja wirklich selten an die grauen Riesen heran!<\/p>\n<p style=\"text-align: center;\"><a href=\"http:\/\/www.sabine-seyffert.de\/blog\/wp-content\/uploads\/2016\/03\/E-8.jpg\" rel=\"attachment wp-att-7105\"><img loading=\"lazy\" decoding=\"async\" class=\"alignnone size-full wp-image-7105\" src=\"http:\/\/www.sabine-seyffert.de\/blog\/wp-content\/uploads\/2016\/03\/E-8.jpg\" alt=\"E 8\" width=\"800\" height=\"600\" srcset=\"https:\/\/www.sabine-seyffert.de\/blog\/wp-content\/uploads\/2016\/03\/E-8.jpg 800w, https:\/\/www.sabine-seyffert.de\/blog\/wp-content\/uploads\/2016\/03\/E-8-300x225.jpg 300w, https:\/\/www.sabine-seyffert.de\/blog\/wp-content\/uploads\/2016\/03\/E-8-768x576.jpg 768w\" sizes=\"auto, (max-width: 800px) 100vw, 800px\" \/><\/a><\/p>\n<p style=\"text-align: justify;\">Nach der F\u00fctterung haben wir den Elefanten-Park weiter erkundet. Besonders gut gefallen hat uns das asiatische Langhaus. Das verf\u00fcgt \u00fcber zwei Etagen von denen aus man den Park wunderbar \u00fcberblicken kann.<\/p>\n<p style=\"text-align: right;\"><a href=\"http:\/\/www.sabine-seyffert.de\/blog\/wp-content\/uploads\/2016\/03\/E-9.jpg\" rel=\"attachment wp-att-7106\"><img loading=\"lazy\" decoding=\"async\" class=\"alignnone size-full wp-image-7106\" src=\"http:\/\/www.sabine-seyffert.de\/blog\/wp-content\/uploads\/2016\/03\/E-9.jpg\" alt=\"E 9\" width=\"800\" height=\"600\" srcset=\"https:\/\/www.sabine-seyffert.de\/blog\/wp-content\/uploads\/2016\/03\/E-9.jpg 800w, https:\/\/www.sabine-seyffert.de\/blog\/wp-content\/uploads\/2016\/03\/E-9-300x225.jpg 300w, https:\/\/www.sabine-seyffert.de\/blog\/wp-content\/uploads\/2016\/03\/E-9-768x576.jpg 768w\" sizes=\"auto, (max-width: 800px) 100vw, 800px\" \/><\/a><\/p>\n<p style=\"text-align: justify;\">Auf der oberen Etage haben wir ein gem\u00fctliches Picknick gemacht und in den Korbst\u00fchlen Platz genommen, die hier zum Verweilen einladen. Dabei konnten wir nicht nur die Sonne in vollen Z\u00fcgen genie\u00dfen, sondern hatten einen fantastischen Ausblick auf das abgetrennte Bullengehege und die beiden Badebecken.<\/p>\n<p style=\"text-align: center;\"><a href=\"http:\/\/www.sabine-seyffert.de\/blog\/wp-content\/uploads\/2016\/03\/E-3.jpg\" rel=\"attachment wp-att-7107\"><img loading=\"lazy\" decoding=\"async\" class=\"alignnone size-full wp-image-7107\" src=\"http:\/\/www.sabine-seyffert.de\/blog\/wp-content\/uploads\/2016\/03\/E-3.jpg\" alt=\"E 3\" width=\"800\" height=\"600\" srcset=\"https:\/\/www.sabine-seyffert.de\/blog\/wp-content\/uploads\/2016\/03\/E-3.jpg 800w, https:\/\/www.sabine-seyffert.de\/blog\/wp-content\/uploads\/2016\/03\/E-3-300x225.jpg 300w, https:\/\/www.sabine-seyffert.de\/blog\/wp-content\/uploads\/2016\/03\/E-3-768x576.jpg 768w\" sizes=\"auto, (max-width: 800px) 100vw, 800px\" \/><\/a><\/p>\n<p style=\"text-align: justify;\">Weitere Ausflugstipps findet Ihr in <a href=\"http:\/\/www.sabine-seyffert.de\/blog\/?cat=39\" target=\"_blank\" rel=\"noopener\">dieser Rubrik<\/a> und Ideen rund um die Ferienzeit <a href=\"http:\/\/www.sabine-seyffert.de\/blog\/?cat=38\" target=\"_blank\" rel=\"noopener\">dort<\/a>. Ansonsten w\u00fcnsche ich Euch allen noch sonnige, gem\u00fctliche Ostertage!<\/p>\n<p style=\"text-align: center;\"><a href=\"http:\/\/www.sabine-seyffert.de\/blog\/wp-content\/uploads\/2016\/03\/E-4.jpg\" rel=\"attachment wp-att-7108\"><img loading=\"lazy\" decoding=\"async\" class=\"alignnone size-full wp-image-7108\" src=\"http:\/\/www.sabine-seyffert.de\/blog\/wp-content\/uploads\/2016\/03\/E-4.jpg\" alt=\"E 4\" width=\"800\" height=\"600\" srcset=\"https:\/\/www.sabine-seyffert.de\/blog\/wp-content\/uploads\/2016\/03\/E-4.jpg 800w, https:\/\/www.sabine-seyffert.de\/blog\/wp-content\/uploads\/2016\/03\/E-4-300x225.jpg 300w, https:\/\/www.sabine-seyffert.de\/blog\/wp-content\/uploads\/2016\/03\/E-4-768x576.jpg 768w\" sizes=\"auto, (max-width: 800px) 100vw, 800px\" \/><\/a><\/p>\n<p>Am Schluss noch ein herzliches Dankesch\u00f6n an den <a href=\"https:\/\/de.wikipedia.org\/wiki\/Allwetterzoo_M%C3%BCnster\" target=\"_blank\" rel=\"noopener\">Allwetterzoo<\/a>, weil ich Euch die gemachten Fotos und die Tiere hier zeigen darf \ud83d\ude42<\/p>\n<p style=\"text-align: center;\"><a href=\"http:\/\/www.sabine-seyffert.de\/blog\/wp-content\/uploads\/2016\/03\/E-2.jpg\" rel=\"attachment wp-att-7109\"><img loading=\"lazy\" decoding=\"async\" class=\"alignnone size-full wp-image-7109\" src=\"http:\/\/www.sabine-seyffert.de\/blog\/wp-content\/uploads\/2016\/03\/E-2.jpg\" alt=\"E 2\" width=\"800\" height=\"600\" srcset=\"https:\/\/www.sabine-seyffert.de\/blog\/wp-content\/uploads\/2016\/03\/E-2.jpg 800w, https:\/\/www.sabine-seyffert.de\/blog\/wp-content\/uploads\/2016\/03\/E-2-300x225.jpg 300w, https:\/\/www.sabine-seyffert.de\/blog\/wp-content\/uploads\/2016\/03\/E-2-768x576.jpg 768w\" sizes=\"auto, (max-width: 800px) 100vw, 800px\" \/><\/a><\/p>\n<p style=\"text-align: justify;\"><a href=\"http:\/\/www.sabine-seyffert.de\/blog\/?page_id=32#urheberrecht\">urheberrechtlich gesch\u00fctzt<\/a>, \u00a9 Sabine Seyffert<\/p>\n","protected":false},"excerpt":{"rendered":"<p>Als Familie sind wir an Wochenenden oder der Ferienzeit gern unterwegs. Schlie\u00dflich macht es viel Spa\u00df die Gegend zu erkunden und neue Ausflugsziele zu entdecken. So f\u00fchrte uns ein Ausflug in den Allwetterzoo nach M\u00fcnster. In diesem durften wir den Elefanten-Park kennen lernen, der im Jahre 2013 er\u00f6ffnet wurde. Ein tolles Erlebnis und sehr eindrucksvoll&#8230;. <a href=\"https:\/\/www.sabine-seyffert.de\/blog\/ausflugstipp-fuer-familien-nicht-nur-in-der-ferienzeit-ein-besuch-im-elefantenpark\/\" class=\"more-link\">Read more: Ausflugstipp f\u00fcr Familien nicht nur in der Ferienzeit: Ein Besuch im Elefanten-Park<\/a><\/p>\n","protected":false},"author":2,"featured_media":7102,"comment_status":"open","ping_status":"open","sticky":false,"template":"","format":"standard","meta":{"_metis_text_type":"","_metis_text_length":2587,"_post_count":0,"footnotes":""},"categories":[39,38],"tags":[],"class_list":["post-7097","post","type-post","status-publish","format-standard","has-post-thumbnail","hentry","category-ausfluge-co","category-ferien"],"_links":{"self":[{"href":"https:\/\/www.sabine-seyffert.de\/blog\/wp-json\/wp\/v2\/posts\/7097","targetHints":{"allow":["GET"]}}],"collection":[{"href":"https:\/\/www.sabine-seyffert.de\/blog\/wp-json\/wp\/v2\/posts"}],"about":[{"href":"https:\/\/www.sabine-seyffert.de\/blog\/wp-json\/wp\/v2\/types\/post"}],"author":[{"embeddable":true,"href":"https:\/\/www.sabine-seyffert.de\/blog\/wp-json\/wp\/v2\/users\/2"}],"replies":[{"embeddable":true,"href":"https:\/\/www.sabine-seyffert.de\/blog\/wp-json\/wp\/v2\/comments?post=7097"}],"version-history":[{"count":7,"href":"https:\/\/www.sabine-seyffert.de\/blog\/wp-json\/wp\/v2\/posts\/7097\/revisions"}],"predecessor-version":[{"id":12868,"href":"https:\/\/www.sabine-seyffert.de\/blog\/wp-json\/wp\/v2\/posts\/7097\/revisions\/12868"}],"wp:featuredmedia":[{"embeddable":true,"href":"https:\/\/www.sabine-seyffert.de\/blog\/wp-json\/wp\/v2\/media\/7102"}],"wp:attachment":[{"href":"https:\/\/www.sabine-seyffert.de\/blog\/wp-json\/wp\/v2\/media?parent=7097"}],"wp:term":[{"taxonomy":"category","embeddable":true,"href":"https:\/\/www.sabine-seyffert.de\/blog\/wp-json\/wp\/v2\/categories?post=7097"},{"taxonomy":"post_tag","embeddable":true,"href":"https:\/\/www.sabine-seyffert.de\/blog\/wp-json\/wp\/v2\/tags?post=7097"}],"curies":[{"name":"wp","href":"https:\/\/api.w.org\/{rel}","templated":true}]}}