{"id":7086,"date":"2016-03-24T08:30:15","date_gmt":"2016-03-24T06:30:15","guid":{"rendered":"http:\/\/www.sabine-seyffert.de\/blog\/?p=7086"},"modified":"2023-02-16T16:31:28","modified_gmt":"2023-02-16T14:31:28","slug":"rezept-idee-fuer-ostern-ei-mit-frischkaese-kresse-senf-als-dip-oder-brot-aufstrich","status":"publish","type":"post","link":"https:\/\/www.sabine-seyffert.de\/blog\/rezept-idee-fuer-ostern-ei-mit-frischkaese-kresse-senf-als-dip-oder-brot-aufstrich\/","title":{"rendered":"Rezept Idee f\u00fcr Ostern: Ei mit Frischk\u00e4se, Kresse &#038; Senf \u2013 als Dip oder Brot Aufstrich"},"content":{"rendered":"<p style=\"text-align: justify;\"><img loading=\"lazy\" decoding=\"async\" src=\"https:\/\/ssl-vg03.met.vgwort.de\/na\/13f5ff6f336d45f7b34c900cf481424a\" alt=\"\" width=\"1\" height=\"1\" \/>Ostern steht vor der T\u00fcr und somit m\u00f6chte ich es nicht missen, Euch hier noch ein schnelles Rezept f\u00fcr das Osterfr\u00fchst\u00fcck oder einen leckeren Fr\u00fchlingsbrunch zu zeigen. Denn der ist nicht nur recht fix gemacht und schmeckt selbst dem Nachwuchs gut, sondern er macht auf dem Fr\u00fchst\u00fcckstisch auch echt was her. Seid Ihr noch auf der Suche nach einer \u00f6sterlichen Leckerei? Dann ist dieser Brotaufstrich vielleicht das richtige f\u00fcr das diesj\u00e4hrige Osterfest.<\/p>\n<p style=\"text-align: center;\"><a href=\"http:\/\/www.sabine-seyffert.de\/blog\/wp-content\/uploads\/2016\/03\/6.jpg\" rel=\"attachment wp-att-7087\"><img loading=\"lazy\" decoding=\"async\" class=\"alignnone size-full wp-image-7087\" src=\"http:\/\/www.sabine-seyffert.de\/blog\/wp-content\/uploads\/2016\/03\/6.jpg\" alt=\"6\" width=\"800\" height=\"600\" srcset=\"https:\/\/www.sabine-seyffert.de\/blog\/wp-content\/uploads\/2016\/03\/6.jpg 800w, https:\/\/www.sabine-seyffert.de\/blog\/wp-content\/uploads\/2016\/03\/6-300x225.jpg 300w, https:\/\/www.sabine-seyffert.de\/blog\/wp-content\/uploads\/2016\/03\/6-768x576.jpg 768w\" sizes=\"auto, (max-width: 800px) 100vw, 800px\" \/><\/a><\/p>\n<p style=\"text-align: justify;\"><strong>Das wird gebraucht:<\/strong><br \/>\n200 gr Frischk\u00e4se natur, 200 gr Kr\u00e4uter Creme Fraiche, 1 Knoblauchzehe, frisch gemahlener Pfeffer, Salz, 2 Essl\u00f6ffel gek\u00f6rnter Senf, Curry Pulver (Menge nach Geschmack), 1 P\u00e4ckchen frische Kresse, 2 hartgekochte Eier (aus dem Ostereierbestand oder auch ganz frisch f\u00fcr dieses Rezept zubereitet)<\/p>\n<p style=\"text-align: center;\"><a href=\"http:\/\/www.sabine-seyffert.de\/blog\/wp-content\/uploads\/2016\/03\/5.jpg\" rel=\"attachment wp-att-7088\"><img loading=\"lazy\" decoding=\"async\" class=\"alignnone size-full wp-image-7088\" src=\"http:\/\/www.sabine-seyffert.de\/blog\/wp-content\/uploads\/2016\/03\/5.jpg\" alt=\"5\" width=\"800\" height=\"600\" srcset=\"https:\/\/www.sabine-seyffert.de\/blog\/wp-content\/uploads\/2016\/03\/5.jpg 800w, https:\/\/www.sabine-seyffert.de\/blog\/wp-content\/uploads\/2016\/03\/5-300x225.jpg 300w, https:\/\/www.sabine-seyffert.de\/blog\/wp-content\/uploads\/2016\/03\/5-768x576.jpg 768w\" sizes=\"auto, (max-width: 800px) 100vw, 800px\" \/><\/a><\/p>\n<p style=\"text-align: justify;\"><strong>So wird\u2019s gemacht:<\/strong><br \/>\nDen Frischk\u00e4se sowie die gesamte Menge Kr\u00e4uter Creme Fraiche gebt Ihr in einen tiefen Teller und verr\u00fchrt diese Zutaten gleichm\u00e4\u00dfig mit einander. Dann gibt man den Knoblauch (kann man auch weglassen, falls es Euch damit zu scharf ist), Pfeffer, Salz und 2 Essl\u00f6ffel gek\u00f6rnten Senf hinzu.<\/p>\n<p style=\"text-align: center;\"><a href=\"http:\/\/www.sabine-seyffert.de\/blog\/wp-content\/uploads\/2016\/03\/4.jpg\" rel=\"attachment wp-att-7089\"><img loading=\"lazy\" decoding=\"async\" class=\"alignnone size-full wp-image-7089\" src=\"http:\/\/www.sabine-seyffert.de\/blog\/wp-content\/uploads\/2016\/03\/4.jpg\" alt=\"4\" width=\"800\" height=\"600\" srcset=\"https:\/\/www.sabine-seyffert.de\/blog\/wp-content\/uploads\/2016\/03\/4.jpg 800w, https:\/\/www.sabine-seyffert.de\/blog\/wp-content\/uploads\/2016\/03\/4-300x225.jpg 300w, https:\/\/www.sabine-seyffert.de\/blog\/wp-content\/uploads\/2016\/03\/4-768x576.jpg 768w\" sizes=\"auto, (max-width: 800px) 100vw, 800px\" \/><\/a><\/p>\n<p style=\"text-align: justify;\">Die Curry Menge nehme ich nach Bedarf. Ungef\u00e4hr ist es bei mir gestrichener Teel\u00f6ffel. Besser ist, ihr gebt den Curry nach und nach hinzu. Dann immer gut unterr\u00fchren und abschmecken. Nachw\u00fcrzen kann man bei Bedarf immer noch \ud83d\ude09<\/p>\n<p style=\"text-align: center;\"><a href=\"http:\/\/www.sabine-seyffert.de\/blog\/wp-content\/uploads\/2016\/03\/2.jpg\" rel=\"attachment wp-att-7090\"><img loading=\"lazy\" decoding=\"async\" class=\"alignnone size-full wp-image-7090\" src=\"http:\/\/www.sabine-seyffert.de\/blog\/wp-content\/uploads\/2016\/03\/2.jpg\" alt=\"2\" width=\"800\" height=\"600\" srcset=\"https:\/\/www.sabine-seyffert.de\/blog\/wp-content\/uploads\/2016\/03\/2.jpg 800w, https:\/\/www.sabine-seyffert.de\/blog\/wp-content\/uploads\/2016\/03\/2-300x225.jpg 300w, https:\/\/www.sabine-seyffert.de\/blog\/wp-content\/uploads\/2016\/03\/2-768x576.jpg 768w\" sizes=\"auto, (max-width: 800px) 100vw, 800px\" \/><\/a><\/p>\n<p style=\"text-align: justify;\">Nun w\u00fcrfelt man die beiden hart gekochten Eier m\u00f6glichst klein und r\u00fchrt auch diese gleichm\u00e4\u00dfig unter die Frischk\u00e4semasse. Nochmals probieren und ggf. w\u00fcrzen.<\/p>\n<p style=\"text-align: center;\"><a href=\"http:\/\/www.sabine-seyffert.de\/blog\/wp-content\/uploads\/2016\/03\/3.jpg\" rel=\"attachment wp-att-7091\"><img loading=\"lazy\" decoding=\"async\" class=\"alignnone size-full wp-image-7091\" src=\"http:\/\/www.sabine-seyffert.de\/blog\/wp-content\/uploads\/2016\/03\/3.jpg\" alt=\"3\" width=\"800\" height=\"600\" srcset=\"https:\/\/www.sabine-seyffert.de\/blog\/wp-content\/uploads\/2016\/03\/3.jpg 800w, https:\/\/www.sabine-seyffert.de\/blog\/wp-content\/uploads\/2016\/03\/3-300x225.jpg 300w, https:\/\/www.sabine-seyffert.de\/blog\/wp-content\/uploads\/2016\/03\/3-768x576.jpg 768w\" sizes=\"auto, (max-width: 800px) 100vw, 800px\" \/><\/a><\/p>\n<p style=\"text-align: justify;\">Jetzt kann man den leckeren Eieraufstrich in ein sch\u00f6nes Glas f\u00fcllen, mit der frischen Kresse bestreuen und auf diese Weise zum Fr\u00fchst\u00fcck servieren.<\/p>\n<p style=\"text-align: center;\"><a href=\"http:\/\/www.sabine-seyffert.de\/blog\/wp-content\/uploads\/2016\/03\/8.jpg\" rel=\"attachment wp-att-7092\"><img loading=\"lazy\" decoding=\"async\" class=\"alignnone size-full wp-image-7092\" src=\"http:\/\/www.sabine-seyffert.de\/blog\/wp-content\/uploads\/2016\/03\/8.jpg\" alt=\"8\" width=\"600\" height=\"800\" srcset=\"https:\/\/www.sabine-seyffert.de\/blog\/wp-content\/uploads\/2016\/03\/8.jpg 600w, https:\/\/www.sabine-seyffert.de\/blog\/wp-content\/uploads\/2016\/03\/8-225x300.jpg 225w\" sizes=\"auto, (max-width: 600px) 100vw, 600px\" \/><\/a><\/p>\n<p style=\"text-align: justify;\"><strong>Ein kleiner Tipp:<\/strong> Den selbst gemachten Aufstrich kann man in der Oster- und Fr\u00fchlingszeit auch prima als Geschenk aus der K\u00fcche \u00fcberreichen!<\/p>\n<p style=\"text-align: center;\"><a href=\"http:\/\/www.sabine-seyffert.de\/blog\/wp-content\/uploads\/2016\/03\/10.jpg\" rel=\"attachment wp-att-7093\"><img loading=\"lazy\" decoding=\"async\" class=\"alignnone size-full wp-image-7093\" src=\"http:\/\/www.sabine-seyffert.de\/blog\/wp-content\/uploads\/2016\/03\/10.jpg\" alt=\"10\" width=\"800\" height=\"600\" srcset=\"https:\/\/www.sabine-seyffert.de\/blog\/wp-content\/uploads\/2016\/03\/10.jpg 800w, https:\/\/www.sabine-seyffert.de\/blog\/wp-content\/uploads\/2016\/03\/10-300x225.jpg 300w, https:\/\/www.sabine-seyffert.de\/blog\/wp-content\/uploads\/2016\/03\/10-768x576.jpg 768w\" sizes=\"auto, (max-width: 800px) 100vw, 800px\" \/><\/a><\/p>\n<p style=\"text-align: justify;\">Ideen zu Geschenken aus der K\u00fcche gibt es \u00fcbrigens in <a href=\"http:\/\/www.sabine-seyffert.de\/blog\/?cat=43\" target=\"_blank\" rel=\"noopener\">dieser Rubrik<\/a> und alles zum Thema Fr\u00fchling <a href=\"http:\/\/www.sabine-seyffert.de\/blog\/?cat=23\" target=\"_blank\" rel=\"noopener\">dort<\/a>!<\/p>\n<p><a href=\"http:\/\/www.sabine-seyffert.de\/blog\/?page_id=32#urheberrecht\">urheberrechtlich gesch\u00fctzt<\/a>, \u00a9 Sabine Seyffert<\/p>\n","protected":false},"excerpt":{"rendered":"<p>Ostern steht vor der T\u00fcr und somit m\u00f6chte ich es nicht missen, Euch hier noch ein schnelles Rezept f\u00fcr das Osterfr\u00fchst\u00fcck oder einen leckeren Fr\u00fchlingsbrunch zu zeigen. Denn der ist nicht nur recht fix gemacht und schmeckt selbst dem Nachwuchs gut, sondern er macht auf dem Fr\u00fchst\u00fcckstisch auch echt was her. Seid Ihr noch auf&#8230; <a href=\"https:\/\/www.sabine-seyffert.de\/blog\/rezept-idee-fuer-ostern-ei-mit-frischkaese-kresse-senf-als-dip-oder-brot-aufstrich\/\" class=\"more-link\">Read more: Rezept Idee f\u00fcr Ostern: Ei mit Frischk\u00e4se, Kresse &#038; Senf \u2013 als Dip oder Brot Aufstrich<\/a><\/p>\n","protected":false},"author":2,"featured_media":7087,"comment_status":"open","ping_status":"open","sticky":false,"template":"","format":"standard","meta":{"_metis_text_type":"","_metis_text_length":1901,"_post_count":0,"footnotes":""},"categories":[57,30],"tags":[],"class_list":["post-7086","post","type-post","status-publish","format-standard","has-post-thumbnail","hentry","category-ostern","category-rezepte-herzhaft"],"_links":{"self":[{"href":"https:\/\/www.sabine-seyffert.de\/blog\/wp-json\/wp\/v2\/posts\/7086","targetHints":{"allow":["GET"]}}],"collection":[{"href":"https:\/\/www.sabine-seyffert.de\/blog\/wp-json\/wp\/v2\/posts"}],"about":[{"href":"https:\/\/www.sabine-seyffert.de\/blog\/wp-json\/wp\/v2\/types\/post"}],"author":[{"embeddable":true,"href":"https:\/\/www.sabine-seyffert.de\/blog\/wp-json\/wp\/v2\/users\/2"}],"replies":[{"embeddable":true,"href":"https:\/\/www.sabine-seyffert.de\/blog\/wp-json\/wp\/v2\/comments?post=7086"}],"version-history":[{"count":3,"href":"https:\/\/www.sabine-seyffert.de\/blog\/wp-json\/wp\/v2\/posts\/7086\/revisions"}],"predecessor-version":[{"id":25433,"href":"https:\/\/www.sabine-seyffert.de\/blog\/wp-json\/wp\/v2\/posts\/7086\/revisions\/25433"}],"wp:featuredmedia":[{"embeddable":true,"href":"https:\/\/www.sabine-seyffert.de\/blog\/wp-json\/wp\/v2\/media\/7087"}],"wp:attachment":[{"href":"https:\/\/www.sabine-seyffert.de\/blog\/wp-json\/wp\/v2\/media?parent=7086"}],"wp:term":[{"taxonomy":"category","embeddable":true,"href":"https:\/\/www.sabine-seyffert.de\/blog\/wp-json\/wp\/v2\/categories?post=7086"},{"taxonomy":"post_tag","embeddable":true,"href":"https:\/\/www.sabine-seyffert.de\/blog\/wp-json\/wp\/v2\/tags?post=7086"}],"curies":[{"name":"wp","href":"https:\/\/api.w.org\/{rel}","templated":true}]}}