{"id":7071,"date":"2016-03-22T06:57:13","date_gmt":"2016-03-22T04:57:13","guid":{"rendered":"http:\/\/www.sabine-seyffert.de\/blog\/?p=7071"},"modified":"2023-02-16T16:32:00","modified_gmt":"2023-02-16T14:32:00","slug":"basteln-dekorieren-mit-packpapier-froehliche-hasenbande-zum-fruehlingsstart","status":"publish","type":"post","link":"https:\/\/www.sabine-seyffert.de\/blog\/basteln-dekorieren-mit-packpapier-froehliche-hasenbande-zum-fruehlingsstart\/","title":{"rendered":"Basteln &#038; Dekorieren mit Packpapier: Fr\u00f6hliche Hasenbande zum Fr\u00fchlingsstart"},"content":{"rendered":"<p style=\"text-align: justify;\"><img loading=\"lazy\" decoding=\"async\" src=\"https:\/\/ssl-vg03.met.vgwort.de\/na\/7e88ed92a44743c0a52cfd84e93cba3b\" alt=\"\" width=\"1\" height=\"1\" \/>Vor einiger Zeit fragte mich Ioana, vom Blog \u201e<a href=\"http:\/\/www.miss-red-fox.de\" target=\"_blank\" rel=\"noopener\">Miss red fox<\/a>\u201c, ob ich nicht Lust h\u00e4tte an ihrem DIY Projekt &#8220;<a href=\"http:\/\/www.miss-red-fox.de\/2016\/03\/12giftswithlove-03-packpapier-packing-paper.html\" target=\"_blank\" rel=\"noopener\">12 DIY gifts with love<\/a>\u201c teilzunehmen. Das gew\u00fcnschte Material w\u00e4re <span style=\"color: #ff9900;\">Packpapier<\/span>. Da es auf meinem Blog vor lauter Ideen rund ums Packpapier inzwischen nur so wimmelt, brauchte ich nat\u00fcrlich nicht lange zu \u00fcberlegen. Also habe ich passend zum Fr\u00fchling und der Osterzeit ein pfiffiges DIY f\u00fcr Euch aus Packpapier gebastelt.<\/p>\n<p style=\"text-align: center;\"><a href=\"http:\/\/www.sabine-seyffert.de\/blog\/wp-content\/uploads\/2016\/03\/A-9-3.jpg\" rel=\"attachment wp-att-7072\"><img loading=\"lazy\" decoding=\"async\" class=\"alignnone size-full wp-image-7072\" src=\"http:\/\/www.sabine-seyffert.de\/blog\/wp-content\/uploads\/2016\/03\/A-9-3.jpg\" alt=\"A 9\" width=\"800\" height=\"600\" srcset=\"https:\/\/www.sabine-seyffert.de\/blog\/wp-content\/uploads\/2016\/03\/A-9-3.jpg 800w, https:\/\/www.sabine-seyffert.de\/blog\/wp-content\/uploads\/2016\/03\/A-9-3-300x225.jpg 300w, https:\/\/www.sabine-seyffert.de\/blog\/wp-content\/uploads\/2016\/03\/A-9-3-768x576.jpg 768w\" sizes=\"auto, (max-width: 800px) 100vw, 800px\" \/><\/a><\/p>\n<p style=\"text-align: justify;\"><strong>Das wird gebraucht:<\/strong><br \/>\nPackpapier, Bleistift, Schere, Lochzange, Nietenzange, Metall\u00f6sen, naturbelassene Holzkn\u00f6pfe, Hei\u00dfkleber samt Klebepatrone, d\u00fcnne Leinenkordel, N\u00e4hgarn, N\u00e4hmaschine<\/p>\n<p style=\"text-align: center;\"><a href=\"http:\/\/www.sabine-seyffert.de\/blog\/wp-content\/uploads\/2016\/03\/Kn\u00f6pfe.jpg\" rel=\"attachment wp-att-7073\"><img loading=\"lazy\" decoding=\"async\" class=\"alignnone size-full wp-image-7073\" src=\"http:\/\/www.sabine-seyffert.de\/blog\/wp-content\/uploads\/2016\/03\/Kn\u00f6pfe.jpg\" alt=\"Kn\u00f6pfe\" width=\"800\" height=\"600\" srcset=\"https:\/\/www.sabine-seyffert.de\/blog\/wp-content\/uploads\/2016\/03\/Kn\u00f6pfe.jpg 800w, https:\/\/www.sabine-seyffert.de\/blog\/wp-content\/uploads\/2016\/03\/Kn\u00f6pfe-300x225.jpg 300w, https:\/\/www.sabine-seyffert.de\/blog\/wp-content\/uploads\/2016\/03\/Kn\u00f6pfe-768x576.jpg 768w\" sizes=\"auto, (max-width: 800px) 100vw, 800px\" \/><\/a><\/p>\n<p style=\"text-align: justify;\"><strong>So wird\u2019s gemacht:<\/strong><br \/>\nBevor es mit dem Basteln losgeht, fertigt Ihr Euch ein paar Schablonen an. In meinem Fall habe ich zwei unterschiedliche Hasen auf einen alten Nudelkarton gezeichnet und ausgeschnitten.<\/p>\n<p style=\"text-align: center;\"><a href=\"http:\/\/www.sabine-seyffert.de\/blog\/wp-content\/uploads\/2016\/03\/Hasenduo.jpg\" rel=\"attachment wp-att-7074\"><img loading=\"lazy\" decoding=\"async\" class=\"alignnone size-full wp-image-7074\" src=\"http:\/\/www.sabine-seyffert.de\/blog\/wp-content\/uploads\/2016\/03\/Hasenduo.jpg\" alt=\"Hasenduo\" width=\"800\" height=\"600\" srcset=\"https:\/\/www.sabine-seyffert.de\/blog\/wp-content\/uploads\/2016\/03\/Hasenduo.jpg 800w, https:\/\/www.sabine-seyffert.de\/blog\/wp-content\/uploads\/2016\/03\/Hasenduo-300x225.jpg 300w, https:\/\/www.sabine-seyffert.de\/blog\/wp-content\/uploads\/2016\/03\/Hasenduo-768x576.jpg 768w\" sizes=\"auto, (max-width: 800px) 100vw, 800px\" \/><\/a><\/p>\n<p style=\"text-align: justify;\">Mit Hilfe der Vorlagen zeichnet ihr euch einen ganzen Schwung dieser fr\u00fchlingshaften Motive auf das Packpapier. <strong>Achtung<\/strong>: <span style=\"text-decoration: underline;\">Zeichnet die Umrisse auf die Packpapierr\u00fcckseite<\/span>, dann braucht Ihr die Bleistiftr\u00e4nder nicht wegzuradieren. Au\u00dferdem braucht Ihr jedes Motiv in zweifacher Ausf\u00fchrung!<\/p>\n<p style=\"text-align: center;\"><a href=\"http:\/\/www.sabine-seyffert.de\/blog\/wp-content\/uploads\/2016\/03\/Hasenduo-2.jpg\" rel=\"attachment wp-att-7075\"><img loading=\"lazy\" decoding=\"async\" class=\"alignnone size-full wp-image-7075\" src=\"http:\/\/www.sabine-seyffert.de\/blog\/wp-content\/uploads\/2016\/03\/Hasenduo-2.jpg\" alt=\"Hasenduo 2\" width=\"800\" height=\"600\" srcset=\"https:\/\/www.sabine-seyffert.de\/blog\/wp-content\/uploads\/2016\/03\/Hasenduo-2.jpg 800w, https:\/\/www.sabine-seyffert.de\/blog\/wp-content\/uploads\/2016\/03\/Hasenduo-2-300x225.jpg 300w, https:\/\/www.sabine-seyffert.de\/blog\/wp-content\/uploads\/2016\/03\/Hasenduo-2-768x576.jpg 768w\" sizes=\"auto, (max-width: 800px) 100vw, 800px\" \/><\/a><\/p>\n<p style=\"text-align: justify;\">Habt Ihr schlie\u00dflich alle Motive aus dem Packpackpier ausgeschnitten geht es an die N\u00e4hmaschine. Hier n\u00e4ht Ihr immer zwei dergleichen Hasen m\u00f6glichst passgenau aneinander.<\/p>\n<p style=\"text-align: center;\"><a href=\"http:\/\/www.sabine-seyffert.de\/blog\/wp-content\/uploads\/2016\/03\/Hasentrio.jpg\" rel=\"attachment wp-att-7076\"><img loading=\"lazy\" decoding=\"async\" class=\"alignnone size-full wp-image-7076\" src=\"http:\/\/www.sabine-seyffert.de\/blog\/wp-content\/uploads\/2016\/03\/Hasentrio.jpg\" alt=\"Hasentrio\" width=\"800\" height=\"585\" srcset=\"https:\/\/www.sabine-seyffert.de\/blog\/wp-content\/uploads\/2016\/03\/Hasentrio.jpg 800w, https:\/\/www.sabine-seyffert.de\/blog\/wp-content\/uploads\/2016\/03\/Hasentrio-300x219.jpg 300w, https:\/\/www.sabine-seyffert.de\/blog\/wp-content\/uploads\/2016\/03\/Hasentrio-768x562.jpg 768w\" sizes=\"auto, (max-width: 800px) 100vw, 800px\" \/><\/a><\/p>\n<p style=\"text-align: justify;\">Sind alle Figuren fertig vern\u00e4ht, beginnt der kreative Teil: Die Osterhasen habe ich recht schlicht gelassen und lediglich einen Hasenbart, Augen und den Stummelschwanz plastisch gestaltet. F\u00fcr die Augen und Schw\u00e4nzchen habe ich naturbelassene Holzkn\u00f6pfe mit Hei\u00dfkleber angebracht. Und die Hasennasen sind aus d\u00fcnner Leinenkordel, die man 5-6 mal \u00fcbereinander legt und mittig verknotet.<\/p>\n<p style=\"text-align: center;\"><a href=\"http:\/\/www.sabine-seyffert.de\/blog\/wp-content\/uploads\/2016\/03\/A-8-3.jpg\" rel=\"attachment wp-att-7077\"><img loading=\"lazy\" decoding=\"async\" class=\"alignnone size-full wp-image-7077\" src=\"http:\/\/www.sabine-seyffert.de\/blog\/wp-content\/uploads\/2016\/03\/A-8-3.jpg\" alt=\"A 8\" width=\"800\" height=\"600\" srcset=\"https:\/\/www.sabine-seyffert.de\/blog\/wp-content\/uploads\/2016\/03\/A-8-3.jpg 800w, https:\/\/www.sabine-seyffert.de\/blog\/wp-content\/uploads\/2016\/03\/A-8-3-300x225.jpg 300w, https:\/\/www.sabine-seyffert.de\/blog\/wp-content\/uploads\/2016\/03\/A-8-3-768x576.jpg 768w\" sizes=\"auto, (max-width: 800px) 100vw, 800px\" \/><\/a><\/p>\n<p style=\"text-align: justify;\">Alle fertigen Figuren habe ich mit der Lochzange gelocht und kleine Metall\u00f6sen angebracht. So rei\u00dft beim Aufh\u00e4ngen das Packpapier nicht ein und man kann ein St\u00fcck Kordel mittig hindurchziehen.<\/p>\n<p style=\"text-align: center;\"><a href=\"http:\/\/www.sabine-seyffert.de\/blog\/wp-content\/uploads\/2016\/03\/A-1-3.jpg\" rel=\"attachment wp-att-7078\"><img loading=\"lazy\" decoding=\"async\" class=\"alignnone size-full wp-image-7078\" src=\"http:\/\/www.sabine-seyffert.de\/blog\/wp-content\/uploads\/2016\/03\/A-1-3.jpg\" alt=\"A 1\" width=\"600\" height=\"800\" srcset=\"https:\/\/www.sabine-seyffert.de\/blog\/wp-content\/uploads\/2016\/03\/A-1-3.jpg 600w, https:\/\/www.sabine-seyffert.de\/blog\/wp-content\/uploads\/2016\/03\/A-1-3-225x300.jpg 225w\" sizes=\"auto, (max-width: 600px) 100vw, 600px\" \/><\/a><\/p>\n<p style=\"text-align: justify;\">Danach kann man mit den selbst gen\u00e4hten Fr\u00fchlingsanh\u00e4ngern dekorieren: Als Fensterschmuck, im Osterstrauch, der T\u00fcr oder als Girlande!<\/p>\n<p style=\"text-align: center;\"><a href=\"http:\/\/www.sabine-seyffert.de\/blog\/wp-content\/uploads\/2016\/03\/A-2-5.jpg\" rel=\"attachment wp-att-7079\"><img loading=\"lazy\" decoding=\"async\" class=\"alignnone size-full wp-image-7079\" src=\"http:\/\/www.sabine-seyffert.de\/blog\/wp-content\/uploads\/2016\/03\/A-2-5.jpg\" alt=\"A 2\" width=\"600\" height=\"800\" srcset=\"https:\/\/www.sabine-seyffert.de\/blog\/wp-content\/uploads\/2016\/03\/A-2-5.jpg 600w, https:\/\/www.sabine-seyffert.de\/blog\/wp-content\/uploads\/2016\/03\/A-2-5-225x300.jpg 225w\" sizes=\"auto, (max-width: 600px) 100vw, 600px\" \/><\/a><\/p>\n<p style=\"text-align: justify;\">Weiteres aus Packpapier findet Ihr <a href=\"http:\/\/www.sabine-seyffert.de\/blog\/?s=packpapier\" target=\"_blank\" rel=\"noopener\">hier<\/a>, alles rund um den Fr\u00fchling in <a href=\"http:\/\/www.sabine-seyffert.de\/blog\/?cat=23\" target=\"_blank\" rel=\"noopener\">dieser Rubrik<\/a> sowie andere kreative Ideen an <a href=\"http:\/\/www.creadienstag.de\/2016\/03\/220.html\" target=\"_blank\" rel=\"noopener\">dieser Stelle<\/a>!<\/p>\n<p style=\"text-align: center;\"><a href=\"http:\/\/www.sabine-seyffert.de\/blog\/wp-content\/uploads\/2016\/03\/A-5-4.jpg\" rel=\"attachment wp-att-7081\"><img loading=\"lazy\" decoding=\"async\" class=\"alignnone size-full wp-image-7081\" src=\"http:\/\/www.sabine-seyffert.de\/blog\/wp-content\/uploads\/2016\/03\/A-5-4.jpg\" alt=\"A 5\" width=\"600\" height=\"800\" srcset=\"https:\/\/www.sabine-seyffert.de\/blog\/wp-content\/uploads\/2016\/03\/A-5-4.jpg 600w, https:\/\/www.sabine-seyffert.de\/blog\/wp-content\/uploads\/2016\/03\/A-5-4-225x300.jpg 225w\" sizes=\"auto, (max-width: 600px) 100vw, 600px\" \/><\/a><\/p>\n<p>Holzkn\u00f6pfe: <a href=\"http:\/\/schneider-und-krueger.de\/\" target=\"_blank\" rel=\"noopener\">Schneider &amp; Kr\u00fcger GmbH<\/a><\/p>\n<p>Kordel: <a href=\"http:\/\/www.garn-und-mehr.de\/PRODUKTE\/GARN-SPECIALS\/Leinen-Zwirn.html\" target=\"_blank\" rel=\"noopener\">Garn &amp; Mehr<\/a><\/p>\n<p style=\"text-align: justify;\"><a href=\"http:\/\/www.sabine-seyffert.de\/blog\/?page_id=32#urheberrecht\">urheberrechtlich gesch\u00fctzt<\/a>, \u00a9 Sabine Seyffert<\/p>\n","protected":false},"excerpt":{"rendered":"<p>Vor einiger Zeit fragte mich Ioana, vom Blog \u201eMiss red fox\u201c, ob ich nicht Lust h\u00e4tte an ihrem DIY Projekt &#8220;12 DIY gifts with love\u201c teilzunehmen. Das gew\u00fcnschte Material w\u00e4re Packpapier. Da es auf meinem Blog vor lauter Ideen rund ums Packpapier inzwischen nur so wimmelt, brauchte ich nat\u00fcrlich nicht lange zu \u00fcberlegen. Also habe&#8230; <a href=\"https:\/\/www.sabine-seyffert.de\/blog\/basteln-dekorieren-mit-packpapier-froehliche-hasenbande-zum-fruehlingsstart\/\" class=\"more-link\">Read more: Basteln &#038; Dekorieren mit Packpapier: Fr\u00f6hliche Hasenbande zum Fr\u00fchlingsstart<\/a><\/p>\n","protected":false},"author":2,"featured_media":0,"comment_status":"open","ping_status":"open","sticky":false,"template":"","format":"standard","meta":{"_metis_text_type":"","_metis_text_length":2238,"_post_count":0,"footnotes":""},"categories":[12,33,57,42],"tags":[],"class_list":["post-7071","post","type-post","status-publish","format-standard","hentry","category-deko-ideen","category-kreative-naherein","category-ostern","category-zu-gast-bei"],"_links":{"self":[{"href":"https:\/\/www.sabine-seyffert.de\/blog\/wp-json\/wp\/v2\/posts\/7071","targetHints":{"allow":["GET"]}}],"collection":[{"href":"https:\/\/www.sabine-seyffert.de\/blog\/wp-json\/wp\/v2\/posts"}],"about":[{"href":"https:\/\/www.sabine-seyffert.de\/blog\/wp-json\/wp\/v2\/types\/post"}],"author":[{"embeddable":true,"href":"https:\/\/www.sabine-seyffert.de\/blog\/wp-json\/wp\/v2\/users\/2"}],"replies":[{"embeddable":true,"href":"https:\/\/www.sabine-seyffert.de\/blog\/wp-json\/wp\/v2\/comments?post=7071"}],"version-history":[{"count":7,"href":"https:\/\/www.sabine-seyffert.de\/blog\/wp-json\/wp\/v2\/posts\/7071\/revisions"}],"predecessor-version":[{"id":25434,"href":"https:\/\/www.sabine-seyffert.de\/blog\/wp-json\/wp\/v2\/posts\/7071\/revisions\/25434"}],"wp:attachment":[{"href":"https:\/\/www.sabine-seyffert.de\/blog\/wp-json\/wp\/v2\/media?parent=7071"}],"wp:term":[{"taxonomy":"category","embeddable":true,"href":"https:\/\/www.sabine-seyffert.de\/blog\/wp-json\/wp\/v2\/categories?post=7071"},{"taxonomy":"post_tag","embeddable":true,"href":"https:\/\/www.sabine-seyffert.de\/blog\/wp-json\/wp\/v2\/tags?post=7071"}],"curies":[{"name":"wp","href":"https:\/\/api.w.org\/{rel}","templated":true}]}}