{"id":7059,"date":"2016-03-19T08:11:19","date_gmt":"2016-03-19T06:11:19","guid":{"rendered":"http:\/\/www.sabine-seyffert.de\/blog\/?p=7059"},"modified":"2018-06-26T17:20:35","modified_gmt":"2018-06-26T15:20:35","slug":"kommt-mit-aufs-sofa-dann-erzaehle-ich-von-magnus-muemmelgruen-dem-loewenzahn","status":"publish","type":"post","link":"https:\/\/www.sabine-seyffert.de\/blog\/kommt-mit-aufs-sofa-dann-erzaehle-ich-von-magnus-muemmelgruen-dem-loewenzahn\/","title":{"rendered":"Kommt mit aufs Sofa, dann erz\u00e4hle ich von Magnus M\u00fcmmelgr\u00fcn &#038; dem L\u00f6wenzahn\u2026"},"content":{"rendered":"<p style=\"text-align: justify;\"><img loading=\"lazy\" decoding=\"async\" src=\"https:\/\/ssl-vg03.met.vgwort.de\/na\/2c03aa38e9d0435da5fa5076ebaed721\" alt=\"\" width=\"1\" height=\"1\" \/>Bilderb\u00fccher haben es mir schon immer angetan. Meinen vier Kindern gl\u00fccklicherweise auch. So haben wir in den letzten Jahren unz\u00e4hlige Nachmittage kuschelnd auf dem Sofa verbracht und B\u00fccher gelesen, voller Spannung Geschichten gelauscht, Bilder darin bewundert und einfach den Moment genossen.<\/p>\n<p style=\"text-align: center;\"><a href=\"http:\/\/www.sabine-seyffert.de\/blog\/wp-content\/uploads\/2016\/03\/A-1-2.jpg\" rel=\"attachment wp-att-7060\"><img loading=\"lazy\" decoding=\"async\" class=\"alignnone size-full wp-image-7060\" src=\"http:\/\/www.sabine-seyffert.de\/blog\/wp-content\/uploads\/2016\/03\/A-1-2.jpg\" alt=\"A 1\" width=\"800\" height=\"600\" srcset=\"https:\/\/www.sabine-seyffert.de\/blog\/wp-content\/uploads\/2016\/03\/A-1-2.jpg 800w, https:\/\/www.sabine-seyffert.de\/blog\/wp-content\/uploads\/2016\/03\/A-1-2-300x225.jpg 300w, https:\/\/www.sabine-seyffert.de\/blog\/wp-content\/uploads\/2016\/03\/A-1-2-768x576.jpg 768w\" sizes=\"auto, (max-width: 800px) 100vw, 800px\" \/><\/a><\/p>\n<p style=\"text-align: justify;\">Kommt \u2013 wir rutschen zusammen und machen Euch Platz auf unserem Sofa. Dann zeigen wir Euch unsere neueste Errungenschaft, das Bilderbuch von Magnus M\u00fcmmelgr\u00fcn (Autorin Charlotte Middleton), das wir sofort ins Herz geschlossen haben!<\/p>\n<p style=\"text-align: center;\"><a href=\"http:\/\/www.sabine-seyffert.de\/blog\/wp-content\/uploads\/2016\/03\/A-2-4.jpg\" rel=\"attachment wp-att-7061\"><img loading=\"lazy\" decoding=\"async\" class=\"alignnone size-full wp-image-7061\" src=\"http:\/\/www.sabine-seyffert.de\/blog\/wp-content\/uploads\/2016\/03\/A-2-4.jpg\" alt=\"A 2\" width=\"800\" height=\"600\" srcset=\"https:\/\/www.sabine-seyffert.de\/blog\/wp-content\/uploads\/2016\/03\/A-2-4.jpg 800w, https:\/\/www.sabine-seyffert.de\/blog\/wp-content\/uploads\/2016\/03\/A-2-4-300x225.jpg 300w, https:\/\/www.sabine-seyffert.de\/blog\/wp-content\/uploads\/2016\/03\/A-2-4-768x576.jpg 768w\" sizes=\"auto, (max-width: 800px) 100vw, 800px\" \/><\/a><\/p>\n<p style=\"text-align: justify;\">Meine erste Bekanntschaft mit Meerschweinchen Magnus hatte ich bei meinen Besuchen in der Grundschule. Denn dort habe ich dieses zauberhafte Bilderbuch mit den Kindern lesen d\u00fcrfen. Vielmehr wurde mir diese Geschichte dort von den Sch\u00fclern vorgelesen und gemeinsam haben wir seinerzeit \u00fcber den Bildern gehockt und die vielen, liebevollen Details bewundert.<\/p>\n<p style=\"text-align: center;\"><a href=\"http:\/\/www.sabine-seyffert.de\/blog\/wp-content\/uploads\/2016\/03\/A-3-4.jpg\" rel=\"attachment wp-att-7062\"><img loading=\"lazy\" decoding=\"async\" class=\"alignnone size-full wp-image-7062\" src=\"http:\/\/www.sabine-seyffert.de\/blog\/wp-content\/uploads\/2016\/03\/A-3-4.jpg\" alt=\"A 3\" width=\"800\" height=\"600\" srcset=\"https:\/\/www.sabine-seyffert.de\/blog\/wp-content\/uploads\/2016\/03\/A-3-4.jpg 800w, https:\/\/www.sabine-seyffert.de\/blog\/wp-content\/uploads\/2016\/03\/A-3-4-300x225.jpg 300w, https:\/\/www.sabine-seyffert.de\/blog\/wp-content\/uploads\/2016\/03\/A-3-4-768x576.jpg 768w\" sizes=\"auto, (max-width: 800px) 100vw, 800px\" \/><\/a><\/p>\n<p style=\"text-align: justify;\">Inzwischen wohnt auch ein Exemplar dieses Bilderbuches bei uns und wir gehen Magnus M\u00fcmmelgr\u00fcn regelm\u00e4\u00dfig in L\u00f6wenhausen \u201ebesuchen\u201c. Ihr m\u00fcsst wissen, Magnus liebt L\u00f6wenzahn \u00fcber alles. Es ist sein absolutes Lieblingsgericht, was er zu jederzeit essen k\u00f6nnte. Allerdings geht es nicht nur ihm so, denn alle Bewohner von L\u00f6wenhausen lieben den L\u00f6wenzahn. Und zwar so sehr, dass sich eines Tages der L\u00f6wenzahnvorrat dem Ende neigt\u2026<\/p>\n<p style=\"text-align: center;\"><a href=\"http:\/\/www.sabine-seyffert.de\/blog\/wp-content\/uploads\/2016\/03\/A-6-3.jpg\" rel=\"attachment wp-att-7063\"><img loading=\"lazy\" decoding=\"async\" class=\"alignnone size-full wp-image-7063\" src=\"http:\/\/www.sabine-seyffert.de\/blog\/wp-content\/uploads\/2016\/03\/A-6-3.jpg\" alt=\"A 6\" width=\"800\" height=\"600\" srcset=\"https:\/\/www.sabine-seyffert.de\/blog\/wp-content\/uploads\/2016\/03\/A-6-3.jpg 800w, https:\/\/www.sabine-seyffert.de\/blog\/wp-content\/uploads\/2016\/03\/A-6-3-300x225.jpg 300w, https:\/\/www.sabine-seyffert.de\/blog\/wp-content\/uploads\/2016\/03\/A-6-3-768x576.jpg 768w\" sizes=\"auto, (max-width: 800px) 100vw, 800px\" \/><\/a><\/p>\n<p style=\"text-align: justify;\">Doch Magnus M\u00fcmmelgr\u00fcn entdeckt einen allerletzten L\u00f6wenzahn, der direkt unter seinem Schlafzimmerfenster auf der Wiese w\u00e4chst. Zu gerne h\u00e4tte er ihn verspeist, aber dass durfte er nicht zu lassen! So macht sich der kleine Kerl tapfer auf die Suche nach einer L\u00f6sung. In der B\u00fccherei findet er allerhand Informationen \u00fcber den L\u00f6wenzahn und wei\u00df nun WAS zu tun ist.<\/p>\n<p style=\"text-align: center;\"><a href=\"http:\/\/www.sabine-seyffert.de\/blog\/wp-content\/uploads\/2016\/03\/A-12.jpg\" rel=\"attachment wp-att-7064\"><img loading=\"lazy\" decoding=\"async\" class=\"alignnone size-full wp-image-7064\" src=\"http:\/\/www.sabine-seyffert.de\/blog\/wp-content\/uploads\/2016\/03\/A-12.jpg\" alt=\"A\" width=\"600\" height=\"800\" srcset=\"https:\/\/www.sabine-seyffert.de\/blog\/wp-content\/uploads\/2016\/03\/A-12.jpg 600w, https:\/\/www.sabine-seyffert.de\/blog\/wp-content\/uploads\/2016\/03\/A-12-225x300.jpg 225w\" sizes=\"auto, (max-width: 600px) 100vw, 600px\" \/><\/a><\/p>\n<p style=\"text-align: justify;\">Voller Liebe und Hingabe sch\u00fctzt er den letzten L\u00f6wenzahn, gie\u00dft ihn, h\u00e4lt l\u00e4stige Fliegen von ihm fern und wartet ganz geduldig ab. Bis, ja bis der L\u00f6wenzahn endlich einen buschigen Kopf aus lauter winzigen Schirmchen bekommt. Diesen tr\u00e4gt Magnus ganz behutsam auf den G\u00e4nsebl\u00fcmchenberg hinauf, holt tief Luft und l\u00e4sst auf seinem Atem all die unz\u00e4hligen Schirmchen durch den blauen Fr\u00fchlingshimmel tanzen. So schweben sie lautlos und unbemerkt umher und verteilen sich \u00fcber L\u00f6wenhausen. Bis wenig sp\u00e4ter \u00fcberall neuer L\u00f6wenzahn zu sprie\u00dfen beginnt\u2026<\/p>\n<p style=\"text-align: center;\"><a href=\"http:\/\/www.sabine-seyffert.de\/blog\/wp-content\/uploads\/2016\/03\/A-7-2.jpg\" rel=\"attachment wp-att-7065\"><img loading=\"lazy\" decoding=\"async\" class=\"alignnone size-full wp-image-7065\" src=\"http:\/\/www.sabine-seyffert.de\/blog\/wp-content\/uploads\/2016\/03\/A-7-2.jpg\" alt=\"A 7\" width=\"800\" height=\"600\" srcset=\"https:\/\/www.sabine-seyffert.de\/blog\/wp-content\/uploads\/2016\/03\/A-7-2.jpg 800w, https:\/\/www.sabine-seyffert.de\/blog\/wp-content\/uploads\/2016\/03\/A-7-2-300x225.jpg 300w, https:\/\/www.sabine-seyffert.de\/blog\/wp-content\/uploads\/2016\/03\/A-7-2-768x576.jpg 768w\" sizes=\"auto, (max-width: 800px) 100vw, 800px\" \/><\/a><\/p>\n<p style=\"text-align: justify;\">Vielleicht seid Ihr ja gerade auf der Suche nach einem stimmungsvollen Bilderbuch f\u00fcr die Fr\u00fchlingszeit oder braucht noch eine \u00dcberraschung f\u00fcrs Osternest. Dies ist jedenfalls ein tolles Buch f\u00fcr ganze Familie, an dem auch Kinder im Erstlese- und Grundschulalter nach meiner Erfahrung ihren Spa\u00df haben.<\/p>\n<p style=\"text-align: justify;\">Ein herzliches Dankesch\u00f6n an den Gerstenberg Verlag, dass ich das Bilderbuch \u201eMagnus M\u00fcmmelgr\u00fcn und der L\u00f6wenzahnalarm\u201c samt meiner Bilder hier zeigen darf.<\/p>\n<p><a href=\"http:\/\/www.sabine-seyffert.de\/blog\/?page_id=32#urheberrecht\">urheberrechtlich gesch\u00fctzt<\/a>, \u00a9 Sabine Seyffert<\/p>\n","protected":false},"excerpt":{"rendered":"<p>Bilderb\u00fccher haben es mir schon immer angetan. Meinen vier Kindern gl\u00fccklicherweise auch. So haben wir in den letzten Jahren unz\u00e4hlige Nachmittage kuschelnd auf dem Sofa verbracht und B\u00fccher gelesen, voller Spannung Geschichten gelauscht, Bilder darin bewundert und einfach den Moment genossen. Kommt \u2013 wir rutschen zusammen und machen Euch Platz auf unserem Sofa. Dann zeigen&#8230; <a href=\"https:\/\/www.sabine-seyffert.de\/blog\/kommt-mit-aufs-sofa-dann-erzaehle-ich-von-magnus-muemmelgruen-dem-loewenzahn\/\" class=\"more-link\">Read more: Kommt mit aufs Sofa, dann erz\u00e4hle ich von Magnus M\u00fcmmelgr\u00fcn &#038; dem L\u00f6wenzahn\u2026<\/a><\/p>\n","protected":false},"author":2,"featured_media":7060,"comment_status":"open","ping_status":"open","sticky":false,"template":"","format":"standard","meta":{"_metis_text_type":"","_metis_text_length":2738,"_post_count":0,"footnotes":""},"categories":[20,23],"tags":[],"class_list":["post-7059","post","type-post","status-publish","format-standard","has-post-thumbnail","hentry","category-bucher","category-fruhling"],"_links":{"self":[{"href":"https:\/\/www.sabine-seyffert.de\/blog\/wp-json\/wp\/v2\/posts\/7059","targetHints":{"allow":["GET"]}}],"collection":[{"href":"https:\/\/www.sabine-seyffert.de\/blog\/wp-json\/wp\/v2\/posts"}],"about":[{"href":"https:\/\/www.sabine-seyffert.de\/blog\/wp-json\/wp\/v2\/types\/post"}],"author":[{"embeddable":true,"href":"https:\/\/www.sabine-seyffert.de\/blog\/wp-json\/wp\/v2\/users\/2"}],"replies":[{"embeddable":true,"href":"https:\/\/www.sabine-seyffert.de\/blog\/wp-json\/wp\/v2\/comments?post=7059"}],"version-history":[{"count":5,"href":"https:\/\/www.sabine-seyffert.de\/blog\/wp-json\/wp\/v2\/posts\/7059\/revisions"}],"predecessor-version":[{"id":12869,"href":"https:\/\/www.sabine-seyffert.de\/blog\/wp-json\/wp\/v2\/posts\/7059\/revisions\/12869"}],"wp:featuredmedia":[{"embeddable":true,"href":"https:\/\/www.sabine-seyffert.de\/blog\/wp-json\/wp\/v2\/media\/7060"}],"wp:attachment":[{"href":"https:\/\/www.sabine-seyffert.de\/blog\/wp-json\/wp\/v2\/media?parent=7059"}],"wp:term":[{"taxonomy":"category","embeddable":true,"href":"https:\/\/www.sabine-seyffert.de\/blog\/wp-json\/wp\/v2\/categories?post=7059"},{"taxonomy":"post_tag","embeddable":true,"href":"https:\/\/www.sabine-seyffert.de\/blog\/wp-json\/wp\/v2\/tags?post=7059"}],"curies":[{"name":"wp","href":"https:\/\/api.w.org\/{rel}","templated":true}]}}