{"id":7005,"date":"2016-03-10T07:39:08","date_gmt":"2016-03-10T05:39:08","guid":{"rendered":"http:\/\/www.sabine-seyffert.de\/blog\/?p=7005"},"modified":"2017-03-02T07:35:02","modified_gmt":"2017-03-02T05:35:02","slug":"kochen-fuer-die-familie-spaghetti-mit-frischem-gruenkohl-pesto-vegan-lecker","status":"publish","type":"post","link":"https:\/\/www.sabine-seyffert.de\/blog\/kochen-fuer-die-familie-spaghetti-mit-frischem-gruenkohl-pesto-vegan-lecker\/","title":{"rendered":"Kochen f\u00fcr die Familie: Spaghetti mit frischem Gr\u00fcnkohl Pesto &#8211; vegan &#038; lecker!"},"content":{"rendered":"<p style=\"text-align: justify;\"><img loading=\"lazy\" decoding=\"async\" src=\"https:\/\/ssl-vg03.met.vgwort.de\/na\/b7b9982c634844a6a427af967a416da4\" alt=\"\" width=\"1\" height=\"1\" \/>Wenn ich koche achte ich meistens darauf nicht nur frische Lebensmittel zu verwenden sondern auch auf solches Gem\u00fcse zur\u00fcckzugreifen, das gerade w\u00e4chst. So gab es seit langer Zeit endlich mal wieder frischen Gr\u00fcnkohl zum Mittagessen. Aber nicht als Eintopf sondern als Beilage zu den hier so beliebten Spaghetti.<\/p>\n<p style=\"text-align: center;\"><a href=\"http:\/\/www.sabine-seyffert.de\/blog\/wp-content\/uploads\/2016\/03\/A-5-2.jpg\" rel=\"attachment wp-att-7006\"><img loading=\"lazy\" decoding=\"async\" class=\"alignnone size-full wp-image-7006\" src=\"http:\/\/www.sabine-seyffert.de\/blog\/wp-content\/uploads\/2016\/03\/A-5-2.jpg\" alt=\"A 5\" width=\"800\" height=\"600\" srcset=\"https:\/\/www.sabine-seyffert.de\/blog\/wp-content\/uploads\/2016\/03\/A-5-2.jpg 800w, https:\/\/www.sabine-seyffert.de\/blog\/wp-content\/uploads\/2016\/03\/A-5-2-300x225.jpg 300w, https:\/\/www.sabine-seyffert.de\/blog\/wp-content\/uploads\/2016\/03\/A-5-2-768x576.jpg 768w\" sizes=\"auto, (max-width: 800px) 100vw, 800px\" \/><\/a><\/p>\n<p style=\"text-align: justify;\">Auf meinem Blog hatte ich euch schon einmal <a href=\"http:\/\/www.sabine-seyffert.de\/blog\/?p=3571\" target=\"_blank\">selbst gemachtes Gr\u00fcnkohl Pesto<\/a> als Rezeptidee vorgestellt. Diesmal habe ich eine neue Variante probiert, die sogar vegan ist und wirklich lecker schmeckt.<\/p>\n<p style=\"text-align: center;\"><a href=\"http:\/\/www.sabine-seyffert.de\/blog\/wp-content\/uploads\/2016\/03\/A-7-1.jpg\" rel=\"attachment wp-att-7007\"><img loading=\"lazy\" decoding=\"async\" class=\"alignnone size-full wp-image-7007\" src=\"http:\/\/www.sabine-seyffert.de\/blog\/wp-content\/uploads\/2016\/03\/A-7-1.jpg\" alt=\"A 7\" width=\"800\" height=\"600\" srcset=\"https:\/\/www.sabine-seyffert.de\/blog\/wp-content\/uploads\/2016\/03\/A-7-1.jpg 800w, https:\/\/www.sabine-seyffert.de\/blog\/wp-content\/uploads\/2016\/03\/A-7-1-300x225.jpg 300w, https:\/\/www.sabine-seyffert.de\/blog\/wp-content\/uploads\/2016\/03\/A-7-1-768x576.jpg 768w\" sizes=\"auto, (max-width: 800px) 100vw, 800px\" \/><\/a><\/p>\n<p style=\"text-align: justify;\"><strong>Das wird gebraucht:<\/strong><br \/>\n500 gr Spaghetti, 1 Zwiebel, 2 Knoblauchzehen, Sonnenblumen\u00f6l, 250 gr frischen Gr\u00fcnkohl, 75 gr Cashewkerne (gesalzen) , Kr\u00e4utersalz, Pfeffer, optional eine handvoll getrockneter Tomaten sowie Fett f\u00fcr die Pfanne<\/p>\n<p style=\"text-align: center;\"><a href=\"http:\/\/www.sabine-seyffert.de\/blog\/wp-content\/uploads\/2016\/03\/A-1-1.jpg\" rel=\"attachment wp-att-7008\"><img loading=\"lazy\" decoding=\"async\" class=\"alignnone size-full wp-image-7008\" src=\"http:\/\/www.sabine-seyffert.de\/blog\/wp-content\/uploads\/2016\/03\/A-1-1.jpg\" alt=\"A 1\" width=\"800\" height=\"600\" srcset=\"https:\/\/www.sabine-seyffert.de\/blog\/wp-content\/uploads\/2016\/03\/A-1-1.jpg 800w, https:\/\/www.sabine-seyffert.de\/blog\/wp-content\/uploads\/2016\/03\/A-1-1-300x225.jpg 300w, https:\/\/www.sabine-seyffert.de\/blog\/wp-content\/uploads\/2016\/03\/A-1-1-768x576.jpg 768w\" sizes=\"auto, (max-width: 800px) 100vw, 800px\" \/><\/a><\/p>\n<p style=\"text-align: justify;\"><strong>So wird\u2019s gemacht:<\/strong><br \/>\nDie Spaghetti kocht man wie \u00fcblich in einem gro\u00dfen Topf mit reichlich Wasser wie auf der Packungsaufschrift angegeben. In der Zwischenzeit bereitet man parallel das gr\u00fcne Pesto zu.<\/p>\n<p style=\"text-align: center;\"><a href=\"http:\/\/www.sabine-seyffert.de\/blog\/wp-content\/uploads\/2016\/03\/A-0.jpg\" rel=\"attachment wp-att-7009\"><img loading=\"lazy\" decoding=\"async\" class=\"alignnone size-full wp-image-7009\" src=\"http:\/\/www.sabine-seyffert.de\/blog\/wp-content\/uploads\/2016\/03\/A-0.jpg\" alt=\"A 0\" width=\"600\" height=\"800\" srcset=\"https:\/\/www.sabine-seyffert.de\/blog\/wp-content\/uploads\/2016\/03\/A-0.jpg 600w, https:\/\/www.sabine-seyffert.de\/blog\/wp-content\/uploads\/2016\/03\/A-0-225x300.jpg 225w\" sizes=\"auto, (max-width: 600px) 100vw, 600px\" \/><\/a><\/p>\n<p style=\"text-align: justify;\">Daf\u00fcr habe ich in einer Pfanne etwas pflanzliches Fett erhitzt und die grob zerkleinerten Gr\u00fcnkohlbl\u00e4tter gut anged\u00fcnstet. Au\u00dferdem habe ich kurz bevor der Gr\u00fcnkohl fertig war noch eine gew\u00fcrfelte Zwiebel und den Knoblauch mit in die Pfanne gegeben.<\/p>\n<p style=\"text-align: center;\"><a href=\"http:\/\/www.sabine-seyffert.de\/blog\/wp-content\/uploads\/2016\/03\/Gr\u00fcnkohlpesto-zutaten.jpg\" rel=\"attachment wp-att-7010\"><img loading=\"lazy\" decoding=\"async\" class=\"alignnone size-full wp-image-7010\" src=\"http:\/\/www.sabine-seyffert.de\/blog\/wp-content\/uploads\/2016\/03\/Gr\u00fcnkohlpesto-zutaten.jpg\" alt=\"Gr\u00fcnkohlpesto zutaten\" width=\"800\" height=\"600\" srcset=\"https:\/\/www.sabine-seyffert.de\/blog\/wp-content\/uploads\/2016\/03\/Gr\u00fcnkohlpesto-zutaten.jpg 800w, https:\/\/www.sabine-seyffert.de\/blog\/wp-content\/uploads\/2016\/03\/Gr\u00fcnkohlpesto-zutaten-300x225.jpg 300w, https:\/\/www.sabine-seyffert.de\/blog\/wp-content\/uploads\/2016\/03\/Gr\u00fcnkohlpesto-zutaten-768x576.jpg 768w\" sizes=\"auto, (max-width: 800px) 100vw, 800px\" \/><\/a><\/p>\n<p style=\"text-align: justify;\">Anschlie\u00dfend f\u00fcllt man den Gr\u00fcnkohl samt Knoblauch und Zwiebeln in ein hohes Gef\u00e4\u00df und p\u00fcriert alles gut durch. Nach und nach habe ich Sonnenblumen\u00f6l hinzugegeben, damit das Pesto auch schon cremig wird und sich gut unterheben l\u00e4sst. Ebenso habe ich einen Schwung gesalzener Cashewkerne mit dazu gesch\u00fcttet und mit p\u00fcriert.<\/p>\n<p style=\"text-align: center;\"><a href=\"http:\/\/www.sabine-seyffert.de\/blog\/wp-content\/uploads\/2016\/03\/A-2-2.jpg\" rel=\"attachment wp-att-7011\"><img loading=\"lazy\" decoding=\"async\" class=\"alignnone size-full wp-image-7011\" src=\"http:\/\/www.sabine-seyffert.de\/blog\/wp-content\/uploads\/2016\/03\/A-2-2.jpg\" alt=\"A 2\" width=\"800\" height=\"600\" srcset=\"https:\/\/www.sabine-seyffert.de\/blog\/wp-content\/uploads\/2016\/03\/A-2-2.jpg 800w, https:\/\/www.sabine-seyffert.de\/blog\/wp-content\/uploads\/2016\/03\/A-2-2-300x225.jpg 300w, https:\/\/www.sabine-seyffert.de\/blog\/wp-content\/uploads\/2016\/03\/A-2-2-768x576.jpg 768w\" sizes=\"auto, (max-width: 800px) 100vw, 800px\" \/><\/a><\/p>\n<p style=\"text-align: justify;\">Wem das Pesto nicht salzig genug ist, kann noch etwas Kr\u00e4utersalz und Pfeffer untermischen. Aber schmeckt <span style=\"text-decoration: underline;\"><strong>vorher<\/strong><\/span> unbedingt ab, da die Cashewkerne schon recht salzig sind.<\/p>\n<p style=\"text-align: center;\"><a href=\"http:\/\/www.sabine-seyffert.de\/blog\/wp-content\/uploads\/2016\/03\/A-3-2.jpg\" rel=\"attachment wp-att-7012\"><img loading=\"lazy\" decoding=\"async\" class=\"alignnone size-full wp-image-7012\" src=\"http:\/\/www.sabine-seyffert.de\/blog\/wp-content\/uploads\/2016\/03\/A-3-2.jpg\" alt=\"A 3\" width=\"800\" height=\"600\" srcset=\"https:\/\/www.sabine-seyffert.de\/blog\/wp-content\/uploads\/2016\/03\/A-3-2.jpg 800w, https:\/\/www.sabine-seyffert.de\/blog\/wp-content\/uploads\/2016\/03\/A-3-2-300x225.jpg 300w, https:\/\/www.sabine-seyffert.de\/blog\/wp-content\/uploads\/2016\/03\/A-3-2-768x576.jpg 768w\" sizes=\"auto, (max-width: 800px) 100vw, 800px\" \/><\/a><\/p>\n<p style=\"text-align: justify;\">Falls etwas Pesto \u00fcbrig bleibt, kann man dies prima in einem leeren Marmeladen \u2013 oder Einmachglas im K\u00fchlschrank aufheben! Oder nett verpackt wie aus <a href=\"http:\/\/www.sabine-seyffert.de\/blog\/?p=5414\" target=\"_blank\">dieser Idee<\/a>, eignet es sich auch gut als <a href=\"http:\/\/www.sabine-seyffert.de\/blog\/?cat=43\" target=\"_blank\">Geschenk aus der K\u00fcche<\/a>.<\/p>\n<p><a href=\"http:\/\/www.sabine-seyffert.de\/blog\/?page_id=32#urheberrecht\">urheberrechtlich gesch\u00fctzt<\/a>, \u00a9 Sabine Seyffert<\/p>\n","protected":false},"excerpt":{"rendered":"<p>Wenn ich koche achte ich meistens darauf nicht nur frische Lebensmittel zu verwenden sondern auch auf solches Gem\u00fcse zur\u00fcckzugreifen, das gerade w\u00e4chst. So gab es seit langer Zeit endlich mal wieder frischen Gr\u00fcnkohl zum Mittagessen. Aber nicht als Eintopf sondern als Beilage zu den hier so beliebten Spaghetti. Auf meinem Blog hatte ich euch schon&#8230; <a href=\"https:\/\/www.sabine-seyffert.de\/blog\/kochen-fuer-die-familie-spaghetti-mit-frischem-gruenkohl-pesto-vegan-lecker\/\" class=\"more-link\">Read more: Kochen f\u00fcr die Familie: Spaghetti mit frischem Gr\u00fcnkohl Pesto &#8211; vegan &#038; lecker!<\/a><\/p>\n","protected":false},"author":2,"featured_media":7010,"comment_status":"open","ping_status":"open","sticky":false,"template":"","format":"standard","meta":{"_metis_text_type":"","_metis_text_length":1950,"_post_count":0,"footnotes":""},"categories":[44],"tags":[],"class_list":["post-7005","post","type-post","status-publish","format-standard","has-post-thumbnail","hentry","category-rezepte-vegan"],"_links":{"self":[{"href":"https:\/\/www.sabine-seyffert.de\/blog\/wp-json\/wp\/v2\/posts\/7005","targetHints":{"allow":["GET"]}}],"collection":[{"href":"https:\/\/www.sabine-seyffert.de\/blog\/wp-json\/wp\/v2\/posts"}],"about":[{"href":"https:\/\/www.sabine-seyffert.de\/blog\/wp-json\/wp\/v2\/types\/post"}],"author":[{"embeddable":true,"href":"https:\/\/www.sabine-seyffert.de\/blog\/wp-json\/wp\/v2\/users\/2"}],"replies":[{"embeddable":true,"href":"https:\/\/www.sabine-seyffert.de\/blog\/wp-json\/wp\/v2\/comments?post=7005"}],"version-history":[{"count":3,"href":"https:\/\/www.sabine-seyffert.de\/blog\/wp-json\/wp\/v2\/posts\/7005\/revisions"}],"predecessor-version":[{"id":9659,"href":"https:\/\/www.sabine-seyffert.de\/blog\/wp-json\/wp\/v2\/posts\/7005\/revisions\/9659"}],"wp:featuredmedia":[{"embeddable":true,"href":"https:\/\/www.sabine-seyffert.de\/blog\/wp-json\/wp\/v2\/media\/7010"}],"wp:attachment":[{"href":"https:\/\/www.sabine-seyffert.de\/blog\/wp-json\/wp\/v2\/media?parent=7005"}],"wp:term":[{"taxonomy":"category","embeddable":true,"href":"https:\/\/www.sabine-seyffert.de\/blog\/wp-json\/wp\/v2\/categories?post=7005"},{"taxonomy":"post_tag","embeddable":true,"href":"https:\/\/www.sabine-seyffert.de\/blog\/wp-json\/wp\/v2\/tags?post=7005"}],"curies":[{"name":"wp","href":"https:\/\/api.w.org\/{rel}","templated":true}]}}