{"id":6960,"date":"2016-03-03T07:50:53","date_gmt":"2016-03-03T05:50:53","guid":{"rendered":"http:\/\/www.sabine-seyffert.de\/blog\/?p=6960"},"modified":"2017-03-02T07:39:03","modified_gmt":"2017-03-02T05:39:03","slug":"vegan-kochen-fuer-die-familie-nudel-pfanne-mit-gemuese-tofu-rezeptidee","status":"publish","type":"post","link":"https:\/\/www.sabine-seyffert.de\/blog\/vegan-kochen-fuer-die-familie-nudel-pfanne-mit-gemuese-tofu-rezeptidee\/","title":{"rendered":"Vegan kochen f\u00fcr die Familie: Nudel Pfanne mit Gem\u00fcse &#038; Tofu &#8211; Rezeptidee"},"content":{"rendered":"<p style=\"text-align: justify;\"><img loading=\"lazy\" decoding=\"async\" src=\"https:\/\/ssl-vg03.met.vgwort.de\/na\/6c64a4a2c6b04f478e778a28de338d38\" alt=\"\" width=\"1\" height=\"1\" \/>Beim Mittagessen den Geschmack aller Familienangeh\u00f6rigen zu treffen ist eine echte Herausforderung\u2026 Die folgende Rezeptidee ist jedoch eins der Gerichte, die hier allen schmecken. Und von der Beschaffenheit au\u00dferdem auch so, dass bei Bedarf und Nichtgefallen die ungew\u00fcnschten Gem\u00fcsesorten problemlos aussortiert werden k\u00f6nnen!<\/p>\n<p style=\"text-align: center;\"><a href=\"http:\/\/www.sabine-seyffert.de\/blog\/wp-content\/uploads\/2016\/03\/A-2.jpg\" rel=\"attachment wp-att-6961\"><img loading=\"lazy\" decoding=\"async\" class=\"alignnone size-full wp-image-6961\" src=\"http:\/\/www.sabine-seyffert.de\/blog\/wp-content\/uploads\/2016\/03\/A-2.jpg\" alt=\"A 2\" width=\"800\" height=\"600\" srcset=\"https:\/\/www.sabine-seyffert.de\/blog\/wp-content\/uploads\/2016\/03\/A-2.jpg 800w, https:\/\/www.sabine-seyffert.de\/blog\/wp-content\/uploads\/2016\/03\/A-2-300x225.jpg 300w, https:\/\/www.sabine-seyffert.de\/blog\/wp-content\/uploads\/2016\/03\/A-2-768x576.jpg 768w\" sizes=\"auto, (max-width: 800px) 100vw, 800px\" \/><\/a><\/p>\n<p style=\"text-align: justify;\">Mich freut dieses Lieblingsrezept auch sehr, da es zu denen geh\u00f6rt, die ratz fatz gekocht sind und so blitzschnell auf dem Esstisch landen \ud83d\ude42<\/p>\n<p style=\"text-align: center;\"><a href=\"http:\/\/www.sabine-seyffert.de\/blog\/wp-content\/uploads\/2016\/03\/A-4.jpg\" rel=\"attachment wp-att-6962\"><img loading=\"lazy\" decoding=\"async\" class=\"alignnone size-full wp-image-6962\" src=\"http:\/\/www.sabine-seyffert.de\/blog\/wp-content\/uploads\/2016\/03\/A-4.jpg\" alt=\"A 4\" width=\"800\" height=\"600\" srcset=\"https:\/\/www.sabine-seyffert.de\/blog\/wp-content\/uploads\/2016\/03\/A-4.jpg 800w, https:\/\/www.sabine-seyffert.de\/blog\/wp-content\/uploads\/2016\/03\/A-4-300x225.jpg 300w, https:\/\/www.sabine-seyffert.de\/blog\/wp-content\/uploads\/2016\/03\/A-4-768x576.jpg 768w\" sizes=\"auto, (max-width: 800px) 100vw, 800px\" \/><\/a><\/p>\n<p style=\"text-align: justify;\"><strong>Das wird gebraucht:<\/strong><br \/>\n2 Zwiebeln, 4 M\u00f6hren, 1 Packung Tiefk\u00fchlerbsen, 1 Stange Lauch, 1 Bund Lauchzwiebeln, 1 Paprika, 500 gr Mie Nudeln (ohne Ei!), Teriyaki So\u00dfe, 100-200 gr R\u00e4uchertofu, eine handvoll Zuckerschoten (wer mag), Pfeffer, Salz sowie etwas pflanzliches Fett zum Braten<\/p>\n<p style=\"text-align: center;\"><a href=\"http:\/\/www.sabine-seyffert.de\/blog\/wp-content\/uploads\/2016\/03\/A-6.jpg\" rel=\"attachment wp-att-6963\"><img loading=\"lazy\" decoding=\"async\" class=\"alignnone size-full wp-image-6963\" src=\"http:\/\/www.sabine-seyffert.de\/blog\/wp-content\/uploads\/2016\/03\/A-6.jpg\" alt=\"A 6\" width=\"800\" height=\"600\" srcset=\"https:\/\/www.sabine-seyffert.de\/blog\/wp-content\/uploads\/2016\/03\/A-6.jpg 800w, https:\/\/www.sabine-seyffert.de\/blog\/wp-content\/uploads\/2016\/03\/A-6-300x225.jpg 300w, https:\/\/www.sabine-seyffert.de\/blog\/wp-content\/uploads\/2016\/03\/A-6-768x576.jpg 768w\" sizes=\"auto, (max-width: 800px) 100vw, 800px\" \/><\/a><\/p>\n<p style=\"text-align: justify;\"><strong>So wird\u2019s gemacht:<\/strong><br \/>\nDie Erbsen gibt man mit Wasser in einen kleinen Topf und bringt diese zum kochen. Sobald diese gar sind, sch\u00fcttet man das Wasser ab.<\/p>\n<p style=\"text-align: center;\"><a href=\"http:\/\/www.sabine-seyffert.de\/blog\/wp-content\/uploads\/2016\/03\/A-5.jpg\" rel=\"attachment wp-att-6964\"><img loading=\"lazy\" decoding=\"async\" class=\"alignnone size-full wp-image-6964\" src=\"http:\/\/www.sabine-seyffert.de\/blog\/wp-content\/uploads\/2016\/03\/A-5.jpg\" alt=\"A 5\" width=\"800\" height=\"600\" srcset=\"https:\/\/www.sabine-seyffert.de\/blog\/wp-content\/uploads\/2016\/03\/A-5.jpg 800w, https:\/\/www.sabine-seyffert.de\/blog\/wp-content\/uploads\/2016\/03\/A-5-300x225.jpg 300w, https:\/\/www.sabine-seyffert.de\/blog\/wp-content\/uploads\/2016\/03\/A-5-768x576.jpg 768w\" sizes=\"auto, (max-width: 800px) 100vw, 800px\" \/><\/a><\/p>\n<p style=\"text-align: justify;\">W\u00e4hrenddessen bereitet man das restliche Gem\u00fcse vor: Die Zwiebeln, Lauch und die Fr\u00fchlingszwiebeln befreit man vom Strunk, sch\u00e4lt und s\u00e4ubert diese und schneidet diese in kleine W\u00fcrfel bzw. d\u00fcnne Ringe. Diese d\u00fcnstet man in einer Pfanne an und gibt diese im Anschluss in eine gro\u00dfe Auflaufform. Darin kann man dies im Ofen bei kleiner Temperatur warm halten.<\/p>\n<p style=\"text-align: center;\"><a href=\"http:\/\/www.sabine-seyffert.de\/blog\/wp-content\/uploads\/2016\/03\/A.jpg\" rel=\"attachment wp-att-6965\"><img loading=\"lazy\" decoding=\"async\" class=\"alignnone size-full wp-image-6965\" src=\"http:\/\/www.sabine-seyffert.de\/blog\/wp-content\/uploads\/2016\/03\/A.jpg\" alt=\"A\" width=\"800\" height=\"600\" srcset=\"https:\/\/www.sabine-seyffert.de\/blog\/wp-content\/uploads\/2016\/03\/A.jpg 800w, https:\/\/www.sabine-seyffert.de\/blog\/wp-content\/uploads\/2016\/03\/A-300x225.jpg 300w, https:\/\/www.sabine-seyffert.de\/blog\/wp-content\/uploads\/2016\/03\/A-768x576.jpg 768w\" sizes=\"auto, (max-width: 800px) 100vw, 800px\" \/><\/a><\/p>\n<p style=\"text-align: justify;\">Die M\u00f6hren werden gesch\u00e4lt und im Anschluss grob geraspelt oder in W\u00fcrfel geschnitten. Die Paprika w\u00fcrfelt man ebenfalls und d\u00fcnstet auch dies zusammen an. Zum Schluss br\u00e4t man noch das R\u00e4uchertofu in kleinen W\u00fcrfeln an.<br \/>\nF\u00fcr die Mie Nudeln kocht man Wasser auf und \u00fcbergie\u00dft diese damit. Darin m\u00fcssen die Nudeln nach Packungsaufschrift eine paar Minuten ziehen.<\/p>\n<p style=\"text-align: center;\"><a href=\"http:\/\/www.sabine-seyffert.de\/blog\/wp-content\/uploads\/2016\/03\/A-1.jpg\" rel=\"attachment wp-att-6966\"><img loading=\"lazy\" decoding=\"async\" class=\"alignnone size-full wp-image-6966\" src=\"http:\/\/www.sabine-seyffert.de\/blog\/wp-content\/uploads\/2016\/03\/A-1.jpg\" alt=\"A 1\" width=\"800\" height=\"600\" srcset=\"https:\/\/www.sabine-seyffert.de\/blog\/wp-content\/uploads\/2016\/03\/A-1.jpg 800w, https:\/\/www.sabine-seyffert.de\/blog\/wp-content\/uploads\/2016\/03\/A-1-300x225.jpg 300w, https:\/\/www.sabine-seyffert.de\/blog\/wp-content\/uploads\/2016\/03\/A-1-768x576.jpg 768w\" sizes=\"auto, (max-width: 800px) 100vw, 800px\" \/><\/a><\/p>\n<p style=\"text-align: justify;\">Nun mischt man die fertigen Nudeln mit dem Gem\u00fcseallerlei, gibt reichlich Teriyaki So\u00dfe dar\u00fcber sowie etwas Salz und frisch gemahlenen Pfeffer.<\/p>\n<p style=\"text-align: justify;\">Weitere vegane Rezepte findet Ihr \u00fcbrigens in <a href=\"http:\/\/www.sabine-seyffert.de\/blog\/?cat=44\" target=\"_blank\">dieser Rubrik<\/a>, herzhafte, vegetarische Rezeptideen <a href=\"http:\/\/www.sabine-seyffert.de\/blog\/?cat=30\" target=\"_blank\">hier<\/a> und s\u00fc\u00dfe Sachen <a href=\"http:\/\/www.sabine-seyffert.de\/blog\/?cat=31\" target=\"_blank\">dort<\/a>!<\/p>\n<p style=\"text-align: justify;\"><a href=\"http:\/\/www.sabine-seyffert.de\/blog\/?page_id=32#urheberrecht\">urheberrechtlich gesch\u00fctzt<\/a>, \u00a9 Sabine Seyffert<\/p>\n","protected":false},"excerpt":{"rendered":"<p>Beim Mittagessen den Geschmack aller Familienangeh\u00f6rigen zu treffen ist eine echte Herausforderung\u2026 Die folgende Rezeptidee ist jedoch eins der Gerichte, die hier allen schmecken. Und von der Beschaffenheit au\u00dferdem auch so, dass bei Bedarf und Nichtgefallen die ungew\u00fcnschten Gem\u00fcsesorten problemlos aussortiert werden k\u00f6nnen! Mich freut dieses Lieblingsrezept auch sehr, da es zu denen geh\u00f6rt, die&#8230; <a href=\"https:\/\/www.sabine-seyffert.de\/blog\/vegan-kochen-fuer-die-familie-nudel-pfanne-mit-gemuese-tofu-rezeptidee\/\" class=\"more-link\">Read more: Vegan kochen f\u00fcr die Familie: Nudel Pfanne mit Gem\u00fcse &#038; Tofu &#8211; Rezeptidee<\/a><\/p>\n","protected":false},"author":2,"featured_media":6961,"comment_status":"open","ping_status":"open","sticky":false,"template":"","format":"standard","meta":{"_metis_text_type":"","_metis_text_length":1935,"_post_count":0,"footnotes":""},"categories":[44],"tags":[],"class_list":["post-6960","post","type-post","status-publish","format-standard","has-post-thumbnail","hentry","category-rezepte-vegan"],"_links":{"self":[{"href":"https:\/\/www.sabine-seyffert.de\/blog\/wp-json\/wp\/v2\/posts\/6960","targetHints":{"allow":["GET"]}}],"collection":[{"href":"https:\/\/www.sabine-seyffert.de\/blog\/wp-json\/wp\/v2\/posts"}],"about":[{"href":"https:\/\/www.sabine-seyffert.de\/blog\/wp-json\/wp\/v2\/types\/post"}],"author":[{"embeddable":true,"href":"https:\/\/www.sabine-seyffert.de\/blog\/wp-json\/wp\/v2\/users\/2"}],"replies":[{"embeddable":true,"href":"https:\/\/www.sabine-seyffert.de\/blog\/wp-json\/wp\/v2\/comments?post=6960"}],"version-history":[{"count":5,"href":"https:\/\/www.sabine-seyffert.de\/blog\/wp-json\/wp\/v2\/posts\/6960\/revisions"}],"predecessor-version":[{"id":6971,"href":"https:\/\/www.sabine-seyffert.de\/blog\/wp-json\/wp\/v2\/posts\/6960\/revisions\/6971"}],"wp:featuredmedia":[{"embeddable":true,"href":"https:\/\/www.sabine-seyffert.de\/blog\/wp-json\/wp\/v2\/media\/6961"}],"wp:attachment":[{"href":"https:\/\/www.sabine-seyffert.de\/blog\/wp-json\/wp\/v2\/media?parent=6960"}],"wp:term":[{"taxonomy":"category","embeddable":true,"href":"https:\/\/www.sabine-seyffert.de\/blog\/wp-json\/wp\/v2\/categories?post=6960"},{"taxonomy":"post_tag","embeddable":true,"href":"https:\/\/www.sabine-seyffert.de\/blog\/wp-json\/wp\/v2\/tags?post=6960"}],"curies":[{"name":"wp","href":"https:\/\/api.w.org\/{rel}","templated":true}]}}