{"id":6945,"date":"2016-03-01T06:53:30","date_gmt":"2016-03-01T04:53:30","guid":{"rendered":"http:\/\/www.sabine-seyffert.de\/blog\/?p=6945"},"modified":"2017-03-02T07:40:05","modified_gmt":"2017-03-02T05:40:05","slug":"diy-fuer-den-bevorstehenden-fruehling-herrlich-bunt-federleicht-federn-am-ast","status":"publish","type":"post","link":"https:\/\/www.sabine-seyffert.de\/blog\/diy-fuer-den-bevorstehenden-fruehling-herrlich-bunt-federleicht-federn-am-ast\/","title":{"rendered":"DIY f\u00fcr den bevorstehenden Fr\u00fchling: Herrlich bunt &#038; federleicht \u2013 Federn am Ast"},"content":{"rendered":"<p style=\"text-align: justify;\"><img loading=\"lazy\" decoding=\"async\" src=\"https:\/\/ssl-vg03.met.vgwort.de\/na\/d551f127cf014846a4a49f481d7137ed\" alt=\"\" width=\"1\" height=\"1\" \/>Auch wenn der Winter hier bei uns verh\u00e4ltnism\u00e4\u00dfig mild verlief und bislang fast g\u00e4nzlich ohne Schnee blieb, so weckte das Ende des Winters bei mir immer die Lust auf ein wenig Farbe. Die hat man sich nach den langen Wochen und der dunklen Jahreszeit auch wirklich verdient!<\/p>\n<p style=\"text-align: center;\"><a href=\"http:\/\/www.sabine-seyffert.de\/blog\/wp-content\/uploads\/2016\/02\/A-9-1.jpg\" rel=\"attachment wp-att-6947\"><img loading=\"lazy\" decoding=\"async\" class=\"alignnone size-full wp-image-6947\" src=\"http:\/\/www.sabine-seyffert.de\/blog\/wp-content\/uploads\/2016\/02\/A-9-1.jpg\" alt=\"A 9\" width=\"800\" height=\"600\" srcset=\"https:\/\/www.sabine-seyffert.de\/blog\/wp-content\/uploads\/2016\/02\/A-9-1.jpg 800w, https:\/\/www.sabine-seyffert.de\/blog\/wp-content\/uploads\/2016\/02\/A-9-1-300x225.jpg 300w, https:\/\/www.sabine-seyffert.de\/blog\/wp-content\/uploads\/2016\/02\/A-9-1-768x576.jpg 768w\" sizes=\"auto, (max-width: 800px) 100vw, 800px\" \/><\/a><\/p>\n<p style=\"text-align: justify;\">Beim Spaziergang im Wald ist wieder einmal ein ganzer Schwung an Zweigen mit nach Hause gewandert.<\/p>\n<p style=\"text-align: justify;\"><a href=\"http:\/\/www.sabine-seyffert.de\/blog\/wp-content\/uploads\/2016\/02\/A-10-1.jpg\" rel=\"attachment wp-att-6948\"><img loading=\"lazy\" decoding=\"async\" class=\"alignnone size-full wp-image-6948\" src=\"http:\/\/www.sabine-seyffert.de\/blog\/wp-content\/uploads\/2016\/02\/A-10-1.jpg\" alt=\"A 10\" width=\"800\" height=\"600\" srcset=\"https:\/\/www.sabine-seyffert.de\/blog\/wp-content\/uploads\/2016\/02\/A-10-1.jpg 800w, https:\/\/www.sabine-seyffert.de\/blog\/wp-content\/uploads\/2016\/02\/A-10-1-300x225.jpg 300w, https:\/\/www.sabine-seyffert.de\/blog\/wp-content\/uploads\/2016\/02\/A-10-1-768x576.jpg 768w\" sizes=\"auto, (max-width: 800px) 100vw, 800px\" \/><\/a><\/p>\n<p style=\"text-align: justify;\">Zum Teil habe ich diese bereits f\u00fcr verschiedene Ideen \u201everarbeitet\u201c aber ein kleiner Rest war noch \u00fcbrig, der perfekt in eine Vase passt. Und genau diesen Zweigen habe ich ein federleichtes, buntes Fr\u00fchlingskleid verpasst!<\/p>\n<p style=\"text-align: center;\"><a href=\"http:\/\/www.sabine-seyffert.de\/blog\/wp-content\/uploads\/2016\/02\/A-7-2.jpg\" rel=\"attachment wp-att-6949\"><img loading=\"lazy\" decoding=\"async\" class=\"alignnone size-full wp-image-6949\" src=\"http:\/\/www.sabine-seyffert.de\/blog\/wp-content\/uploads\/2016\/02\/A-7-2.jpg\" alt=\"A 7\" width=\"800\" height=\"600\" srcset=\"https:\/\/www.sabine-seyffert.de\/blog\/wp-content\/uploads\/2016\/02\/A-7-2.jpg 800w, https:\/\/www.sabine-seyffert.de\/blog\/wp-content\/uploads\/2016\/02\/A-7-2-300x225.jpg 300w, https:\/\/www.sabine-seyffert.de\/blog\/wp-content\/uploads\/2016\/02\/A-7-2-768x576.jpg 768w\" sizes=\"auto, (max-width: 800px) 100vw, 800px\" \/><\/a><\/p>\n<p style=\"text-align: justify;\"><strong>Das wird gebraucht:<\/strong><br \/>\nM\u00f6glichst d\u00fcnnes, weicheres Nylongarn, wei\u00dfe Holzperlen, flauschige, sch\u00f6ne Federn in frischen Fr\u00fchlingsfarben, eine Schere<\/p>\n<p style=\"text-align: center;\"><a href=\"http:\/\/www.sabine-seyffert.de\/blog\/wp-content\/uploads\/2016\/02\/A-6-2.jpg\" rel=\"attachment wp-att-6950\"><img loading=\"lazy\" decoding=\"async\" class=\"alignnone size-full wp-image-6950\" src=\"http:\/\/www.sabine-seyffert.de\/blog\/wp-content\/uploads\/2016\/02\/A-6-2.jpg\" alt=\"A 6\" width=\"800\" height=\"600\" srcset=\"https:\/\/www.sabine-seyffert.de\/blog\/wp-content\/uploads\/2016\/02\/A-6-2.jpg 800w, https:\/\/www.sabine-seyffert.de\/blog\/wp-content\/uploads\/2016\/02\/A-6-2-300x225.jpg 300w, https:\/\/www.sabine-seyffert.de\/blog\/wp-content\/uploads\/2016\/02\/A-6-2-768x576.jpg 768w\" sizes=\"auto, (max-width: 800px) 100vw, 800px\" \/><\/a><\/p>\n<p style=\"text-align: justify;\"><strong>So wird\u2019s gemacht:<\/strong><br \/>\nDazu braucht man eine handvoll farbiger Federn. In meinem Fall nicht knallbunt, sondern in zarten Pastellt\u00f6nen. F\u00fcr jeden federleichten Anh\u00e4nger schneidet man sich von dem Nylongarn ein etwa 12 cm langes St\u00fcck ab um damit eine kleine Aufh\u00e4ngung bzw. Schlaufe an die Feder zu knoten.<\/p>\n<p style=\"text-align: center;\"><a href=\"http:\/\/www.sabine-seyffert.de\/blog\/wp-content\/uploads\/2016\/02\/A-5-2.jpg\" rel=\"attachment wp-att-6951\"><img loading=\"lazy\" decoding=\"async\" class=\"alignnone size-full wp-image-6951\" src=\"http:\/\/www.sabine-seyffert.de\/blog\/wp-content\/uploads\/2016\/02\/A-5-2.jpg\" alt=\"A 5\" width=\"800\" height=\"600\" srcset=\"https:\/\/www.sabine-seyffert.de\/blog\/wp-content\/uploads\/2016\/02\/A-5-2.jpg 800w, https:\/\/www.sabine-seyffert.de\/blog\/wp-content\/uploads\/2016\/02\/A-5-2-300x225.jpg 300w, https:\/\/www.sabine-seyffert.de\/blog\/wp-content\/uploads\/2016\/02\/A-5-2-768x576.jpg 768w\" sizes=\"auto, (max-width: 800px) 100vw, 800px\" \/><\/a><\/p>\n<p style=\"text-align: justify;\">Um den Knoten zu verdecken und den Federn noch ein wenig Pfiff zu verleihen, schiebt man \u00fcber die Schlaufe aus Nylongarn einfach eine wei\u00dfe Holzperle. Hat man schlie\u00dflich genug diese \u201efederleichten\u201c Fr\u00fchlingsanh\u00e4nger beisammen, kann man damit wunderbar dekorieren.<\/p>\n<p style=\"text-align: center;\"><a href=\"http:\/\/www.sabine-seyffert.de\/blog\/wp-content\/uploads\/2016\/02\/A-2-2.jpg\" rel=\"attachment wp-att-6952\"><img loading=\"lazy\" decoding=\"async\" class=\"alignnone size-full wp-image-6952\" src=\"http:\/\/www.sabine-seyffert.de\/blog\/wp-content\/uploads\/2016\/02\/A-2-2.jpg\" alt=\"A 2\" width=\"600\" height=\"800\" srcset=\"https:\/\/www.sabine-seyffert.de\/blog\/wp-content\/uploads\/2016\/02\/A-2-2.jpg 600w, https:\/\/www.sabine-seyffert.de\/blog\/wp-content\/uploads\/2016\/02\/A-2-2-225x300.jpg 225w\" sizes=\"auto, (max-width: 600px) 100vw, 600px\" \/><\/a><\/p>\n<p style=\"text-align: justify;\">Beispielsweise l\u00e4sst sich damit ein gr\u00fcn bl\u00fchender Strauch oder wie in meinem Fall ein kleiner Strau\u00df aus kahlen Winterzweigen herrlich damit schm\u00fccken\u2026<\/p>\n<p style=\"text-align: center;\"><a href=\"http:\/\/www.sabine-seyffert.de\/blog\/wp-content\/uploads\/2016\/02\/A-4-2.jpg\" rel=\"attachment wp-att-6953\"><img loading=\"lazy\" decoding=\"async\" class=\"alignnone size-full wp-image-6953\" src=\"http:\/\/www.sabine-seyffert.de\/blog\/wp-content\/uploads\/2016\/02\/A-4-2.jpg\" alt=\"A 4\" width=\"600\" height=\"800\" srcset=\"https:\/\/www.sabine-seyffert.de\/blog\/wp-content\/uploads\/2016\/02\/A-4-2.jpg 600w, https:\/\/www.sabine-seyffert.de\/blog\/wp-content\/uploads\/2016\/02\/A-4-2-225x300.jpg 225w\" sizes=\"auto, (max-width: 600px) 100vw, 600px\" \/><\/a><\/p>\n<p style=\"text-align: justify;\">Alles zum Thema Fr\u00fchling findet Ihr \u00fcbrigens in <a href=\"http:\/\/www.sabine-seyffert.de\/blog\/?cat=23\" target=\"_blank\">dieser Rubrik<\/a>, allerhand Kreatives wird <a href=\"http:\/\/www.creadienstag.de\/2016\/02\/217.html\" target=\"_blank\">dort<\/a> gesammelt und weitere Fr\u00fchlingsideen gibt es in meinem kreativen DIY Buch \u201e<a href=\"http:\/\/www.sabine-seyffert.de\/blog\/?p=5134\" target=\"_blank\">Selbst gemachte Fr\u00fchlingsdeko<\/a>\u201c erschienen bei Blooms by Ulmer.<\/p>\n<p style=\"text-align: center;\"><a href=\"http:\/\/www.sabine-seyffert.de\/blog\/wp-content\/uploads\/2016\/02\/Fr\u00fchlingsbuch.jpg\" rel=\"attachment wp-att-6946\"><img loading=\"lazy\" decoding=\"async\" class=\"alignnone size-full wp-image-6946\" src=\"http:\/\/www.sabine-seyffert.de\/blog\/wp-content\/uploads\/2016\/02\/Fr\u00fchlingsbuch.jpg\" alt=\"Fr\u00fchlingsbuch\" width=\"600\" height=\"800\" srcset=\"https:\/\/www.sabine-seyffert.de\/blog\/wp-content\/uploads\/2016\/02\/Fr\u00fchlingsbuch.jpg 600w, https:\/\/www.sabine-seyffert.de\/blog\/wp-content\/uploads\/2016\/02\/Fr\u00fchlingsbuch-225x300.jpg 225w\" sizes=\"auto, (max-width: 600px) 100vw, 600px\" \/><\/a><\/p>\n<p style=\"text-align: justify;\">Dr\u00fccken wir mal fest die Daumen, dass die Ideen den Fr\u00fchling in K\u00fcrze hervorlocken. Die ersten Krokusse haben bereits ihre bunten K\u00f6pfchen aus der Erde gestreckt\u2026<\/p>\n<p style=\"text-align: justify;\"><a href=\"http:\/\/www.sabine-seyffert.de\/blog\/?page_id=32#urheberrecht\">urheberrechtlich gesch\u00fctzt<\/a>, \u00a9 Sabine Seyffert<\/p>\n","protected":false},"excerpt":{"rendered":"<p>Auch wenn der Winter hier bei uns verh\u00e4ltnism\u00e4\u00dfig mild verlief und bislang fast g\u00e4nzlich ohne Schnee blieb, so weckte das Ende des Winters bei mir immer die Lust auf ein wenig Farbe. Die hat man sich nach den langen Wochen und der dunklen Jahreszeit auch wirklich verdient! Beim Spaziergang im Wald ist wieder einmal ein&#8230; <a href=\"https:\/\/www.sabine-seyffert.de\/blog\/diy-fuer-den-bevorstehenden-fruehling-herrlich-bunt-federleicht-federn-am-ast\/\" class=\"more-link\">Read more: DIY f\u00fcr den bevorstehenden Fr\u00fchling: Herrlich bunt &#038; federleicht \u2013 Federn am Ast<\/a><\/p>\n","protected":false},"author":2,"featured_media":6952,"comment_status":"open","ping_status":"open","sticky":false,"template":"","format":"standard","meta":{"_metis_text_type":"","_metis_text_length":1900,"_post_count":0,"footnotes":""},"categories":[20,12,23],"tags":[],"class_list":["post-6945","post","type-post","status-publish","format-standard","has-post-thumbnail","hentry","category-bucher","category-deko-ideen","category-fruhling"],"_links":{"self":[{"href":"https:\/\/www.sabine-seyffert.de\/blog\/wp-json\/wp\/v2\/posts\/6945","targetHints":{"allow":["GET"]}}],"collection":[{"href":"https:\/\/www.sabine-seyffert.de\/blog\/wp-json\/wp\/v2\/posts"}],"about":[{"href":"https:\/\/www.sabine-seyffert.de\/blog\/wp-json\/wp\/v2\/types\/post"}],"author":[{"embeddable":true,"href":"https:\/\/www.sabine-seyffert.de\/blog\/wp-json\/wp\/v2\/users\/2"}],"replies":[{"embeddable":true,"href":"https:\/\/www.sabine-seyffert.de\/blog\/wp-json\/wp\/v2\/comments?post=6945"}],"version-history":[{"count":5,"href":"https:\/\/www.sabine-seyffert.de\/blog\/wp-json\/wp\/v2\/posts\/6945\/revisions"}],"predecessor-version":[{"id":6959,"href":"https:\/\/www.sabine-seyffert.de\/blog\/wp-json\/wp\/v2\/posts\/6945\/revisions\/6959"}],"wp:featuredmedia":[{"embeddable":true,"href":"https:\/\/www.sabine-seyffert.de\/blog\/wp-json\/wp\/v2\/media\/6952"}],"wp:attachment":[{"href":"https:\/\/www.sabine-seyffert.de\/blog\/wp-json\/wp\/v2\/media?parent=6945"}],"wp:term":[{"taxonomy":"category","embeddable":true,"href":"https:\/\/www.sabine-seyffert.de\/blog\/wp-json\/wp\/v2\/categories?post=6945"},{"taxonomy":"post_tag","embeddable":true,"href":"https:\/\/www.sabine-seyffert.de\/blog\/wp-json\/wp\/v2\/tags?post=6945"}],"curies":[{"name":"wp","href":"https:\/\/api.w.org\/{rel}","templated":true}]}}