{"id":6907,"date":"2016-02-22T17:26:03","date_gmt":"2016-02-22T15:26:03","guid":{"rendered":"http:\/\/www.sabine-seyffert.de\/blog\/?p=6907"},"modified":"2022-09-02T11:26:16","modified_gmt":"2022-09-02T09:26:16","slug":"diy-idee-zum-selber-naehen-loewenstark-ein-loewe-schmueckt-das-neue-t-shirt","status":"publish","type":"post","link":"https:\/\/www.sabine-seyffert.de\/blog\/diy-idee-zum-selber-naehen-loewenstark-ein-loewe-schmueckt-das-neue-t-shirt\/","title":{"rendered":"DIY Idee zum selber N\u00e4hen: L\u00f6wenstark \u2013 ein L\u00f6we schm\u00fcckt das neue T-Shirt"},"content":{"rendered":"<p style=\"text-align: justify;\"><img loading=\"lazy\" decoding=\"async\" src=\"https:\/\/ssl-vg03.met.vgwort.de\/na\/abc27b9c35eb4882af7bf7a8c4364b5d\" alt=\"\" width=\"1\" height=\"1\" \/>Meine Tochter ist Fan eines hier ans\u00e4ssigen Sportvereins. Deren Maskottchen ist ein bergischer \u201eL\u00f6we\u201c. Seit langem kursiert hier der Wunsch nach einem entsprechenden T-Shirt, auf dem die Unterschriften bzw. Autogramme der Spieler \u201egesammelt\u201c werden k\u00f6nnen. Nun habe ich es endlich geschafft und sogar ein eigens f\u00fcr diesen Zweck geschaffenes T-Shirt entworfen. Mit eigener, kindlicheren Interpretation des bergischen L\u00f6wen, der k\u00fcnstlerischen Freiheit sei Dank :-).<\/p>\n<p style=\"text-align: center;\"><a href=\"http:\/\/www.sabine-seyffert.de\/blog\/wp-content\/uploads\/2016\/02\/A1.jpg\"><img loading=\"lazy\" decoding=\"async\" class=\"alignnone size-full wp-image-6908\" src=\"http:\/\/www.sabine-seyffert.de\/blog\/wp-content\/uploads\/2016\/02\/A1.jpg\" alt=\"A\" width=\"800\" height=\"600\" srcset=\"https:\/\/www.sabine-seyffert.de\/blog\/wp-content\/uploads\/2016\/02\/A1.jpg 800w, https:\/\/www.sabine-seyffert.de\/blog\/wp-content\/uploads\/2016\/02\/A1-300x225.jpg 300w\" sizes=\"auto, (max-width: 800px) 100vw, 800px\" \/><\/a><\/p>\n<p style=\"text-align: justify;\"><strong>Das wird gebraucht:<\/strong><br \/>\n1 wei\u00dfes T-Shirt in der ben\u00f6tigten Kleidergr\u00f6\u00dfe, Vliesofix, ein Blatt Papier, ein Bleistift, gelber, brauner und wei\u00dfer Baumwollwebstoff, zwei braune, waschbare Kn\u00f6pfe, N\u00e4hgarn, eine N\u00e4hnadel, eine N\u00e4hmaschine, eine Stoffschere<\/p>\n<p style=\"text-align: center;\"><a href=\"http:\/\/www.sabine-seyffert.de\/blog\/wp-content\/uploads\/2016\/02\/A-18.jpg\"><img loading=\"lazy\" decoding=\"async\" class=\"alignnone size-full wp-image-6909\" src=\"http:\/\/www.sabine-seyffert.de\/blog\/wp-content\/uploads\/2016\/02\/A-18.jpg\" alt=\"A 1\" width=\"800\" height=\"600\" srcset=\"https:\/\/www.sabine-seyffert.de\/blog\/wp-content\/uploads\/2016\/02\/A-18.jpg 800w, https:\/\/www.sabine-seyffert.de\/blog\/wp-content\/uploads\/2016\/02\/A-18-300x225.jpg 300w\" sizes=\"auto, (max-width: 800px) 100vw, 800px\" \/><\/a><\/p>\n<p style=\"text-align: justify;\"><strong>So wird\u2019s gemacht:<\/strong><br \/>\nZuerst habe ich mir das wei\u00dfe Blatt Papier auf die Vorderseite des T-Shirts gelegt und per Hand einen L\u00f6wenkopf vorgezeichnet, der von der Gr\u00f6\u00dfe her auf das Shirt passt.<\/p>\n<p style=\"text-align: center;\"><a href=\"http:\/\/www.sabine-seyffert.de\/blog\/wp-content\/uploads\/2016\/02\/A-24.jpg\"><img loading=\"lazy\" decoding=\"async\" class=\"alignnone size-full wp-image-6910\" src=\"http:\/\/www.sabine-seyffert.de\/blog\/wp-content\/uploads\/2016\/02\/A-24.jpg\" alt=\"A 2\" width=\"800\" height=\"600\" srcset=\"https:\/\/www.sabine-seyffert.de\/blog\/wp-content\/uploads\/2016\/02\/A-24.jpg 800w, https:\/\/www.sabine-seyffert.de\/blog\/wp-content\/uploads\/2016\/02\/A-24-300x225.jpg 300w\" sizes=\"auto, (max-width: 800px) 100vw, 800px\" \/><\/a><\/p>\n<p style=\"text-align: justify;\">Die jeweiligen L\u00f6wenteile wie Kopf, M\u00e4hne, Augen und Nase habe ich dann auf das Vliesofix \u00fcbertragen, ausgeschnitten und auf die Stoffe geb\u00fcgelt. Diese habe ich allesamt mit der Stoffschere ausgeschnitten und diese mittig auf die T-Shirt Vorderseite geb\u00fcgelt. Mit meiner N\u00e4hmaschine habe ich die R\u00e4nder mit einem ganz engen Zickzackstich appliziert, damit diese auch beim Waschen sicher am T-Shirtstoff halten.<\/p>\n<p style=\"text-align: center;\"><a href=\"http:\/\/www.sabine-seyffert.de\/blog\/wp-content\/uploads\/2016\/02\/A-54.jpg\"><img loading=\"lazy\" decoding=\"async\" class=\"alignnone size-full wp-image-6911\" src=\"http:\/\/www.sabine-seyffert.de\/blog\/wp-content\/uploads\/2016\/02\/A-54.jpg\" alt=\"A 5\" width=\"800\" height=\"600\" srcset=\"https:\/\/www.sabine-seyffert.de\/blog\/wp-content\/uploads\/2016\/02\/A-54.jpg 800w, https:\/\/www.sabine-seyffert.de\/blog\/wp-content\/uploads\/2016\/02\/A-54-300x225.jpg 300w\" sizes=\"auto, (max-width: 800px) 100vw, 800px\" \/><\/a><\/p>\n<p style=\"text-align: justify;\">Um den L\u00f6wen etwas plastischer zu gestalten, habe ich die Augen nicht aus Stoff appliziert, sondern zwei braune Kn\u00f6pfe angen\u00e4ht. Dadurch wirkt der L\u00f6we etwas lebendiger.<\/p>\n<p style=\"text-align: center;\"><a href=\"http:\/\/www.sabine-seyffert.de\/blog\/wp-content\/uploads\/2016\/02\/A-61.jpg\"><img loading=\"lazy\" decoding=\"async\" class=\"alignnone size-full wp-image-6912\" src=\"http:\/\/www.sabine-seyffert.de\/blog\/wp-content\/uploads\/2016\/02\/A-61.jpg\" alt=\"A 6\" width=\"800\" height=\"600\" srcset=\"https:\/\/www.sabine-seyffert.de\/blog\/wp-content\/uploads\/2016\/02\/A-61.jpg 800w, https:\/\/www.sabine-seyffert.de\/blog\/wp-content\/uploads\/2016\/02\/A-61-300x225.jpg 300w\" sizes=\"auto, (max-width: 800px) 100vw, 800px\" \/><\/a><\/p>\n<p style=\"text-align: justify;\">Den ersten Waschgang hat unser T-Shirt L\u00f6we bereits hinter sich und \u00fcberlebt. Auch ein Schwung von Autogrammen zieren das T-Shirt inzwischen.<\/p>\n<p style=\"text-align: center;\"><a href=\"http:\/\/www.sabine-seyffert.de\/blog\/wp-content\/uploads\/2016\/02\/A-33.jpg\"><img loading=\"lazy\" decoding=\"async\" class=\"alignnone size-full wp-image-6913\" src=\"http:\/\/www.sabine-seyffert.de\/blog\/wp-content\/uploads\/2016\/02\/A-33.jpg\" alt=\"A 3\" width=\"800\" height=\"600\" srcset=\"https:\/\/www.sabine-seyffert.de\/blog\/wp-content\/uploads\/2016\/02\/A-33.jpg 800w, https:\/\/www.sabine-seyffert.de\/blog\/wp-content\/uploads\/2016\/02\/A-33-300x225.jpg 300w\" sizes=\"auto, (max-width: 800px) 100vw, 800px\" \/><\/a><\/p>\n<p style=\"text-align: justify;\"><strong>Ein kleiner Tipp:<\/strong><br \/>\nWer ein anderes Lieblingstier hat, kann sein T-Shirt auch damit best\u00fccken und dies nach gleicher Machart applizieren. Das klappt mit Hilfe einer ganz normalen N\u00e4hmaschine.<\/p>\n<p style=\"text-align: center;\"><a href=\"http:\/\/www.sabine-seyffert.de\/blog\/wp-content\/uploads\/2016\/02\/A-43.jpg\"><img loading=\"lazy\" decoding=\"async\" class=\"alignnone size-full wp-image-6914\" src=\"http:\/\/www.sabine-seyffert.de\/blog\/wp-content\/uploads\/2016\/02\/A-43.jpg\" alt=\"A 4\" width=\"800\" height=\"600\" srcset=\"https:\/\/www.sabine-seyffert.de\/blog\/wp-content\/uploads\/2016\/02\/A-43.jpg 800w, https:\/\/www.sabine-seyffert.de\/blog\/wp-content\/uploads\/2016\/02\/A-43-300x225.jpg 300w\" sizes=\"auto, (max-width: 800px) 100vw, 800px\" \/><\/a><\/p>\n<p style=\"text-align: justify;\">Weitere DIY L\u00f6wen gibt es <a href=\"http:\/\/www.sabine-seyffert.de\/blog\/?p=3929\" target=\"_blank\" rel=\"noopener\">hier<\/a> und <a href=\"http:\/\/www.sabine-seyffert.de\/blog\/?p=3865\" target=\"_blank\" rel=\"noopener\">dort<\/a>, andere N\u00e4hereien findet Ihr in <a href=\"http:\/\/www.sabine-seyffert.de\/blog\/?cat=33\" target=\"_blank\" rel=\"noopener\">dieser Rubrik<\/a> und weitere kreative Ideen tummeln sich <a href=\"http:\/\/www.creadienstag.de\/2016\/02\/216.html\" target=\"_blank\" rel=\"noopener\">hier<\/a> und auch an <a href=\"http:\/\/kiddikram.blogspot.de\/\" target=\"_blank\" rel=\"noopener\">dieser Stelle<\/a>.<\/p>\n<p><a href=\"http:\/\/www.sabine-seyffert.de\/blog\/?page_id=32#urheberrecht\">urheberrechtlich gesch\u00fctzt<\/a>, \u00a9 Sabine Seyffert<\/p>\n","protected":false},"excerpt":{"rendered":"<p>Meine Tochter ist Fan eines hier ans\u00e4ssigen Sportvereins. Deren Maskottchen ist ein bergischer \u201eL\u00f6we\u201c. Seit langem kursiert hier der Wunsch nach einem entsprechenden T-Shirt, auf dem die Unterschriften bzw. Autogramme der Spieler \u201egesammelt\u201c werden k\u00f6nnen. Nun habe ich es endlich geschafft und sogar ein eigens f\u00fcr diesen Zweck geschaffenes T-Shirt entworfen. Mit eigener, kindlicheren Interpretation&#8230; <a href=\"https:\/\/www.sabine-seyffert.de\/blog\/diy-idee-zum-selber-naehen-loewenstark-ein-loewe-schmueckt-das-neue-t-shirt\/\" class=\"more-link\">Read more: DIY Idee zum selber N\u00e4hen: L\u00f6wenstark \u2013 ein L\u00f6we schm\u00fcckt das neue T-Shirt<\/a><\/p>\n","protected":false},"author":2,"featured_media":6910,"comment_status":"open","ping_status":"open","sticky":false,"template":"","format":"standard","meta":{"_metis_text_type":"","_metis_text_length":2019,"_post_count":0,"footnotes":""},"categories":[33],"tags":[],"class_list":["post-6907","post","type-post","status-publish","format-standard","has-post-thumbnail","hentry","category-kreative-naherein"],"_links":{"self":[{"href":"https:\/\/www.sabine-seyffert.de\/blog\/wp-json\/wp\/v2\/posts\/6907","targetHints":{"allow":["GET"]}}],"collection":[{"href":"https:\/\/www.sabine-seyffert.de\/blog\/wp-json\/wp\/v2\/posts"}],"about":[{"href":"https:\/\/www.sabine-seyffert.de\/blog\/wp-json\/wp\/v2\/types\/post"}],"author":[{"embeddable":true,"href":"https:\/\/www.sabine-seyffert.de\/blog\/wp-json\/wp\/v2\/users\/2"}],"replies":[{"embeddable":true,"href":"https:\/\/www.sabine-seyffert.de\/blog\/wp-json\/wp\/v2\/comments?post=6907"}],"version-history":[{"count":8,"href":"https:\/\/www.sabine-seyffert.de\/blog\/wp-json\/wp\/v2\/posts\/6907\/revisions"}],"predecessor-version":[{"id":23911,"href":"https:\/\/www.sabine-seyffert.de\/blog\/wp-json\/wp\/v2\/posts\/6907\/revisions\/23911"}],"wp:featuredmedia":[{"embeddable":true,"href":"https:\/\/www.sabine-seyffert.de\/blog\/wp-json\/wp\/v2\/media\/6910"}],"wp:attachment":[{"href":"https:\/\/www.sabine-seyffert.de\/blog\/wp-json\/wp\/v2\/media?parent=6907"}],"wp:term":[{"taxonomy":"category","embeddable":true,"href":"https:\/\/www.sabine-seyffert.de\/blog\/wp-json\/wp\/v2\/categories?post=6907"},{"taxonomy":"post_tag","embeddable":true,"href":"https:\/\/www.sabine-seyffert.de\/blog\/wp-json\/wp\/v2\/tags?post=6907"}],"curies":[{"name":"wp","href":"https:\/\/api.w.org\/{rel}","templated":true}]}}