{"id":6874,"date":"2016-02-12T07:51:03","date_gmt":"2016-02-12T05:51:03","guid":{"rendered":"http:\/\/www.sabine-seyffert.de\/blog\/?p=6874"},"modified":"2018-04-28T10:57:11","modified_gmt":"2018-04-28T08:57:11","slug":"rezeptidee-knusprig-knusprig-gebratener-rosenkohl-mit-kartoffeln","status":"publish","type":"post","link":"https:\/\/www.sabine-seyffert.de\/blog\/rezeptidee-knusprig-knusprig-gebratener-rosenkohl-mit-kartoffeln\/","title":{"rendered":"Rezeptidee: Knusprig, knusprig &#8211; Gebratener Rosenkohl mit Kartoffeln"},"content":{"rendered":"<p style=\"text-align: justify;\"><img loading=\"lazy\" decoding=\"async\" src=\"https:\/\/ssl-vg03.met.vgwort.de\/na\/88a7824e660e4f4ea30ae95347fa0859\" alt=\"\" width=\"1\" height=\"1\" \/>Jede Woche sitze ich hier an meiner Einkaufsliste und stelle mir dieselbe Frage \u2013 <strong>was<\/strong> koche ich blo\u00df?! M\u00f6glichst gesund und frisch sollte es nat\u00fcrlich sein. Am liebsten auch schnell zubereitet, damit ich die Vormittage auch wirklich zum Arbeiten nutzen kann.<\/p>\n<p style=\"text-align: center;\"><a href=\"http:\/\/www.sabine-seyffert.de\/blog\/wp-content\/uploads\/2016\/02\/A-52.jpg\"><img loading=\"lazy\" decoding=\"async\" class=\"alignnone size-full wp-image-6875\" src=\"http:\/\/www.sabine-seyffert.de\/blog\/wp-content\/uploads\/2016\/02\/A-52.jpg\" alt=\"A 5\" width=\"800\" height=\"600\" srcset=\"https:\/\/www.sabine-seyffert.de\/blog\/wp-content\/uploads\/2016\/02\/A-52.jpg 800w, https:\/\/www.sabine-seyffert.de\/blog\/wp-content\/uploads\/2016\/02\/A-52-300x225.jpg 300w\" sizes=\"auto, (max-width: 800px) 100vw, 800px\" \/><\/a><\/p>\n<p style=\"text-align: justify;\">Manchmal hilft dabei auch einfach die Jahreszeit bzw. die Gem\u00fcsesorten, die man derzeit dann \u00fcblicherweise auf dem Markt oder in der Gem\u00fcseabteilung findet. Diesmal wanderte ein ganzer Schwung Rosenkohl beim Einkauf mit nach Hause und am Mittag dann in die Pfanne\u2026<\/p>\n<p style=\"text-align: center;\"><a href=\"http:\/\/www.sabine-seyffert.de\/blog\/wp-content\/uploads\/2016\/02\/A-16.jpg\"><img loading=\"lazy\" decoding=\"async\" class=\"alignnone size-full wp-image-6876\" src=\"http:\/\/www.sabine-seyffert.de\/blog\/wp-content\/uploads\/2016\/02\/A-16.jpg\" alt=\"A 1\" width=\"800\" height=\"600\" srcset=\"https:\/\/www.sabine-seyffert.de\/blog\/wp-content\/uploads\/2016\/02\/A-16.jpg 800w, https:\/\/www.sabine-seyffert.de\/blog\/wp-content\/uploads\/2016\/02\/A-16-300x225.jpg 300w\" sizes=\"auto, (max-width: 800px) 100vw, 800px\" \/><\/a><\/p>\n<p style=\"text-align: justify;\"><strong>Das wird gebraucht:<\/strong><br \/>\n1 Kilo frischer Rosenkohl, etwas Fett zum Braten, 80-100 gr getrocknete Tomaten, 2 Zwiebeln, Sesamk\u00f6rner, Salz, Pfeffer, etwas Sojaso\u00dfe, eine handvoll Cocktailtomaten sowie 2 kg Kartoffeln<\/p>\n<p style=\"text-align: center;\"><a href=\"http:\/\/www.sabine-seyffert.de\/blog\/wp-content\/uploads\/2016\/02\/A-121.jpg\"><img loading=\"lazy\" decoding=\"async\" class=\"alignnone size-full wp-image-6877\" src=\"http:\/\/www.sabine-seyffert.de\/blog\/wp-content\/uploads\/2016\/02\/A-121.jpg\" alt=\"A 12\" width=\"800\" height=\"600\" srcset=\"https:\/\/www.sabine-seyffert.de\/blog\/wp-content\/uploads\/2016\/02\/A-121.jpg 800w, https:\/\/www.sabine-seyffert.de\/blog\/wp-content\/uploads\/2016\/02\/A-121-300x225.jpg 300w\" sizes=\"auto, (max-width: 800px) 100vw, 800px\" \/><\/a><\/p>\n<p style=\"text-align: justify;\"><strong>So wird\u2019s gemacht:<\/strong><br \/>\nZuerst sch\u00e4lt man den Rosenkohl sowie die Kartoffeln. Die Kartoffeln kocht man in einem gro\u00dfen Topf mit Wasser und den gesch\u00e4lten Rosenkohl in einem separaten Topf.<\/p>\n<p style=\"text-align: center;\"><a href=\"http:\/\/www.sabine-seyffert.de\/blog\/wp-content\/uploads\/2016\/02\/A-111.jpg\"><img loading=\"lazy\" decoding=\"async\" class=\"alignnone size-full wp-image-6878\" src=\"http:\/\/www.sabine-seyffert.de\/blog\/wp-content\/uploads\/2016\/02\/A-111.jpg\" alt=\"A 11\" width=\"800\" height=\"600\" srcset=\"https:\/\/www.sabine-seyffert.de\/blog\/wp-content\/uploads\/2016\/02\/A-111.jpg 800w, https:\/\/www.sabine-seyffert.de\/blog\/wp-content\/uploads\/2016\/02\/A-111-300x225.jpg 300w\" sizes=\"auto, (max-width: 800px) 100vw, 800px\" \/><\/a><\/p>\n<p style=\"text-align: justify;\">Den Rosenkohl kocht man nur kurz, so dass er noch bissfest und knackig ist. Dann gie\u00dft man das Wasser ab und halbiert das Gem\u00fcse.<\/p>\n<p style=\"text-align: center;\"><a href=\"http:\/\/www.sabine-seyffert.de\/blog\/wp-content\/uploads\/2016\/02\/A-9.jpg\"><img loading=\"lazy\" decoding=\"async\" class=\"alignnone size-full wp-image-6879\" src=\"http:\/\/www.sabine-seyffert.de\/blog\/wp-content\/uploads\/2016\/02\/A-9.jpg\" alt=\"A 9\" width=\"800\" height=\"600\" srcset=\"https:\/\/www.sabine-seyffert.de\/blog\/wp-content\/uploads\/2016\/02\/A-9.jpg 800w, https:\/\/www.sabine-seyffert.de\/blog\/wp-content\/uploads\/2016\/02\/A-9-300x225.jpg 300w\" sizes=\"auto, (max-width: 800px) 100vw, 800px\" \/><\/a><\/p>\n<p style=\"text-align: justify;\">In einer gro\u00dfen Pfanne erhitzt man etwas Fett und d\u00fcnstet zwei fein gew\u00fcrfelte Zwiebeln darin. Dann gibt man den halbierten Rosenkohl hinzu sowie die in schmale Streifen geschnittenen, getrockneten Tomaten.<\/p>\n<p style=\"text-align: center;\"><a href=\"http:\/\/www.sabine-seyffert.de\/blog\/wp-content\/uploads\/2016\/02\/A-81.jpg\"><img loading=\"lazy\" decoding=\"async\" class=\"alignnone size-full wp-image-6880\" src=\"http:\/\/www.sabine-seyffert.de\/blog\/wp-content\/uploads\/2016\/02\/A-81.jpg\" alt=\"A 8\" width=\"800\" height=\"600\" srcset=\"https:\/\/www.sabine-seyffert.de\/blog\/wp-content\/uploads\/2016\/02\/A-81.jpg 800w, https:\/\/www.sabine-seyffert.de\/blog\/wp-content\/uploads\/2016\/02\/A-81-300x225.jpg 300w\" sizes=\"auto, (max-width: 800px) 100vw, 800px\" \/><\/a><\/p>\n<p style=\"text-align: justify;\">Ganz zum Schluss, etwa f\u00fcr die letzten 2-3 Minuten, gibt man eine handvoll Sesamk\u00f6rner mit in die Pfanne. Die genaue Menge wiege ich nicht ab, sondern streue soviel K\u00f6rner dar\u00fcber, wie wir es m\u00f6gen. Nun w\u00fcrzt man das Gem\u00fcse mit noch mit etwas Sojaso\u00dfe, Salz und Pfeffer. Die Kartoffeln sind mittlerweile dann auch fertig gegart.<\/p>\n<p style=\"text-align: center;\"><a href=\"http:\/\/www.sabine-seyffert.de\/blog\/wp-content\/uploads\/2016\/02\/A-71.jpg\"><img loading=\"lazy\" decoding=\"async\" class=\"alignnone size-full wp-image-6881\" src=\"http:\/\/www.sabine-seyffert.de\/blog\/wp-content\/uploads\/2016\/02\/A-71.jpg\" alt=\"A 7\" width=\"800\" height=\"600\" srcset=\"https:\/\/www.sabine-seyffert.de\/blog\/wp-content\/uploads\/2016\/02\/A-71.jpg 800w, https:\/\/www.sabine-seyffert.de\/blog\/wp-content\/uploads\/2016\/02\/A-71-300x225.jpg 300w\" sizes=\"auto, (max-width: 800px) 100vw, 800px\" \/><\/a><\/p>\n<p style=\"text-align: justify;\"><strong>Ein kleiner Tipp:<\/strong><br \/>\nWer mag kann nun \u00fcber den gebratenen Rosenkohl auch noch eine handvoll frischer und in d\u00fcnne Scheiben geschnittene Cocktailtomaten verteilen sowie etwas geriebenen, frischen Parmesan. Wer sich vegan ern\u00e4hrt, l\u00e4sst den geriebenen K\u00e4se einfach weg oder nimmt stattdessen eine vegane Alternative.<\/p>\n<p style=\"text-align: center;\"><a href=\"http:\/\/www.sabine-seyffert.de\/blog\/wp-content\/uploads\/2016\/02\/A-23.jpg\"><img loading=\"lazy\" decoding=\"async\" class=\"alignnone size-full wp-image-6882\" src=\"http:\/\/www.sabine-seyffert.de\/blog\/wp-content\/uploads\/2016\/02\/A-23.jpg\" alt=\"A 2\" width=\"800\" height=\"600\" srcset=\"https:\/\/www.sabine-seyffert.de\/blog\/wp-content\/uploads\/2016\/02\/A-23.jpg 800w, https:\/\/www.sabine-seyffert.de\/blog\/wp-content\/uploads\/2016\/02\/A-23-300x225.jpg 300w\" sizes=\"auto, (max-width: 800px) 100vw, 800px\" \/><\/a><\/p>\n<p><a href=\"http:\/\/www.sabine-seyffert.de\/blog\/?page_id=32#urheberrecht\">urheberrechtlich gesch\u00fctzt<\/a>, \u00a9 Sabine Seyffert<\/p>\n","protected":false},"excerpt":{"rendered":"<p>Jede Woche sitze ich hier an meiner Einkaufsliste und stelle mir dieselbe Frage \u2013 was koche ich blo\u00df?! M\u00f6glichst gesund und frisch sollte es nat\u00fcrlich sein. Am liebsten auch schnell zubereitet, damit ich die Vormittage auch wirklich zum Arbeiten nutzen kann. Manchmal hilft dabei auch einfach die Jahreszeit bzw. die Gem\u00fcsesorten, die man derzeit dann&#8230; <a href=\"https:\/\/www.sabine-seyffert.de\/blog\/rezeptidee-knusprig-knusprig-gebratener-rosenkohl-mit-kartoffeln\/\" class=\"more-link\">Read more: Rezeptidee: Knusprig, knusprig &#8211; Gebratener Rosenkohl mit Kartoffeln<\/a><\/p>\n","protected":false},"author":2,"featured_media":6879,"comment_status":"open","ping_status":"open","sticky":false,"template":"","format":"standard","meta":{"_metis_text_type":"","_metis_text_length":1940,"_post_count":0,"footnotes":""},"categories":[44],"tags":[],"class_list":["post-6874","post","type-post","status-publish","format-standard","has-post-thumbnail","hentry","category-rezepte-vegan"],"_links":{"self":[{"href":"https:\/\/www.sabine-seyffert.de\/blog\/wp-json\/wp\/v2\/posts\/6874","targetHints":{"allow":["GET"]}}],"collection":[{"href":"https:\/\/www.sabine-seyffert.de\/blog\/wp-json\/wp\/v2\/posts"}],"about":[{"href":"https:\/\/www.sabine-seyffert.de\/blog\/wp-json\/wp\/v2\/types\/post"}],"author":[{"embeddable":true,"href":"https:\/\/www.sabine-seyffert.de\/blog\/wp-json\/wp\/v2\/users\/2"}],"replies":[{"embeddable":true,"href":"https:\/\/www.sabine-seyffert.de\/blog\/wp-json\/wp\/v2\/comments?post=6874"}],"version-history":[{"count":2,"href":"https:\/\/www.sabine-seyffert.de\/blog\/wp-json\/wp\/v2\/posts\/6874\/revisions"}],"predecessor-version":[{"id":12390,"href":"https:\/\/www.sabine-seyffert.de\/blog\/wp-json\/wp\/v2\/posts\/6874\/revisions\/12390"}],"wp:featuredmedia":[{"embeddable":true,"href":"https:\/\/www.sabine-seyffert.de\/blog\/wp-json\/wp\/v2\/media\/6879"}],"wp:attachment":[{"href":"https:\/\/www.sabine-seyffert.de\/blog\/wp-json\/wp\/v2\/media?parent=6874"}],"wp:term":[{"taxonomy":"category","embeddable":true,"href":"https:\/\/www.sabine-seyffert.de\/blog\/wp-json\/wp\/v2\/categories?post=6874"},{"taxonomy":"post_tag","embeddable":true,"href":"https:\/\/www.sabine-seyffert.de\/blog\/wp-json\/wp\/v2\/tags?post=6874"}],"curies":[{"name":"wp","href":"https:\/\/api.w.org\/{rel}","templated":true}]}}