{"id":6852,"date":"2016-02-05T08:50:02","date_gmt":"2016-02-05T06:50:02","guid":{"rendered":"http:\/\/www.sabine-seyffert.de\/blog\/?p=6852"},"modified":"2017-03-02T10:28:27","modified_gmt":"2017-03-02T08:28:27","slug":"rezept-fuer-die-familienkueche-selbst-gemachte-backkartoffeln-im-country-style","status":"publish","type":"post","link":"https:\/\/www.sabine-seyffert.de\/blog\/rezept-fuer-die-familienkueche-selbst-gemachte-backkartoffeln-im-country-style\/","title":{"rendered":"Rezept f\u00fcr die Familienk\u00fcche: Selbst gemachte Backkartoffeln im Country Style"},"content":{"rendered":"<p style=\"text-align: justify;\"><img loading=\"lazy\" decoding=\"async\" src=\"https:\/\/ssl-vg03.met.vgwort.de\/na\/a8d995b4c054493abca666743e910932\" alt=\"\" width=\"1\" height=\"1\" \/>Kartoffeln kommen hier regelm\u00e4\u00dfig auf den Mittagstisch. Besonders gerne als Backkartoffeln in ganz unterschiedlichen Variationen. Diesmal als w\u00fcrzige Country Potatoes vom Blech.<\/p>\n<p style=\"text-align: center;\"><a href=\"http:\/\/www.sabine-seyffert.de\/blog\/wp-content\/uploads\/2016\/02\/A-7.jpg\"><img loading=\"lazy\" decoding=\"async\" class=\"alignnone size-full wp-image-6853\" src=\"http:\/\/www.sabine-seyffert.de\/blog\/wp-content\/uploads\/2016\/02\/A-7.jpg\" alt=\"A 7\" width=\"800\" height=\"600\" srcset=\"https:\/\/www.sabine-seyffert.de\/blog\/wp-content\/uploads\/2016\/02\/A-7.jpg 800w, https:\/\/www.sabine-seyffert.de\/blog\/wp-content\/uploads\/2016\/02\/A-7-300x225.jpg 300w\" sizes=\"auto, (max-width: 800px) 100vw, 800px\" \/><\/a><\/p>\n<p style=\"text-align: justify;\"><strong>Das wird gebraucht:<\/strong><br \/>\nKartoffeln, Sonnenblumen\u00f6l, etwas Sojaso\u00dfe, rotes Tomatensalz, Paprika edels\u00fc\u00df, Pfeffer sowie 250 gr Schmand, ein Bund Schnittlauch, 100 gr Naturjoghurt, Kr\u00e4utersalz<\/p>\n<p style=\"text-align: center;\"><a href=\"http:\/\/www.sabine-seyffert.de\/blog\/wp-content\/uploads\/2016\/02\/A-0.jpg\"><img loading=\"lazy\" decoding=\"async\" class=\"alignnone size-full wp-image-6854\" src=\"http:\/\/www.sabine-seyffert.de\/blog\/wp-content\/uploads\/2016\/02\/A-0.jpg\" alt=\"A 0\" width=\"800\" height=\"600\" srcset=\"https:\/\/www.sabine-seyffert.de\/blog\/wp-content\/uploads\/2016\/02\/A-0.jpg 800w, https:\/\/www.sabine-seyffert.de\/blog\/wp-content\/uploads\/2016\/02\/A-0-300x225.jpg 300w\" sizes=\"auto, (max-width: 800px) 100vw, 800px\" \/><\/a><\/p>\n<p style=\"text-align: justify;\"><strong>So wird\u2019s gemacht:<\/strong><br \/>\nDie Kartoffeln teile ich immer mittig und schneide jede Kartoffelh\u00e4lfte in mehrere, d\u00fcnne Spalten. Hat man die ben\u00f6tigte Menge an Kartoffeln auf diese Weise vorbereitet, gibt man die Gew\u00fcrze dar\u00fcber. Mit Tomatensalz und dem Paprikapulver sollte man nicht zu sparsam sein. Vorausgesetzt man mag es w\u00fcrzig!<\/p>\n<p style=\"text-align: center;\"><a href=\"http:\/\/www.sabine-seyffert.de\/blog\/wp-content\/uploads\/2016\/02\/A-3.jpg\"><img loading=\"lazy\" decoding=\"async\" class=\"alignnone size-full wp-image-6855\" src=\"http:\/\/www.sabine-seyffert.de\/blog\/wp-content\/uploads\/2016\/02\/A-3.jpg\" alt=\"A 3\" width=\"800\" height=\"600\" srcset=\"https:\/\/www.sabine-seyffert.de\/blog\/wp-content\/uploads\/2016\/02\/A-3.jpg 800w, https:\/\/www.sabine-seyffert.de\/blog\/wp-content\/uploads\/2016\/02\/A-3-300x225.jpg 300w\" sizes=\"auto, (max-width: 800px) 100vw, 800px\" \/><\/a><\/p>\n<p style=\"text-align: justify;\">Dann kommt noch frisch gemahlener Pfeffer dar\u00fcber, ein Schuss Sojaso\u00dfe und ein kleines bisschen Sonnenblumen\u00f6l.<\/p>\n<p style=\"text-align: center;\"><a href=\"http:\/\/www.sabine-seyffert.de\/blog\/wp-content\/uploads\/2016\/02\/A-5.jpg\"><img loading=\"lazy\" decoding=\"async\" class=\"alignnone size-full wp-image-6856\" src=\"http:\/\/www.sabine-seyffert.de\/blog\/wp-content\/uploads\/2016\/02\/A-5.jpg\" alt=\"A 5\" width=\"800\" height=\"600\" srcset=\"https:\/\/www.sabine-seyffert.de\/blog\/wp-content\/uploads\/2016\/02\/A-5.jpg 800w, https:\/\/www.sabine-seyffert.de\/blog\/wp-content\/uploads\/2016\/02\/A-5-300x225.jpg 300w\" sizes=\"auto, (max-width: 800px) 100vw, 800px\" \/><\/a><\/p>\n<p style=\"text-align: justify;\">Nun r\u00fchrt man die Kartoffelspalten gut um, so dass sich die Gew\u00fcrze gleichm\u00e4\u00dfig verteilen. Bei Bedarf kann man hier noch etwas nachw\u00fcrzen, bevor man die Kartoffeln dann gleichm\u00e4\u00dfig auf einem mit Backpapier ausgelegtem Backblech verteilt.<\/p>\n<p style=\"text-align: center;\"><a href=\"http:\/\/www.sabine-seyffert.de\/blog\/wp-content\/uploads\/2016\/02\/A-4.jpg\"><img loading=\"lazy\" decoding=\"async\" class=\"alignnone size-full wp-image-6857\" src=\"http:\/\/www.sabine-seyffert.de\/blog\/wp-content\/uploads\/2016\/02\/A-4.jpg\" alt=\"A 4\" width=\"800\" height=\"600\" srcset=\"https:\/\/www.sabine-seyffert.de\/blog\/wp-content\/uploads\/2016\/02\/A-4.jpg 800w, https:\/\/www.sabine-seyffert.de\/blog\/wp-content\/uploads\/2016\/02\/A-4-300x225.jpg 300w\" sizes=\"auto, (max-width: 800px) 100vw, 800px\" \/><\/a><\/p>\n<p style=\"text-align: justify;\"><strong>Ein kleiner Tipp<\/strong>: Nehmt lieber ein Blech mehr, damit die Kartoffeln beim Backen nicht zu dicht liegen. Denn dann werden die Kartoffeln eher weich statt knusprig!<\/p>\n<p style=\"text-align: center;\"><a href=\"http:\/\/www.sabine-seyffert.de\/blog\/wp-content\/uploads\/2016\/02\/A-21.jpg\"><img loading=\"lazy\" decoding=\"async\" class=\"alignnone size-full wp-image-6858\" src=\"http:\/\/www.sabine-seyffert.de\/blog\/wp-content\/uploads\/2016\/02\/A-21.jpg\" alt=\"A 2\" width=\"799\" height=\"600\" srcset=\"https:\/\/www.sabine-seyffert.de\/blog\/wp-content\/uploads\/2016\/02\/A-21.jpg 799w, https:\/\/www.sabine-seyffert.de\/blog\/wp-content\/uploads\/2016\/02\/A-21-300x225.jpg 300w\" sizes=\"auto, (max-width: 799px) 100vw, 799px\" \/><\/a><\/p>\n<p style=\"text-align: justify;\">Bei 200\u00b0 C Grad geht es ab in den Backofen. Die genaue Backzeit ist je nach Ofen unterschiedlich und kommt nat\u00fcrlich auch darauf an, wie d\u00fcnn Ihr die Kartoffeln geschnitten habt. In der Regel sind es um die 45 Minuten. Dennoch solltet Ihr besser ab und zu einen Blick in den Ofen werfen.<\/p>\n<p style=\"text-align: center;\"><a href=\"http:\/\/www.sabine-seyffert.de\/blog\/wp-content\/uploads\/2016\/02\/A-14.jpg\"><img loading=\"lazy\" decoding=\"async\" class=\"alignnone size-full wp-image-6860\" src=\"http:\/\/www.sabine-seyffert.de\/blog\/wp-content\/uploads\/2016\/02\/A-14.jpg\" alt=\"A 1\" width=\"800\" height=\"600\" srcset=\"https:\/\/www.sabine-seyffert.de\/blog\/wp-content\/uploads\/2016\/02\/A-14.jpg 800w, https:\/\/www.sabine-seyffert.de\/blog\/wp-content\/uploads\/2016\/02\/A-14-300x225.jpg 300w\" sizes=\"auto, (max-width: 800px) 100vw, 800px\" \/><\/a><\/p>\n<p style=\"text-align: justify;\">Als Beilage gibt es bei uns meist frischen Salat und einen Dip. Dieser ist ganz fix ger\u00fchrt. Dazu vermengt Ihr einen gro\u00dfen Becher Schmand mit dem Naturjoghurt und schnippelt einen Bund Schnittlauch hinein. Dann schmeckt man den Dip mit etwas Kr\u00e4utersalz und Pfeffer ab. Wer mag kann auch eine kleine Knoblauchzehe hinein pressen.<\/p>\n<p style=\"text-align: justify;\"><a href=\"http:\/\/www.sabine-seyffert.de\/blog\/wp-content\/uploads\/2016\/02\/A.jpg\"><img loading=\"lazy\" decoding=\"async\" class=\"alignnone size-full wp-image-6859\" src=\"http:\/\/www.sabine-seyffert.de\/blog\/wp-content\/uploads\/2016\/02\/A.jpg\" alt=\"A\" width=\"800\" height=\"600\" srcset=\"https:\/\/www.sabine-seyffert.de\/blog\/wp-content\/uploads\/2016\/02\/A.jpg 800w, https:\/\/www.sabine-seyffert.de\/blog\/wp-content\/uploads\/2016\/02\/A-300x225.jpg 300w\" sizes=\"auto, (max-width: 800px) 100vw, 800px\" \/><\/a><\/p>\n<p style=\"text-align: justify;\">Guten Appetit!<\/p>\n<p><a href=\"http:\/\/www.sabine-seyffert.de\/blog\/?page_id=32#urheberrecht\">urheberrechtlich gesch\u00fctzt<\/a>, \u00a9 Sabine Seyffert<\/p>\n","protected":false},"excerpt":{"rendered":"<p>Kartoffeln kommen hier regelm\u00e4\u00dfig auf den Mittagstisch. Besonders gerne als Backkartoffeln in ganz unterschiedlichen Variationen. Diesmal als w\u00fcrzige Country Potatoes vom Blech. Das wird gebraucht: Kartoffeln, Sonnenblumen\u00f6l, etwas Sojaso\u00dfe, rotes Tomatensalz, Paprika edels\u00fc\u00df, Pfeffer sowie 250 gr Schmand, ein Bund Schnittlauch, 100 gr Naturjoghurt, Kr\u00e4utersalz So wird\u2019s gemacht: Die Kartoffeln teile ich immer mittig und&#8230; <a href=\"https:\/\/www.sabine-seyffert.de\/blog\/rezept-fuer-die-familienkueche-selbst-gemachte-backkartoffeln-im-country-style\/\" class=\"more-link\">Read more: Rezept f\u00fcr die Familienk\u00fcche: Selbst gemachte Backkartoffeln im Country Style<\/a><\/p>\n","protected":false},"author":2,"featured_media":6858,"comment_status":"open","ping_status":"open","sticky":false,"template":"","format":"standard","meta":{"_metis_text_type":"","_metis_text_length":1879,"_post_count":0,"footnotes":""},"categories":[30],"tags":[],"class_list":["post-6852","post","type-post","status-publish","format-standard","has-post-thumbnail","hentry","category-rezepte-herzhaft"],"_links":{"self":[{"href":"https:\/\/www.sabine-seyffert.de\/blog\/wp-json\/wp\/v2\/posts\/6852","targetHints":{"allow":["GET"]}}],"collection":[{"href":"https:\/\/www.sabine-seyffert.de\/blog\/wp-json\/wp\/v2\/posts"}],"about":[{"href":"https:\/\/www.sabine-seyffert.de\/blog\/wp-json\/wp\/v2\/types\/post"}],"author":[{"embeddable":true,"href":"https:\/\/www.sabine-seyffert.de\/blog\/wp-json\/wp\/v2\/users\/2"}],"replies":[{"embeddable":true,"href":"https:\/\/www.sabine-seyffert.de\/blog\/wp-json\/wp\/v2\/comments?post=6852"}],"version-history":[{"count":1,"href":"https:\/\/www.sabine-seyffert.de\/blog\/wp-json\/wp\/v2\/posts\/6852\/revisions"}],"predecessor-version":[{"id":6861,"href":"https:\/\/www.sabine-seyffert.de\/blog\/wp-json\/wp\/v2\/posts\/6852\/revisions\/6861"}],"wp:featuredmedia":[{"embeddable":true,"href":"https:\/\/www.sabine-seyffert.de\/blog\/wp-json\/wp\/v2\/media\/6858"}],"wp:attachment":[{"href":"https:\/\/www.sabine-seyffert.de\/blog\/wp-json\/wp\/v2\/media?parent=6852"}],"wp:term":[{"taxonomy":"category","embeddable":true,"href":"https:\/\/www.sabine-seyffert.de\/blog\/wp-json\/wp\/v2\/categories?post=6852"},{"taxonomy":"post_tag","embeddable":true,"href":"https:\/\/www.sabine-seyffert.de\/blog\/wp-json\/wp\/v2\/tags?post=6852"}],"curies":[{"name":"wp","href":"https:\/\/api.w.org\/{rel}","templated":true}]}}