{"id":6834,"date":"2016-02-02T06:41:13","date_gmt":"2016-02-02T04:41:13","guid":{"rendered":"http:\/\/www.sabine-seyffert.de\/blog\/?p=6834"},"modified":"2017-03-02T10:29:25","modified_gmt":"2017-03-02T08:29:25","slug":"karneval-und-ein-passendes-kostuem-gestatten-herr-pfau-stolziert-umher","status":"publish","type":"post","link":"https:\/\/www.sabine-seyffert.de\/blog\/karneval-und-ein-passendes-kostuem-gestatten-herr-pfau-stolziert-umher\/","title":{"rendered":"Karneval und ein passendes Kost\u00fcm: Gestatten, Herr Pfau stolziert umher\u2026"},"content":{"rendered":"<p style=\"text-align: justify;\"><img loading=\"lazy\" decoding=\"async\" src=\"https:\/\/ssl-vg03.met.vgwort.de\/na\/8c24dd774d6848a9a696e330001b47a1\" alt=\"\" width=\"1\" height=\"1\" \/>Meine Tochter wei\u00df in der Regel genau was sie m\u00f6chte. So schwirrte seit langer Zeit der Wunsch herum, dass es beim n\u00e4chsten Karneval ein Pfaukost\u00fcm sein soll. Solch selbst gemachte Kinderkost\u00fcme bewundere ich sehr. Leider geh\u00f6re ich nicht zu denjenigen, die in Frieden mit ihrer N\u00e4hmaschine leben. Es sei denn, es geht darum Papier und Co. zu vern\u00e4hen. Denn dabei rutscht und dehnt sich nix!<\/p>\n<p style=\"text-align: center;\"><a href=\"http:\/\/www.sabine-seyffert.de\/blog\/wp-content\/uploads\/2016\/02\/A-17.jpg\"><img loading=\"lazy\" decoding=\"async\" class=\"alignnone size-full wp-image-6835\" src=\"http:\/\/www.sabine-seyffert.de\/blog\/wp-content\/uploads\/2016\/02\/A-17.jpg\" alt=\"A 17\" width=\"800\" height=\"600\" srcset=\"https:\/\/www.sabine-seyffert.de\/blog\/wp-content\/uploads\/2016\/02\/A-17.jpg 800w, https:\/\/www.sabine-seyffert.de\/blog\/wp-content\/uploads\/2016\/02\/A-17-300x225.jpg 300w\" sizes=\"auto, (max-width: 800px) 100vw, 800px\" \/><\/a><\/p>\n<p style=\"text-align: justify;\">Dennoch wollte ich meiner Tochter den langersehnten Wunsch nicht ausschlagen. Und einen ganz normalen \u201eRock\u201c zu n\u00e4hen, sollte wohl auch mir gelingen, irgendwie\u2026<\/p>\n<p style=\"text-align: center;\"><a href=\"http:\/\/www.sabine-seyffert.de\/blog\/wp-content\/uploads\/2016\/02\/A-12.jpg\"><img loading=\"lazy\" decoding=\"async\" class=\"alignnone size-full wp-image-6836\" src=\"http:\/\/www.sabine-seyffert.de\/blog\/wp-content\/uploads\/2016\/02\/A-12.jpg\" alt=\"A 12\" width=\"600\" height=\"800\" srcset=\"https:\/\/www.sabine-seyffert.de\/blog\/wp-content\/uploads\/2016\/02\/A-12.jpg 600w, https:\/\/www.sabine-seyffert.de\/blog\/wp-content\/uploads\/2016\/02\/A-12-225x300.jpg 225w\" sizes=\"auto, (max-width: 600px) 100vw, 600px\" \/><\/a><\/p>\n<p style=\"text-align: justify;\"><strong>Das wird gebraucht:<\/strong><br \/>\n2 Meter Organzastoff in t\u00fcrkis, 2 Meter T\u00fcll in Petrol, waschbaren Kunstfilz in marine, braun, hellblau und t\u00fcrkis, Schneiderkreide, breiteres Hosengummi, eine Lederschnur in marine, Stecknadeln, N\u00e4hgarn, eine Stoffschere, N\u00e4hmaschine<\/p>\n<p style=\"text-align: center;\"><a href=\"http:\/\/www.sabine-seyffert.de\/blog\/wp-content\/uploads\/2016\/02\/A-13.jpg\"><img loading=\"lazy\" decoding=\"async\" class=\"alignnone size-full wp-image-6837\" src=\"http:\/\/www.sabine-seyffert.de\/blog\/wp-content\/uploads\/2016\/02\/A-13.jpg\" alt=\"A 13\" width=\"600\" height=\"800\" srcset=\"https:\/\/www.sabine-seyffert.de\/blog\/wp-content\/uploads\/2016\/02\/A-13.jpg 600w, https:\/\/www.sabine-seyffert.de\/blog\/wp-content\/uploads\/2016\/02\/A-13-225x300.jpg 225w\" sizes=\"auto, (max-width: 600px) 100vw, 600px\" \/><\/a><\/p>\n<p style=\"text-align: justify;\"><strong>So wird\u2019s gemacht:<\/strong><br \/>\nDen Organzastoff habe ich doppelt gelegt und am oberen Ende zusammen gen\u00e4ht. Anschlie\u00dfend habe ich den T\u00fcll dar\u00fcber gelegt und das obere Ende \u00fcber den Organza nach Innen geklappt und festgesteckt.<\/p>\n<p style=\"text-align: center;\"><a href=\"http:\/\/www.sabine-seyffert.de\/blog\/wp-content\/uploads\/2016\/02\/A-11.jpg\"><img loading=\"lazy\" decoding=\"async\" class=\"alignnone size-full wp-image-6838\" src=\"http:\/\/www.sabine-seyffert.de\/blog\/wp-content\/uploads\/2016\/02\/A-11.jpg\" alt=\"A 11\" width=\"600\" height=\"800\" srcset=\"https:\/\/www.sabine-seyffert.de\/blog\/wp-content\/uploads\/2016\/02\/A-11.jpg 600w, https:\/\/www.sabine-seyffert.de\/blog\/wp-content\/uploads\/2016\/02\/A-11-225x300.jpg 225w\" sizes=\"auto, (max-width: 600px) 100vw, 600px\" \/><\/a><\/p>\n<p style=\"text-align: justify;\">Mit einer einfachen Naht habe ich nun, versetzt zum oberen Rand, eine zweite Naht gesetzt, so dass nicht nur der T\u00fcll fest sitzt, sondern sich durch diesen \u201eTunnel\u201c das Hosengummi ziehen l\u00e4sst.<\/p>\n<p style=\"text-align: center;\"><a href=\"http:\/\/www.sabine-seyffert.de\/blog\/wp-content\/uploads\/2016\/02\/A-10.jpg\"><img loading=\"lazy\" decoding=\"async\" class=\"alignnone size-full wp-image-6839\" src=\"http:\/\/www.sabine-seyffert.de\/blog\/wp-content\/uploads\/2016\/02\/A-10.jpg\" alt=\"A 10\" width=\"600\" height=\"800\" srcset=\"https:\/\/www.sabine-seyffert.de\/blog\/wp-content\/uploads\/2016\/02\/A-10.jpg 600w, https:\/\/www.sabine-seyffert.de\/blog\/wp-content\/uploads\/2016\/02\/A-10-225x300.jpg 225w\" sizes=\"auto, (max-width: 600px) 100vw, 600px\" \/><\/a><\/p>\n<p style=\"text-align: justify;\">Doch bevor ich das Gummi eingezogen und den Rock gerafft habe, ging es an den Federschmuck des Herrn Pfau. Hierf\u00fcr habe ich mich ein <a href=\"https:\/\/de.wikipedia.org\/wiki\/Blauer_Pfau\" target=\"_blank\">Detailfoto einer Pfauenfeder<\/a> angeschaut und etliche, etwa 15 cm gro\u00dfe \u201eFedern\u201c aus dem Kunstfilz geschnitten und anschlie\u00dfend in einzelnen Schichten \u00fcbereinander gen\u00e4ht. Das ist wirklich einfach, aber recht zeitintensiv.<\/p>\n<p style=\"text-align: center;\"><a href=\"http:\/\/www.sabine-seyffert.de\/blog\/wp-content\/uploads\/2016\/02\/Kette.jpg\"><img loading=\"lazy\" decoding=\"async\" class=\"alignnone size-full wp-image-6840\" src=\"http:\/\/www.sabine-seyffert.de\/blog\/wp-content\/uploads\/2016\/02\/Kette.jpg\" alt=\"Kette\" width=\"800\" height=\"600\" srcset=\"https:\/\/www.sabine-seyffert.de\/blog\/wp-content\/uploads\/2016\/02\/Kette.jpg 800w, https:\/\/www.sabine-seyffert.de\/blog\/wp-content\/uploads\/2016\/02\/Kette-300x225.jpg 300w\" sizes=\"auto, (max-width: 800px) 100vw, 800px\" \/><\/a><\/p>\n<p style=\"text-align: justify;\">Die gen\u00e4hten Pfauenfedern habe ich auf die R\u00fcckseite des Rocks gelegt und dann mit Stecknadeln festgesteckt, damit nichts mehr verrutscht. Ebenso auf der vorderen Seite. Diese habe ich dann am Rand auf die T\u00fcllschicht gen\u00e4ht.<\/p>\n<p style=\"text-align: center;\"><a href=\"http:\/\/www.sabine-seyffert.de\/blog\/wp-content\/uploads\/2016\/02\/A-1.jpg\"><img loading=\"lazy\" decoding=\"async\" class=\"alignnone size-full wp-image-6841\" src=\"http:\/\/www.sabine-seyffert.de\/blog\/wp-content\/uploads\/2016\/02\/A-1.jpg\" alt=\"A 1\" width=\"800\" height=\"600\" srcset=\"https:\/\/www.sabine-seyffert.de\/blog\/wp-content\/uploads\/2016\/02\/A-1.jpg 800w, https:\/\/www.sabine-seyffert.de\/blog\/wp-content\/uploads\/2016\/02\/A-1-300x225.jpg 300w\" sizes=\"auto, (max-width: 800px) 100vw, 800px\" \/><\/a><\/p>\n<p style=\"text-align: justify;\">Den T\u00fcll habe ich nun meinen Vorstellungen entsprechend auf der Vorderseite gek\u00fcrzt und hinten spitz zugeschnitten. Anschlie\u00dfend das Gummi im Bund eingezogen und zusammengen\u00e4ht.<\/p>\n<p style=\"text-align: center;\"><a href=\"http:\/\/www.sabine-seyffert.de\/blog\/wp-content\/uploads\/2016\/02\/A-2.jpg\"><img loading=\"lazy\" decoding=\"async\" class=\"alignnone size-full wp-image-6842\" src=\"http:\/\/www.sabine-seyffert.de\/blog\/wp-content\/uploads\/2016\/02\/A-2.jpg\" alt=\"A 2\" width=\"800\" height=\"600\" srcset=\"https:\/\/www.sabine-seyffert.de\/blog\/wp-content\/uploads\/2016\/02\/A-2.jpg 800w, https:\/\/www.sabine-seyffert.de\/blog\/wp-content\/uploads\/2016\/02\/A-2-300x225.jpg 300w\" sizes=\"auto, (max-width: 800px) 100vw, 800px\" \/><\/a><\/p>\n<p style=\"text-align: justify;\">Damit der Pfau auch Obenherum geschm\u00fcckt ist, habe ich aus einem Lederb\u00e4ndel und drei doppellagigen Pfauenfedern noch eine Kette gen\u00e4ht sowie allerhand kleine Federn als Kopfschmuck. Jetzt kann Karneval kommen \ud83d\ude42<\/p>\n<p style=\"text-align: center;\"><a href=\"http:\/\/www.sabine-seyffert.de\/blog\/wp-content\/uploads\/2016\/02\/A-8.jpg\"><img loading=\"lazy\" decoding=\"async\" class=\"alignnone size-full wp-image-6843\" src=\"http:\/\/www.sabine-seyffert.de\/blog\/wp-content\/uploads\/2016\/02\/A-8.jpg\" alt=\"A 8\" width=\"600\" height=\"800\" srcset=\"https:\/\/www.sabine-seyffert.de\/blog\/wp-content\/uploads\/2016\/02\/A-8.jpg 600w, https:\/\/www.sabine-seyffert.de\/blog\/wp-content\/uploads\/2016\/02\/A-8-225x300.jpg 225w\" sizes=\"auto, (max-width: 600px) 100vw, 600px\" \/><\/a><\/p>\n<p style=\"text-align: justify;\">Weitere Ideen zum Karneval findet Ihr \u00fcbrigens <a href=\"http:\/\/www.sabine-seyffert.de\/blog\/?cat=26\" target=\"_blank\">hier<\/a>, alles f\u00fcr Kinderfeste in <a href=\"http:\/\/www.sabine-seyffert.de\/blog\/?cat=21\" target=\"_blank\">dieser Rubrik<\/a> und andere kreative Dinge tummeln sich <a href=\"http:\/\/www.creadienstag.de\/2016\/01\/213.html\" target=\"_blank\">da<\/a> und auch <a href=\"http:\/\/kiddikram.blogspot.de\/\" target=\"_blank\">dort<\/a>.<\/p>\n<p style=\"text-align: center;\"><a href=\"http:\/\/www.sabine-seyffert.de\/blog\/wp-content\/uploads\/2016\/02\/Klammern.jpg\"><img loading=\"lazy\" decoding=\"async\" class=\"alignnone size-full wp-image-6844\" src=\"http:\/\/www.sabine-seyffert.de\/blog\/wp-content\/uploads\/2016\/02\/Klammern.jpg\" alt=\"Klammern\" width=\"800\" height=\"600\" srcset=\"https:\/\/www.sabine-seyffert.de\/blog\/wp-content\/uploads\/2016\/02\/Klammern.jpg 800w, https:\/\/www.sabine-seyffert.de\/blog\/wp-content\/uploads\/2016\/02\/Klammern-300x225.jpg 300w\" sizes=\"auto, (max-width: 800px) 100vw, 800px\" \/><\/a><\/p>\n<p><a href=\"http:\/\/www.sabine-seyffert.de\/blog\/?page_id=32#urheberrecht\">urheberrechtlich gesch\u00fctzt<\/a>, \u00a9 Sabine Seyffert<\/p>\n","protected":false},"excerpt":{"rendered":"<p>Meine Tochter wei\u00df in der Regel genau was sie m\u00f6chte. So schwirrte seit langer Zeit der Wunsch herum, dass es beim n\u00e4chsten Karneval ein Pfaukost\u00fcm sein soll. Solch selbst gemachte Kinderkost\u00fcme bewundere ich sehr. Leider geh\u00f6re ich nicht zu denjenigen, die in Frieden mit ihrer N\u00e4hmaschine leben. Es sei denn, es geht darum Papier und&#8230; <a href=\"https:\/\/www.sabine-seyffert.de\/blog\/karneval-und-ein-passendes-kostuem-gestatten-herr-pfau-stolziert-umher\/\" class=\"more-link\">Read more: Karneval und ein passendes Kost\u00fcm: Gestatten, Herr Pfau stolziert umher\u2026<\/a><\/p>\n","protected":false},"author":2,"featured_media":0,"comment_status":"open","ping_status":"open","sticky":false,"template":"","format":"standard","meta":{"_metis_text_type":"","_metis_text_length":2382,"_post_count":0,"footnotes":""},"categories":[26,21,33],"tags":[],"class_list":["post-6834","post","type-post","status-publish","format-standard","hentry","category-karneval","category-kinderfeste-partys","category-kreative-naherein"],"_links":{"self":[{"href":"https:\/\/www.sabine-seyffert.de\/blog\/wp-json\/wp\/v2\/posts\/6834","targetHints":{"allow":["GET"]}}],"collection":[{"href":"https:\/\/www.sabine-seyffert.de\/blog\/wp-json\/wp\/v2\/posts"}],"about":[{"href":"https:\/\/www.sabine-seyffert.de\/blog\/wp-json\/wp\/v2\/types\/post"}],"author":[{"embeddable":true,"href":"https:\/\/www.sabine-seyffert.de\/blog\/wp-json\/wp\/v2\/users\/2"}],"replies":[{"embeddable":true,"href":"https:\/\/www.sabine-seyffert.de\/blog\/wp-json\/wp\/v2\/comments?post=6834"}],"version-history":[{"count":8,"href":"https:\/\/www.sabine-seyffert.de\/blog\/wp-json\/wp\/v2\/posts\/6834\/revisions"}],"predecessor-version":[{"id":9660,"href":"https:\/\/www.sabine-seyffert.de\/blog\/wp-json\/wp\/v2\/posts\/6834\/revisions\/9660"}],"wp:attachment":[{"href":"https:\/\/www.sabine-seyffert.de\/blog\/wp-json\/wp\/v2\/media?parent=6834"}],"wp:term":[{"taxonomy":"category","embeddable":true,"href":"https:\/\/www.sabine-seyffert.de\/blog\/wp-json\/wp\/v2\/categories?post=6834"},{"taxonomy":"post_tag","embeddable":true,"href":"https:\/\/www.sabine-seyffert.de\/blog\/wp-json\/wp\/v2\/tags?post=6834"}],"curies":[{"name":"wp","href":"https:\/\/api.w.org\/{rel}","templated":true}]}}