{"id":6737,"date":"2016-01-12T06:43:56","date_gmt":"2016-01-12T04:43:56","guid":{"rendered":"http:\/\/www.sabine-seyffert.de\/blog\/?p=6737"},"modified":"2022-12-06T10:58:25","modified_gmt":"2022-12-06T08:58:25","slug":"verpackungsidee-geschenke-stimmungsvoll-und-ganz-winterlich-schoen-verpackt","status":"publish","type":"post","link":"https:\/\/www.sabine-seyffert.de\/blog\/verpackungsidee-geschenke-stimmungsvoll-und-ganz-winterlich-schoen-verpackt\/","title":{"rendered":"Verpackungsidee: Geschenke stimmungsvoll und ganz winterlich sch\u00f6n verpackt!"},"content":{"rendered":"<p style=\"text-align: justify;\">\n<p style=\"text-align: justify;\"><img loading=\"lazy\" decoding=\"async\" src=\"https:\/\/ssl-vg03.met.vgwort.de\/na\/ff876fae1ee54efdbe9cd1115a452565\" alt=\"\" width=\"1\" height=\"1\" \/>Weihnachten ist zwar vorbei, aber dennoch gibt es auch danach verschiedene Anl\u00e4sse f\u00fcr Geschenke. So beispielsweise ein Geburtstag. Und zu diesem gab es nat\u00fcrlich auch ein Pr\u00e4sent, das verpackt werden wollte. Wie sch\u00f6n, dass man in den Ferien genug Zeit hat sich kreativ auszutoben. Daher habe ich das Geburtstagsgeschenk ganz winterlich verpackt und m\u00f6chte Euch diese Verpackungsidee hier gerne zeigen.<\/p>\n<p style=\"text-align: center;\"><a href=\"http:\/\/www.sabine-seyffert.de\/blog\/wp-content\/uploads\/2016\/01\/A-12.jpg\"><img loading=\"lazy\" decoding=\"async\" class=\"alignnone size-full wp-image-6742\" src=\"http:\/\/www.sabine-seyffert.de\/blog\/wp-content\/uploads\/2016\/01\/A-12.jpg\" alt=\"A 12\" width=\"800\" height=\"600\" srcset=\"https:\/\/www.sabine-seyffert.de\/blog\/wp-content\/uploads\/2016\/01\/A-12.jpg 800w, https:\/\/www.sabine-seyffert.de\/blog\/wp-content\/uploads\/2016\/01\/A-12-300x225.jpg 300w\" sizes=\"auto, (max-width: 800px) 100vw, 800px\" \/><\/a><\/p>\n<p style=\"text-align: justify;\"><strong>Das wird gebraucht:<\/strong><br \/>\nNaturbraunes Packpapier, 1 Blatt uni wei\u00dfes Papier, eine Schere, Bleistift, wei\u00dfer Lackmalstift, Buchstabenstempel, Mini Stempelkissen in wei\u00df, Watte, Zeitungspapier, Klebstoff, Deckwei\u00df, d\u00fcnne Zweige, ein St\u00fcck d\u00fcnne Kordel, Hei\u00dfklebepistole samt Patrone<\/p>\n<p style=\"text-align: center;\"><a href=\"http:\/\/www.sabine-seyffert.de\/blog\/wp-content\/uploads\/2016\/01\/A-11.jpg\"><img loading=\"lazy\" decoding=\"async\" class=\"alignnone size-full wp-image-6743\" src=\"http:\/\/www.sabine-seyffert.de\/blog\/wp-content\/uploads\/2016\/01\/A-11.jpg\" alt=\"A 11\" width=\"800\" height=\"600\" srcset=\"https:\/\/www.sabine-seyffert.de\/blog\/wp-content\/uploads\/2016\/01\/A-11.jpg 800w, https:\/\/www.sabine-seyffert.de\/blog\/wp-content\/uploads\/2016\/01\/A-11-300x225.jpg 300w\" sizes=\"auto, (max-width: 800px) 100vw, 800px\" \/><\/a><\/p>\n<p style=\"text-align: justify;\"><strong>So wird\u2019s gemacht:<\/strong><br \/>\nDas Geschenk habe ich wie so oft in braunes Packpapier gesteckt. Dieses habe ich dann in eine kleine Winterlandschaft verwandelt. Mit Hilfe des Bleistifts habe ich mir auf dem wei\u00dfen Papier einen Baumstamm samt \u00c4sten gezeichnet und ausgeschnitten.<\/p>\n<p style=\"text-align: center;\"><a href=\"http:\/\/www.sabine-seyffert.de\/blog\/wp-content\/uploads\/2016\/01\/A-101.jpg\"><img loading=\"lazy\" decoding=\"async\" class=\"alignnone size-full wp-image-6744\" src=\"http:\/\/www.sabine-seyffert.de\/blog\/wp-content\/uploads\/2016\/01\/A-101.jpg\" alt=\"A 10\" width=\"800\" height=\"600\" srcset=\"https:\/\/www.sabine-seyffert.de\/blog\/wp-content\/uploads\/2016\/01\/A-101.jpg 800w, https:\/\/www.sabine-seyffert.de\/blog\/wp-content\/uploads\/2016\/01\/A-101-300x225.jpg 300w\" sizes=\"auto, (max-width: 800px) 100vw, 800px\" \/><\/a><\/p>\n<p style=\"text-align: justify;\">Auch \u201esolo\u201c und winterlich kahl macht der Baum schon eine prima Figur auf dem Geschenk.<\/p>\n<p style=\"text-align: center;\"><a href=\"http:\/\/www.sabine-seyffert.de\/blog\/wp-content\/uploads\/2016\/01\/A-9.jpg\"><img loading=\"lazy\" decoding=\"async\" class=\"alignnone size-full wp-image-6745\" src=\"http:\/\/www.sabine-seyffert.de\/blog\/wp-content\/uploads\/2016\/01\/A-9.jpg\" alt=\"A 9\" width=\"600\" height=\"800\" srcset=\"https:\/\/www.sabine-seyffert.de\/blog\/wp-content\/uploads\/2016\/01\/A-9.jpg 600w, https:\/\/www.sabine-seyffert.de\/blog\/wp-content\/uploads\/2016\/01\/A-9-225x300.jpg 225w\" sizes=\"auto, (max-width: 600px) 100vw, 600px\" \/><\/a><\/p>\n<p style=\"text-align: justify;\">Auf ein St\u00fcck Zeitung habe ich mit einem kleinen Klecks Deckwei\u00df und Pinsel dr\u00fcber gemalt, so dass die Schrift noch durchschimmert. Alternativ kann man auch eine Buchseite verwenden.<\/p>\n<p style=\"text-align: center;\"><a href=\"http:\/\/www.sabine-seyffert.de\/blog\/wp-content\/uploads\/2016\/01\/A-81.jpg\"><img loading=\"lazy\" decoding=\"async\" class=\"alignnone size-full wp-image-6746\" src=\"http:\/\/www.sabine-seyffert.de\/blog\/wp-content\/uploads\/2016\/01\/A-81.jpg\" alt=\"A 8\" width=\"800\" height=\"600\" srcset=\"https:\/\/www.sabine-seyffert.de\/blog\/wp-content\/uploads\/2016\/01\/A-81.jpg 800w, https:\/\/www.sabine-seyffert.de\/blog\/wp-content\/uploads\/2016\/01\/A-81-300x225.jpg 300w\" sizes=\"auto, (max-width: 800px) 100vw, 800px\" \/><\/a><\/p>\n<p style=\"text-align: justify;\">Daraus habe ich per Hand einen Schneemann geschnitten und diesen mit Kn\u00f6pfen am Bauch, Hut und Gesicht versch\u00f6nert. Au\u00dferdem habe ich kurzerhand aus ein paar Mini Zweigen einen kleinen Besen gebastelt.<\/p>\n<p style=\"text-align: center;\"><a href=\"http:\/\/www.sabine-seyffert.de\/blog\/wp-content\/uploads\/2016\/01\/A-71.jpg\"><img loading=\"lazy\" decoding=\"async\" class=\"alignnone size-full wp-image-6747\" src=\"http:\/\/www.sabine-seyffert.de\/blog\/wp-content\/uploads\/2016\/01\/A-71.jpg\" alt=\"A 7\" width=\"800\" height=\"600\" srcset=\"https:\/\/www.sabine-seyffert.de\/blog\/wp-content\/uploads\/2016\/01\/A-71.jpg 800w, https:\/\/www.sabine-seyffert.de\/blog\/wp-content\/uploads\/2016\/01\/A-71-300x225.jpg 300w\" sizes=\"auto, (max-width: 800px) 100vw, 800px\" \/><\/a><\/p>\n<p style=\"text-align: justify;\">Dazu braucht man einen l\u00e4ngeren Stiel und schneidet dann circa 6 kleine St\u00fccke aus dem restlichen Zweig, die man mit Hilfe von Kordel an dem langen Zweig festbindet. Damit der Besen beim Schneemann auch wirklich h\u00e4lt, habe ich diesen mit Hei\u00dfkleber befestigt.<\/p>\n<p style=\"text-align: center;\"><a href=\"http:\/\/www.sabine-seyffert.de\/blog\/wp-content\/uploads\/2016\/01\/A-6.jpg\"><img loading=\"lazy\" decoding=\"async\" class=\"alignnone size-full wp-image-6748\" src=\"http:\/\/www.sabine-seyffert.de\/blog\/wp-content\/uploads\/2016\/01\/A-6.jpg\" alt=\"A 6\" width=\"800\" height=\"600\" srcset=\"https:\/\/www.sabine-seyffert.de\/blog\/wp-content\/uploads\/2016\/01\/A-6.jpg 800w, https:\/\/www.sabine-seyffert.de\/blog\/wp-content\/uploads\/2016\/01\/A-6-300x225.jpg 300w\" sizes=\"auto, (max-width: 800px) 100vw, 800px\" \/><\/a><\/p>\n<p style=\"text-align: justify;\">Zwischen die Baum\u00e4ste habe ich den Namen des Geburtstagskindes gestempelt, die Buchstaben mit Mini P\u00fcnktchen versch\u00f6nert und an gemalte Schn\u00fcre an den Ast gebunden. So \u201ebaumelt\u201c der Name nun vom Baum herab und schm\u00fcckt die winterlich kahle Baumkrone.<\/p>\n<p style=\"text-align: center;\"><a href=\"http:\/\/www.sabine-seyffert.de\/blog\/wp-content\/uploads\/2016\/01\/A-21.jpg\"><img loading=\"lazy\" decoding=\"async\" class=\"alignnone size-full wp-image-6750\" src=\"http:\/\/www.sabine-seyffert.de\/blog\/wp-content\/uploads\/2016\/01\/A-21.jpg\" alt=\"A 2\" width=\"600\" height=\"800\" srcset=\"https:\/\/www.sabine-seyffert.de\/blog\/wp-content\/uploads\/2016\/01\/A-21.jpg 600w, https:\/\/www.sabine-seyffert.de\/blog\/wp-content\/uploads\/2016\/01\/A-21-225x300.jpg 225w\" sizes=\"auto, (max-width: 600px) 100vw, 600px\" \/><\/a><\/p>\n<p style=\"text-align: justify;\">Damit es noch winterlicher wird habe ich mit dem Lackmalstift Schneeflocken auf dem gesamten Geschenk verteilt und auf den unteren Rand etwas Watte als Schneeschicht geklebt.<\/p>\n<p style=\"text-align: center;\"><a href=\"http:\/\/www.sabine-seyffert.de\/blog\/wp-content\/uploads\/2016\/01\/A-51.jpg\"><img loading=\"lazy\" decoding=\"async\" class=\"alignnone size-full wp-image-6751\" src=\"http:\/\/www.sabine-seyffert.de\/blog\/wp-content\/uploads\/2016\/01\/A-51.jpg\" alt=\"A 5\" width=\"600\" height=\"800\" srcset=\"https:\/\/www.sabine-seyffert.de\/blog\/wp-content\/uploads\/2016\/01\/A-51.jpg 600w, https:\/\/www.sabine-seyffert.de\/blog\/wp-content\/uploads\/2016\/01\/A-51-225x300.jpg 225w\" sizes=\"auto, (max-width: 600px) 100vw, 600px\" \/><\/a><\/p>\n<p style=\"text-align: justify;\">Eine handvoll ausgestanzter Schneeflocken haben sich noch dazu gesellt, k\u00f6nnen bei Bedarf aber auch per Hand gezeichnet werden.<\/p>\n<p style=\"text-align: center;\"><a href=\"http:\/\/www.sabine-seyffert.de\/blog\/wp-content\/uploads\/2016\/01\/A-41.jpg\"><img loading=\"lazy\" decoding=\"async\" class=\"alignnone size-full wp-image-6752\" src=\"http:\/\/www.sabine-seyffert.de\/blog\/wp-content\/uploads\/2016\/01\/A-41.jpg\" alt=\"A 4\" width=\"600\" height=\"800\" srcset=\"https:\/\/www.sabine-seyffert.de\/blog\/wp-content\/uploads\/2016\/01\/A-41.jpg 600w, https:\/\/www.sabine-seyffert.de\/blog\/wp-content\/uploads\/2016\/01\/A-41-225x300.jpg 225w\" sizes=\"auto, (max-width: 600px) 100vw, 600px\" \/><\/a><\/p>\n<p style=\"text-align: justify;\">Weitere Verpackungsideen findet Ihr in <a href=\"http:\/\/www.sabine-seyffert.de\/blog\/?cat=49\" target=\"_blank\" rel=\"noopener\">dieser ganz neuen Rubrik<\/a> und andere kreative Dinge tummeln sich <a href=\"http:\/\/www.creadienstag.de\/2016\/01\/210.html\" target=\"_blank\" rel=\"noopener\">hier<\/a> und auch an <a href=\"http:\/\/kiddikram.blogspot.de\/\" target=\"_blank\" rel=\"noopener\">dieser<\/a> Stelle.<\/p>\n<p style=\"text-align: justify;\"><a href=\"http:\/\/www.sabine-seyffert.de\/blog\/?page_id=32#urheberrecht\">urheberrechtlich gesch\u00fctzt<\/a>, \u00a9 Sabine Seyffert<\/p>\n","protected":false},"excerpt":{"rendered":"<p>Weihnachten ist zwar vorbei, aber dennoch gibt es auch danach verschiedene Anl\u00e4sse f\u00fcr Geschenke. So beispielsweise ein Geburtstag. Und zu diesem gab es nat\u00fcrlich auch ein Pr\u00e4sent, das verpackt werden wollte. Wie sch\u00f6n, dass man in den Ferien genug Zeit hat sich kreativ auszutoben. Daher habe ich das Geburtstagsgeschenk ganz winterlich verpackt und m\u00f6chte Euch&#8230; <a href=\"https:\/\/www.sabine-seyffert.de\/blog\/verpackungsidee-geschenke-stimmungsvoll-und-ganz-winterlich-schoen-verpackt\/\" class=\"more-link\">Read more: Verpackungsidee: Geschenke stimmungsvoll und ganz winterlich sch\u00f6n verpackt!<\/a><\/p>\n","protected":false},"author":2,"featured_media":6748,"comment_status":"open","ping_status":"open","sticky":false,"template":"","format":"standard","meta":{"_metis_text_type":"","_metis_text_length":2414,"_post_count":0,"footnotes":""},"categories":[49,22],"tags":[],"class_list":["post-6737","post","type-post","status-publish","format-standard","has-post-thumbnail","hentry","category-verpackungsideen","category-winter"],"_links":{"self":[{"href":"https:\/\/www.sabine-seyffert.de\/blog\/wp-json\/wp\/v2\/posts\/6737","targetHints":{"allow":["GET"]}}],"collection":[{"href":"https:\/\/www.sabine-seyffert.de\/blog\/wp-json\/wp\/v2\/posts"}],"about":[{"href":"https:\/\/www.sabine-seyffert.de\/blog\/wp-json\/wp\/v2\/types\/post"}],"author":[{"embeddable":true,"href":"https:\/\/www.sabine-seyffert.de\/blog\/wp-json\/wp\/v2\/users\/2"}],"replies":[{"embeddable":true,"href":"https:\/\/www.sabine-seyffert.de\/blog\/wp-json\/wp\/v2\/comments?post=6737"}],"version-history":[{"count":4,"href":"https:\/\/www.sabine-seyffert.de\/blog\/wp-json\/wp\/v2\/posts\/6737\/revisions"}],"predecessor-version":[{"id":24702,"href":"https:\/\/www.sabine-seyffert.de\/blog\/wp-json\/wp\/v2\/posts\/6737\/revisions\/24702"}],"wp:featuredmedia":[{"embeddable":true,"href":"https:\/\/www.sabine-seyffert.de\/blog\/wp-json\/wp\/v2\/media\/6748"}],"wp:attachment":[{"href":"https:\/\/www.sabine-seyffert.de\/blog\/wp-json\/wp\/v2\/media?parent=6737"}],"wp:term":[{"taxonomy":"category","embeddable":true,"href":"https:\/\/www.sabine-seyffert.de\/blog\/wp-json\/wp\/v2\/categories?post=6737"},{"taxonomy":"post_tag","embeddable":true,"href":"https:\/\/www.sabine-seyffert.de\/blog\/wp-json\/wp\/v2\/tags?post=6737"}],"curies":[{"name":"wp","href":"https:\/\/api.w.org\/{rel}","templated":true}]}}