{"id":6727,"date":"2016-01-08T11:21:21","date_gmt":"2016-01-08T09:21:21","guid":{"rendered":"http:\/\/www.sabine-seyffert.de\/blog\/?p=6727"},"modified":"2017-03-02T10:39:19","modified_gmt":"2017-03-02T08:39:19","slug":"koestlicher-nachtisch-mit-kirschen-vegan-und-blitzschnell-gemacht","status":"publish","type":"post","link":"https:\/\/www.sabine-seyffert.de\/blog\/koestlicher-nachtisch-mit-kirschen-vegan-und-blitzschnell-gemacht\/","title":{"rendered":"K\u00f6stlicher Nachtisch mit Kirschen \u2013 vegan und blitzschnell gemacht"},"content":{"rendered":"<p style=\"text-align: justify;\"><img loading=\"lazy\" decoding=\"async\" src=\"https:\/\/ssl-vg03.met.vgwort.de\/na\/a3ccf7feb74f4f16a9ee6a1a02e6cb4f\" alt=\"\" width=\"1\" height=\"1\" \/>Die Ferien sind vorbei. Um uns in den Start in den Alltag zu vers\u00fc\u00dfen gab es Nachtisch. Den gibt es bei uns n\u00e4mlich eher selten. Wie praktisch, dass noch ein Schwung an tiefgefrorenen Kirschen \u00fcbrig war, die \u00fcber Nacht im K\u00fchlschrank aufgetaut waren und dringend verarbeitet werden mussten. Da es bei uns meist flott gehen muss und ich zudem ungern nach Rezept Dinge zubereite, habe ich mir mal wieder selbst eine leckere Nachspeise ausgedacht. Die ist wirklich schnell gemacht ist und au\u00dferdem werden nur wenige Zutaten gebraucht, die sich leicht beschaffen lassen \ud83d\ude42<\/p>\n<p style=\"text-align: center;\"><a href=\"http:\/\/www.sabine-seyffert.de\/blog\/wp-content\/uploads\/2016\/01\/B-2.jpg\"><img loading=\"lazy\" decoding=\"async\" class=\"alignnone size-full wp-image-6728\" src=\"http:\/\/www.sabine-seyffert.de\/blog\/wp-content\/uploads\/2016\/01\/B-2.jpg\" alt=\"B 2\" width=\"800\" height=\"600\" srcset=\"https:\/\/www.sabine-seyffert.de\/blog\/wp-content\/uploads\/2016\/01\/B-2.jpg 800w, https:\/\/www.sabine-seyffert.de\/blog\/wp-content\/uploads\/2016\/01\/B-2-300x225.jpg 300w\" sizes=\"auto, (max-width: 800px) 100vw, 800px\" \/><\/a><\/p>\n<p style=\"text-align: justify;\"><strong>Das wird gebraucht:<\/strong><br \/>\n500 gr Kirschen (in meinem Fall tiefgek\u00fchlt und aufgetaut), 500 gr Sojajoghurt \u201eNatur\u201c, 100 bzw. 150 gr Zucker, 1 Vanilleschote, 2 Riegel dunkle und vegane Schokolade, kleine Einmachgl\u00e4ser mit Deckel<\/p>\n<p style=\"text-align: center;\"><a href=\"http:\/\/www.sabine-seyffert.de\/blog\/wp-content\/uploads\/2016\/01\/B-1.jpg\"><img loading=\"lazy\" decoding=\"async\" class=\"alignnone size-full wp-image-6729\" src=\"http:\/\/www.sabine-seyffert.de\/blog\/wp-content\/uploads\/2016\/01\/B-1.jpg\" alt=\"B 1\" width=\"800\" height=\"600\" srcset=\"https:\/\/www.sabine-seyffert.de\/blog\/wp-content\/uploads\/2016\/01\/B-1.jpg 800w, https:\/\/www.sabine-seyffert.de\/blog\/wp-content\/uploads\/2016\/01\/B-1-300x225.jpg 300w\" sizes=\"auto, (max-width: 800px) 100vw, 800px\" \/><\/a><\/p>\n<p style=\"text-align: justify;\"><strong>So wird\u2019s gemacht:<\/strong><br \/>\nDie Menge der Kirschen habe ich \u201ehalbiert\u201c und eine der beiden Obsth\u00e4lften mit dem P\u00fcrierstab sowie etwa 50 gr Zucker ganz fein p\u00fcriert.<\/p>\n<p style=\"text-align: center;\"><a href=\"http:\/\/www.sabine-seyffert.de\/blog\/wp-content\/uploads\/2016\/01\/B-3.jpg\"><img loading=\"lazy\" decoding=\"async\" class=\"alignnone size-full wp-image-6730\" src=\"http:\/\/www.sabine-seyffert.de\/blog\/wp-content\/uploads\/2016\/01\/B-3.jpg\" alt=\"B 3\" width=\"800\" height=\"578\" srcset=\"https:\/\/www.sabine-seyffert.de\/blog\/wp-content\/uploads\/2016\/01\/B-3.jpg 800w, https:\/\/www.sabine-seyffert.de\/blog\/wp-content\/uploads\/2016\/01\/B-3-300x217.jpg 300w\" sizes=\"auto, (max-width: 800px) 100vw, 800px\" \/><\/a><\/p>\n<p style=\"text-align: justify;\">In einer zweiten Sch\u00fcssel habe ich den Naturjoghurt mit der restlichen Menge Zucker verr\u00fchrt. Wer dies gerne m\u00f6chte, kann die Joghurtmasse verfeinern, in dem man das Mark einer aufgeschnittenen Vanilleschote dazu gibt und gleichm\u00e4\u00dfig unterr\u00fchrt. Dies ist aber kein Muss, es schmeckt auch ohne. Alternativ kann man stattdessen auch ein P\u00e4ckchen Vanillezucker verwenden.<\/p>\n<p style=\"text-align: center;\"><a href=\"http:\/\/www.sabine-seyffert.de\/blog\/wp-content\/uploads\/2016\/01\/B-5.jpg\"><img loading=\"lazy\" decoding=\"async\" class=\"alignnone size-full wp-image-6731\" src=\"http:\/\/www.sabine-seyffert.de\/blog\/wp-content\/uploads\/2016\/01\/B-5.jpg\" alt=\"B 5\" width=\"800\" height=\"600\" srcset=\"https:\/\/www.sabine-seyffert.de\/blog\/wp-content\/uploads\/2016\/01\/B-5.jpg 800w, https:\/\/www.sabine-seyffert.de\/blog\/wp-content\/uploads\/2016\/01\/B-5-300x225.jpg 300w\" sizes=\"auto, (max-width: 800px) 100vw, 800px\" \/><\/a><\/p>\n<p style=\"text-align: justify;\">Weil es netter ausschaut, habe ich meinen Nachtisch in kleine Einmachgl\u00e4ser mit Deckel gef\u00fcllt. Hierin l\u00e4sst sich dieser fruchtige Dessert kann prima schichten und man kann ihn zudem wunderbar aufbewahren, falls nicht alles sofort gegessen wird \ud83d\ude09<\/p>\n<p style=\"text-align: center;\"><a href=\"http:\/\/www.sabine-seyffert.de\/blog\/wp-content\/uploads\/2016\/01\/B-8.jpg\"><img loading=\"lazy\" decoding=\"async\" class=\"alignnone size-full wp-image-6732\" src=\"http:\/\/www.sabine-seyffert.de\/blog\/wp-content\/uploads\/2016\/01\/B-8.jpg\" alt=\"B 8\" width=\"800\" height=\"600\" srcset=\"https:\/\/www.sabine-seyffert.de\/blog\/wp-content\/uploads\/2016\/01\/B-8.jpg 800w, https:\/\/www.sabine-seyffert.de\/blog\/wp-content\/uploads\/2016\/01\/B-8-300x225.jpg 300w\" sizes=\"auto, (max-width: 800px) 100vw, 800px\" \/><\/a><\/p>\n<p style=\"text-align: justify;\">Zuerst habe ich eine handvoll Kirschen in die Gl\u00e4ser gef\u00fcllt und dar\u00fcber 2 Essl\u00f6ffel des Kirschbreies gegeben. Anschlie\u00dfend kommt eine Schicht Joghurt, bevor es mit der Kirschschicht wieder von Vorne beginnt. Oben als Topping habe ich etwas klein gehackte Schokolade \u00fcber den Kirschjoghurt gef\u00fcllt. Ich fand es optisch einfach sch\u00f6n und das Auge isst ja bekanntlich mit.<\/p>\n<p style=\"text-align: center;\"><a href=\"http:\/\/www.sabine-seyffert.de\/blog\/wp-content\/uploads\/2016\/01\/B-6.jpg\"><img loading=\"lazy\" decoding=\"async\" class=\"alignnone size-full wp-image-6733\" src=\"http:\/\/www.sabine-seyffert.de\/blog\/wp-content\/uploads\/2016\/01\/B-6.jpg\" alt=\"B 6\" width=\"800\" height=\"600\" srcset=\"https:\/\/www.sabine-seyffert.de\/blog\/wp-content\/uploads\/2016\/01\/B-6.jpg 800w, https:\/\/www.sabine-seyffert.de\/blog\/wp-content\/uploads\/2016\/01\/B-6-300x225.jpg 300w\" sizes=\"auto, (max-width: 800px) 100vw, 800px\" \/><\/a><\/p>\n<p style=\"text-align: center;\">Kommt gut ins Wochenende!<\/p>\n<p><a href=\"http:\/\/www.sabine-seyffert.de\/blog\/?page_id=32#urheberrecht\">urheberrechtlich gesch\u00fctzt<\/a>, \u00a9 Sabine Seyffert<\/p>\n","protected":false},"excerpt":{"rendered":"<p>Die Ferien sind vorbei. Um uns in den Start in den Alltag zu vers\u00fc\u00dfen gab es Nachtisch. Den gibt es bei uns n\u00e4mlich eher selten. Wie praktisch, dass noch ein Schwung an tiefgefrorenen Kirschen \u00fcbrig war, die \u00fcber Nacht im K\u00fchlschrank aufgetaut waren und dringend verarbeitet werden mussten. Da es bei uns meist flott gehen&#8230; <a href=\"https:\/\/www.sabine-seyffert.de\/blog\/koestlicher-nachtisch-mit-kirschen-vegan-und-blitzschnell-gemacht\/\" class=\"more-link\">Read more: K\u00f6stlicher Nachtisch mit Kirschen \u2013 vegan und blitzschnell gemacht<\/a><\/p>\n","protected":false},"author":2,"featured_media":6732,"comment_status":"open","ping_status":"open","sticky":false,"template":"","format":"standard","meta":{"_metis_text_type":"","_metis_text_length":2002,"_post_count":0,"footnotes":""},"categories":[31,44],"tags":[],"class_list":["post-6727","post","type-post","status-publish","format-standard","has-post-thumbnail","hentry","category-rezepte-suse-kuchen-co","category-rezepte-vegan"],"_links":{"self":[{"href":"https:\/\/www.sabine-seyffert.de\/blog\/wp-json\/wp\/v2\/posts\/6727","targetHints":{"allow":["GET"]}}],"collection":[{"href":"https:\/\/www.sabine-seyffert.de\/blog\/wp-json\/wp\/v2\/posts"}],"about":[{"href":"https:\/\/www.sabine-seyffert.de\/blog\/wp-json\/wp\/v2\/types\/post"}],"author":[{"embeddable":true,"href":"https:\/\/www.sabine-seyffert.de\/blog\/wp-json\/wp\/v2\/users\/2"}],"replies":[{"embeddable":true,"href":"https:\/\/www.sabine-seyffert.de\/blog\/wp-json\/wp\/v2\/comments?post=6727"}],"version-history":[{"count":3,"href":"https:\/\/www.sabine-seyffert.de\/blog\/wp-json\/wp\/v2\/posts\/6727\/revisions"}],"predecessor-version":[{"id":6736,"href":"https:\/\/www.sabine-seyffert.de\/blog\/wp-json\/wp\/v2\/posts\/6727\/revisions\/6736"}],"wp:featuredmedia":[{"embeddable":true,"href":"https:\/\/www.sabine-seyffert.de\/blog\/wp-json\/wp\/v2\/media\/6732"}],"wp:attachment":[{"href":"https:\/\/www.sabine-seyffert.de\/blog\/wp-json\/wp\/v2\/media?parent=6727"}],"wp:term":[{"taxonomy":"category","embeddable":true,"href":"https:\/\/www.sabine-seyffert.de\/blog\/wp-json\/wp\/v2\/categories?post=6727"},{"taxonomy":"post_tag","embeddable":true,"href":"https:\/\/www.sabine-seyffert.de\/blog\/wp-json\/wp\/v2\/tags?post=6727"}],"curies":[{"name":"wp","href":"https:\/\/api.w.org\/{rel}","templated":true}]}}