{"id":6716,"date":"2016-01-05T06:56:28","date_gmt":"2016-01-05T04:56:28","guid":{"rendered":"http:\/\/www.sabine-seyffert.de\/blog\/?p=6716"},"modified":"2024-12-02T12:09:45","modified_gmt":"2024-12-02T10:09:45","slug":"eine-tuete-glueck-kommt-heut-per-post-diy-geschenkidee","status":"publish","type":"post","link":"https:\/\/www.sabine-seyffert.de\/blog\/eine-tuete-glueck-kommt-heut-per-post-diy-geschenkidee\/","title":{"rendered":"Eine T\u00fcte Gl\u00fcck kommt heut per Post\u2026 \/ DIY &#038; Geschenkidee"},"content":{"rendered":"<p style=\"text-align: justify;\"><img loading=\"lazy\" decoding=\"async\" src=\"https:\/\/ssl-vg03.met.vgwort.de\/na\/387cba0cc6cb430e8bc6b76c1744fc9e\" alt=\"\" width=\"1\" height=\"1\" \/>Es gibt Momente, da braucht man dringend eine Portion Gl\u00fcck. Wie w\u00e4re es alternativ gleich mit einer ganzen T\u00fcte Gl\u00fcck? Ob als gl\u00fccksbringender Geburtstagsgru\u00df, als fr\u00f6hlicher Gru\u00df per Post, f\u00fcr einen gegl\u00fcckten Start ins neue Jahr oder f\u00fcr jemanden, der etwas Gl\u00fcck im Moment ganz gut gebrauchen k\u00f6nnte. Au\u00dferdem sagt zu etwas Gl\u00fcck bestimmt niemand \u201eNein\u201c, oder was meint Ihr? Wie das mit dem Gl\u00fcck in der T\u00fcte funktioniert, ist schnell erkl\u00e4rt!<\/p>\n<p style=\"text-align: center;\"><a href=\"http:\/\/www.sabine-seyffert.de\/blog\/wp-content\/uploads\/2016\/01\/A-4.jpg\"><img loading=\"lazy\" decoding=\"async\" class=\"alignnone size-full wp-image-6717\" src=\"http:\/\/www.sabine-seyffert.de\/blog\/wp-content\/uploads\/2016\/01\/A-4.jpg\" alt=\"A 4\" width=\"800\" height=\"600\" srcset=\"https:\/\/www.sabine-seyffert.de\/blog\/wp-content\/uploads\/2016\/01\/A-4.jpg 800w, https:\/\/www.sabine-seyffert.de\/blog\/wp-content\/uploads\/2016\/01\/A-4-300x225.jpg 300w\" sizes=\"auto, (max-width: 800px) 100vw, 800px\" \/><\/a><\/p>\n<p style=\"text-align: justify;\"><strong>Das wird gebraucht:<\/strong><br \/>\n1 Briefumschlag (Kraftpapier), 1 Postkarte aus Kraftpapier, Klebstoff, 1 Motivlocher Kleeblatt, ein kleiner Rest gr\u00fcnes Papier, ein kleines St\u00fcck gemustertes Bastelpapier, Buchstabenstempel, schwarze Stempelfarbe, Dymoger\u00e4t mit gr\u00fcnem Klebeband, eine Schere, Masking Tape<\/p>\n<p style=\"text-align: center;\"><a href=\"http:\/\/www.sabine-seyffert.de\/blog\/wp-content\/uploads\/2016\/01\/A1.jpg\"><img loading=\"lazy\" decoding=\"async\" class=\"alignnone size-full wp-image-6718\" src=\"http:\/\/www.sabine-seyffert.de\/blog\/wp-content\/uploads\/2016\/01\/A1.jpg\" alt=\"A1\" width=\"800\" height=\"600\" srcset=\"https:\/\/www.sabine-seyffert.de\/blog\/wp-content\/uploads\/2016\/01\/A1.jpg 800w, https:\/\/www.sabine-seyffert.de\/blog\/wp-content\/uploads\/2016\/01\/A1-300x225.jpg 300w\" sizes=\"auto, (max-width: 800px) 100vw, 800px\" \/><\/a><\/p>\n<p style=\"text-align: justify;\"><strong>So wird\u2019s gemacht:<\/strong><br \/>\nMeine Vorliebe zu Kraftpapier \/ Packpapier kennt Ihr ja bereits von allerhand DIY Ideen wie <a href=\"http:\/\/www.sabine-seyffert.de\/blog\/?p=5160\" target=\"_blank\" rel=\"noopener\">hier<\/a>, <a href=\"http:\/\/www.sabine-seyffert.de\/blog\/?p=6353\" target=\"_blank\" rel=\"noopener\">da<\/a> oder auch <a href=\"http:\/\/www.sabine-seyffert.de\/blog\/?p=6626\" target=\"_blank\" rel=\"noopener\">dort<\/a>. F\u00fcr die heutige Idee ist etwas Kraftpapier in Postkartengr\u00f6\u00dfe von N\u00f6ten.<\/p>\n<p style=\"text-align: center;\"><a href=\"http:\/\/www.sabine-seyffert.de\/blog\/wp-content\/uploads\/2016\/01\/A-2.jpg\"><img loading=\"lazy\" decoding=\"async\" class=\"alignnone size-full wp-image-6719\" src=\"http:\/\/www.sabine-seyffert.de\/blog\/wp-content\/uploads\/2016\/01\/A-2.jpg\" alt=\"A 2\" width=\"800\" height=\"600\" srcset=\"https:\/\/www.sabine-seyffert.de\/blog\/wp-content\/uploads\/2016\/01\/A-2.jpg 800w, https:\/\/www.sabine-seyffert.de\/blog\/wp-content\/uploads\/2016\/01\/A-2-300x225.jpg 300w\" sizes=\"auto, (max-width: 800px) 100vw, 800px\" \/><\/a><\/p>\n<p style=\"text-align: justify;\">Entweder Ihr verwendet daf\u00fcr eine vorgefertigte Karte oder schneidet Euch aus einem gro\u00dfen Bogen Kraftpapier ein passendes St\u00fcck heraus.<\/p>\n<p style=\"text-align: center;\"><a href=\"http:\/\/www.sabine-seyffert.de\/blog\/wp-content\/uploads\/2016\/01\/A-5.jpg\"><img loading=\"lazy\" decoding=\"async\" class=\"alignnone size-full wp-image-6720\" src=\"http:\/\/www.sabine-seyffert.de\/blog\/wp-content\/uploads\/2016\/01\/A-5.jpg\" alt=\"A 5\" width=\"800\" height=\"600\" srcset=\"https:\/\/www.sabine-seyffert.de\/blog\/wp-content\/uploads\/2016\/01\/A-5.jpg 800w, https:\/\/www.sabine-seyffert.de\/blog\/wp-content\/uploads\/2016\/01\/A-5-300x225.jpg 300w\" sizes=\"auto, (max-width: 800px) 100vw, 800px\" \/><\/a><\/p>\n<p style=\"text-align: justify;\">Aus dem gemusterten Bastelpapier schneidet Ihr als erstes ein kleines Dreieck. Das ist unsere Gl\u00fcckst\u00fcte, die man mit Klebstoff auf die Karte klebt. Und um diese zu f\u00fcllen, stanzt Ihr mit dem Motivlocher aus dem uni gr\u00fcnen Papier einen Schwung Kleebl\u00e4tter.<\/p>\n<p style=\"text-align: center;\"><a href=\"http:\/\/www.sabine-seyffert.de\/blog\/wp-content\/uploads\/2016\/01\/A-7.jpg\"><img loading=\"lazy\" decoding=\"async\" class=\"alignnone size-full wp-image-6721\" src=\"http:\/\/www.sabine-seyffert.de\/blog\/wp-content\/uploads\/2016\/01\/A-7.jpg\" alt=\"A 7\" width=\"800\" height=\"600\" srcset=\"https:\/\/www.sabine-seyffert.de\/blog\/wp-content\/uploads\/2016\/01\/A-7.jpg 800w, https:\/\/www.sabine-seyffert.de\/blog\/wp-content\/uploads\/2016\/01\/A-7-300x225.jpg 300w\" sizes=\"auto, (max-width: 800px) 100vw, 800px\" \/><\/a><\/p>\n<p style=\"text-align: justify;\">Diese klebt man \u00fcber die T\u00fcte und stempelt zus\u00e4tzlich \u201eGL\u00dcCK\u201c dazwischen. Die Karten\u00fcberschrift habe ich mit dem Dymoger\u00e4t angefertigt und aufgeklebt. Nun noch auf der R\u00fcckseite den schriftlichen Gru\u00df notieren und mit den \u00fcbrig gebliebenen Kleebl\u00e4ttern ab in den Umschlag. Diesen adressieren, frankieren und ab geht die Post!<\/p>\n<p style=\"text-align: center;\"><a href=\"http:\/\/www.sabine-seyffert.de\/blog\/wp-content\/uploads\/2016\/01\/A-8.jpg\"><img loading=\"lazy\" decoding=\"async\" class=\"alignnone size-full wp-image-6722\" src=\"http:\/\/www.sabine-seyffert.de\/blog\/wp-content\/uploads\/2016\/01\/A-8.jpg\" alt=\"A 8\" width=\"800\" height=\"600\" srcset=\"https:\/\/www.sabine-seyffert.de\/blog\/wp-content\/uploads\/2016\/01\/A-8.jpg 800w, https:\/\/www.sabine-seyffert.de\/blog\/wp-content\/uploads\/2016\/01\/A-8-300x225.jpg 300w\" sizes=\"auto, (max-width: 800px) 100vw, 800px\" \/><\/a><\/p>\n<p style=\"text-align: justify;\"><strong>Ein kleiner Tipp:<\/strong><br \/>\nWer mag kann aus dem Kraftpapier auch ein gr\u00f6\u00dferes St\u00fcck herausschneiden und dieses mittig knicken. Dann erh\u00e4lt man eine Klappkarte und kann den gew\u00fcnschten Text ins Innere schreiben.<\/p>\n<p style=\"text-align: center;\"><a href=\"http:\/\/www.sabine-seyffert.de\/blog\/wp-content\/uploads\/2016\/01\/A-10.jpg\"><img loading=\"lazy\" decoding=\"async\" class=\"alignnone size-full wp-image-6723\" src=\"http:\/\/www.sabine-seyffert.de\/blog\/wp-content\/uploads\/2016\/01\/A-10.jpg\" alt=\"A 10\" width=\"600\" height=\"800\" srcset=\"https:\/\/www.sabine-seyffert.de\/blog\/wp-content\/uploads\/2016\/01\/A-10.jpg 600w, https:\/\/www.sabine-seyffert.de\/blog\/wp-content\/uploads\/2016\/01\/A-10-225x300.jpg 225w\" sizes=\"auto, (max-width: 600px) 100vw, 600px\" \/><\/a><\/p>\n<p>Andere \u201eklitzekleine Geschenkideen\u201c findet Ihr \u00fcbrigens in <a href=\"http:\/\/www.sabine-seyffert.de\/blog\/?cat=36\" target=\"_blank\" rel=\"noopener\">dieser Rubrik<\/a> und andere kreative Dinge werden <a href=\"http:\/\/www.creadienstag.de\/2015\/12\/209.html\" target=\"_blank\" rel=\"noopener\">hier<\/a> gesammelt.<\/p>\n<p><a href=\"http:\/\/www.sabine-seyffert.de\/blog\/?page_id=32#urheberrecht\">urheberrechtlich gesch\u00fctzt<\/a>, \u00a9 Sabine Seyffert<\/p>\n","protected":false},"excerpt":{"rendered":"<p>Es gibt Momente, da braucht man dringend eine Portion Gl\u00fcck. Wie w\u00e4re es alternativ gleich mit einer ganzen T\u00fcte Gl\u00fcck? Ob als gl\u00fccksbringender Geburtstagsgru\u00df, als fr\u00f6hlicher Gru\u00df per Post, f\u00fcr einen gegl\u00fcckten Start ins neue Jahr oder f\u00fcr jemanden, der etwas Gl\u00fcck im Moment ganz gut gebrauchen k\u00f6nnte. Au\u00dferdem sagt zu etwas Gl\u00fcck bestimmt niemand&#8230; <a href=\"https:\/\/www.sabine-seyffert.de\/blog\/eine-tuete-glueck-kommt-heut-per-post-diy-geschenkidee\/\" class=\"more-link\">Read more: Eine T\u00fcte Gl\u00fcck kommt heut per Post\u2026 \/ DIY &#038; Geschenkidee<\/a><\/p>\n","protected":false},"author":2,"featured_media":6717,"comment_status":"open","ping_status":"open","sticky":false,"template":"","format":"standard","meta":{"_metis_text_type":"standard","_metis_text_length":2038,"_post_count":0,"footnotes":""},"categories":[36,51,60],"tags":[],"class_list":["post-6716","post","type-post","status-publish","format-standard","has-post-thumbnail","hentry","category-klitzekleine-geschenkideen","category-postkarten-grusskarten","category-silvester"],"_links":{"self":[{"href":"https:\/\/www.sabine-seyffert.de\/blog\/wp-json\/wp\/v2\/posts\/6716","targetHints":{"allow":["GET"]}}],"collection":[{"href":"https:\/\/www.sabine-seyffert.de\/blog\/wp-json\/wp\/v2\/posts"}],"about":[{"href":"https:\/\/www.sabine-seyffert.de\/blog\/wp-json\/wp\/v2\/types\/post"}],"author":[{"embeddable":true,"href":"https:\/\/www.sabine-seyffert.de\/blog\/wp-json\/wp\/v2\/users\/2"}],"replies":[{"embeddable":true,"href":"https:\/\/www.sabine-seyffert.de\/blog\/wp-json\/wp\/v2\/comments?post=6716"}],"version-history":[{"count":3,"href":"https:\/\/www.sabine-seyffert.de\/blog\/wp-json\/wp\/v2\/posts\/6716\/revisions"}],"predecessor-version":[{"id":29132,"href":"https:\/\/www.sabine-seyffert.de\/blog\/wp-json\/wp\/v2\/posts\/6716\/revisions\/29132"}],"wp:featuredmedia":[{"embeddable":true,"href":"https:\/\/www.sabine-seyffert.de\/blog\/wp-json\/wp\/v2\/media\/6717"}],"wp:attachment":[{"href":"https:\/\/www.sabine-seyffert.de\/blog\/wp-json\/wp\/v2\/media?parent=6716"}],"wp:term":[{"taxonomy":"category","embeddable":true,"href":"https:\/\/www.sabine-seyffert.de\/blog\/wp-json\/wp\/v2\/categories?post=6716"},{"taxonomy":"post_tag","embeddable":true,"href":"https:\/\/www.sabine-seyffert.de\/blog\/wp-json\/wp\/v2\/tags?post=6716"}],"curies":[{"name":"wp","href":"https:\/\/api.w.org\/{rel}","templated":true}]}}