{"id":6702,"date":"2015-12-29T08:29:36","date_gmt":"2015-12-29T06:29:36","guid":{"rendered":"http:\/\/www.sabine-seyffert.de\/blog\/?p=6702"},"modified":"2024-12-02T12:11:29","modified_gmt":"2024-12-02T10:11:29","slug":"diy-idee-zum-jahresende-silvester-abend-und-die-raketen-erhellen-die-nacht","status":"publish","type":"post","link":"https:\/\/www.sabine-seyffert.de\/blog\/diy-idee-zum-jahresende-silvester-abend-und-die-raketen-erhellen-die-nacht\/","title":{"rendered":"DIY Idee zum Jahresende: Silvester Abend und die Raketen erhellen die Nacht\u2026"},"content":{"rendered":"<p style=\"text-align: justify;\"><img loading=\"lazy\" decoding=\"async\" src=\"https:\/\/ssl-vg03.met.vgwort.de\/na\/6b16cd74caca4ea6892db0b397a52fea\" alt=\"\" width=\"1\" height=\"1\" \/>Nat\u00fcrlich wird auch hier Silvester gefeiert und zum Jahresende auf diesen letzten Tag im Jahr hingefiebert. Das Besondere am Silvesterabend sind ganz klar die bunten Raketen, die Bilder in den abendlichen Himmel malen und zum Tr\u00e4umen einladen. \u00dcberall funkelt und blinkt es am dunklen Himmelszeit und hier und da fallen reichlich Sterne von oben herab\u2026<\/p>\n<p style=\"text-align: center;\"><a href=\"http:\/\/www.sabine-seyffert.de\/blog\/wp-content\/uploads\/2015\/12\/A-03.jpg\"><img loading=\"lazy\" decoding=\"async\" class=\"alignnone size-full wp-image-6703\" src=\"http:\/\/www.sabine-seyffert.de\/blog\/wp-content\/uploads\/2015\/12\/A-03.jpg\" alt=\"A 0\" width=\"800\" height=\"581\" srcset=\"https:\/\/www.sabine-seyffert.de\/blog\/wp-content\/uploads\/2015\/12\/A-03.jpg 800w, https:\/\/www.sabine-seyffert.de\/blog\/wp-content\/uploads\/2015\/12\/A-03-300x218.jpg 300w\" sizes=\"auto, (max-width: 800px) 100vw, 800px\" \/><\/a><\/p>\n<p style=\"text-align: justify;\">Und genau diesen wunderbaren Moment und das Farbenspiel haben wir hier in einer kreativen Besch\u00e4ftigungsidee festgehalten, die auch f\u00fcr kleine Kinderh\u00e4nde geeignet ist und riesig Spa\u00df macht!<\/p>\n<p style=\"text-align: center;\"><a href=\"http:\/\/www.sabine-seyffert.de\/blog\/wp-content\/uploads\/2015\/12\/A-111.jpg\"><img loading=\"lazy\" decoding=\"async\" class=\"alignnone size-full wp-image-6704\" src=\"http:\/\/www.sabine-seyffert.de\/blog\/wp-content\/uploads\/2015\/12\/A-111.jpg\" alt=\"A 11\" width=\"800\" height=\"600\" srcset=\"https:\/\/www.sabine-seyffert.de\/blog\/wp-content\/uploads\/2015\/12\/A-111.jpg 800w, https:\/\/www.sabine-seyffert.de\/blog\/wp-content\/uploads\/2015\/12\/A-111-300x225.jpg 300w\" sizes=\"auto, (max-width: 800px) 100vw, 800px\" \/><\/a><\/p>\n<p style=\"text-align: justify;\"><strong>Das wird gebraucht:<\/strong><br \/>\nWei\u00dfes Papier, Wachsmalstifte, einen breiten Pinsel, Wasserfarben, schwarzes Papier, eine Schere oder Bastelmesser, Klebstoff<\/p>\n<p style=\"text-align: center;\"><a href=\"http:\/\/www.sabine-seyffert.de\/blog\/wp-content\/uploads\/2015\/12\/A-121.jpg\"><img loading=\"lazy\" decoding=\"async\" class=\"alignnone size-full wp-image-6705\" src=\"http:\/\/www.sabine-seyffert.de\/blog\/wp-content\/uploads\/2015\/12\/A-121.jpg\" alt=\"A 12\" width=\"800\" height=\"600\" srcset=\"https:\/\/www.sabine-seyffert.de\/blog\/wp-content\/uploads\/2015\/12\/A-121.jpg 800w, https:\/\/www.sabine-seyffert.de\/blog\/wp-content\/uploads\/2015\/12\/A-121-300x225.jpg 300w\" sizes=\"auto, (max-width: 800px) 100vw, 800px\" \/><\/a><\/p>\n<p style=\"text-align: justify;\"><strong>So wird\u2019s gemacht:<\/strong><br \/>\nNachdem wir im letzten Jahr eine gro\u00dfe Upcycling-Produktion an <a href=\"http:\/\/www.sabine-seyffert.de\/blog\/?p=5009\" target=\"_blank\" rel=\"noopener\">bunten Silvesterraketen<\/a> gewerkelt haben, musste in diesem Jahr reichlich Papier herhalten.<\/p>\n<p style=\"text-align: center;\"><a href=\"http:\/\/www.sabine-seyffert.de\/blog\/wp-content\/uploads\/2015\/12\/A-26.jpg\"><img loading=\"lazy\" decoding=\"async\" class=\"alignnone size-full wp-image-6706\" src=\"http:\/\/www.sabine-seyffert.de\/blog\/wp-content\/uploads\/2015\/12\/A-26.jpg\" alt=\"A 2\" width=\"800\" height=\"600\" srcset=\"https:\/\/www.sabine-seyffert.de\/blog\/wp-content\/uploads\/2015\/12\/A-26.jpg 800w, https:\/\/www.sabine-seyffert.de\/blog\/wp-content\/uploads\/2015\/12\/A-26-300x225.jpg 300w\" sizes=\"auto, (max-width: 800px) 100vw, 800px\" \/><\/a><\/p>\n<p style=\"text-align: justify;\">Auf dieses wurden hier mit Wachsmalstiften allerhand fr\u00f6hliche Muster gemalt, die das bunte Farbenspiel der Raketen darstellen sollte.<\/p>\n<p style=\"text-align: center;\"><a href=\"http:\/\/www.sabine-seyffert.de\/blog\/wp-content\/uploads\/2015\/12\/A-103.jpg\"><img loading=\"lazy\" decoding=\"async\" class=\"alignnone size-full wp-image-6707\" src=\"http:\/\/www.sabine-seyffert.de\/blog\/wp-content\/uploads\/2015\/12\/A-103.jpg\" alt=\"A 10\" width=\"800\" height=\"600\" srcset=\"https:\/\/www.sabine-seyffert.de\/blog\/wp-content\/uploads\/2015\/12\/A-103.jpg 800w, https:\/\/www.sabine-seyffert.de\/blog\/wp-content\/uploads\/2015\/12\/A-103-300x225.jpg 300w\" sizes=\"auto, (max-width: 800px) 100vw, 800px\" \/><\/a><\/p>\n<p style=\"text-align: justify;\">Im Anschluss haben wir die Bilder dann mit Wasserfarben \u00fcberpinselt. Das klappt mit Schwarz und Blau ebenso gut wie mit Rot, Orange oder anderen Farben. Hier sind der Fantasie keine Grenzen gesetzt und jeder darf sich k\u00fcnstlerisch austoben \ud83d\ude42<\/p>\n<p style=\"text-align: center;\"><a href=\"http:\/\/www.sabine-seyffert.de\/blog\/wp-content\/uploads\/2015\/12\/A-57.jpg\"><img loading=\"lazy\" decoding=\"async\" class=\"alignnone size-full wp-image-6708\" src=\"http:\/\/www.sabine-seyffert.de\/blog\/wp-content\/uploads\/2015\/12\/A-57.jpg\" alt=\"A 5\" width=\"800\" height=\"600\" srcset=\"https:\/\/www.sabine-seyffert.de\/blog\/wp-content\/uploads\/2015\/12\/A-57.jpg 800w, https:\/\/www.sabine-seyffert.de\/blog\/wp-content\/uploads\/2015\/12\/A-57-300x225.jpg 300w\" sizes=\"auto, (max-width: 800px) 100vw, 800px\" \/><\/a><\/p>\n<p style=\"text-align: justify;\">Wer mag kann passend zum bunten Silvester-Raketen-Himmel auch noch die Umrisse der Stadt mit in die Bilder einbringen. Dazu schneidet man sich aus schwarzem Papier allerhand H\u00e4user und D\u00e4cher aus, ritzt kleine Fenster und T\u00fcren hinein und klebt diese dann im Anschluss auf den unteren Rand.<\/p>\n<p style=\"text-align: center;\"><a href=\"http:\/\/www.sabine-seyffert.de\/blog\/wp-content\/uploads\/2015\/12\/A-47.jpg\"><img loading=\"lazy\" decoding=\"async\" class=\"alignnone size-full wp-image-6709\" src=\"http:\/\/www.sabine-seyffert.de\/blog\/wp-content\/uploads\/2015\/12\/A-47.jpg\" alt=\"A 4\" width=\"800\" height=\"600\" srcset=\"https:\/\/www.sabine-seyffert.de\/blog\/wp-content\/uploads\/2015\/12\/A-47.jpg 800w, https:\/\/www.sabine-seyffert.de\/blog\/wp-content\/uploads\/2015\/12\/A-47-300x225.jpg 300w\" sizes=\"auto, (max-width: 800px) 100vw, 800px\" \/><\/a><\/p>\n<p style=\"text-align: justify;\"><strong>Ein kleiner Tipp:<\/strong><br \/>\nWarum nicht mal zum Jahresende ein Schwung an selbst gemachten Postkarten verschicken? Als fr\u00f6hlichen Neujahrsgru\u00df sozusagen und f\u00fcr einen guten Start ins neue Jahr mit allerhand guten W\u00fcnschen\u2026<\/p>\n<p style=\"text-align: center;\"><a href=\"http:\/\/www.sabine-seyffert.de\/blog\/wp-content\/uploads\/2015\/12\/A-17.jpg\"><img loading=\"lazy\" decoding=\"async\" class=\"alignnone size-full wp-image-6710\" src=\"http:\/\/www.sabine-seyffert.de\/blog\/wp-content\/uploads\/2015\/12\/A-17.jpg\" alt=\"A 1\" width=\"800\" height=\"600\" srcset=\"https:\/\/www.sabine-seyffert.de\/blog\/wp-content\/uploads\/2015\/12\/A-17.jpg 800w, https:\/\/www.sabine-seyffert.de\/blog\/wp-content\/uploads\/2015\/12\/A-17-300x225.jpg 300w\" sizes=\"auto, (max-width: 800px) 100vw, 800px\" \/><\/a><\/p>\n<p style=\"text-align: justify;\">Weitere Ideen f\u00fcr kleine Kinderh\u00e4nde findet Ihr <a href=\"http:\/\/www.sabine-seyffert.de\/blog\/?cat=32\" target=\"_blank\" rel=\"noopener\">hier<\/a>, allerhand zum Thema Winter <a href=\"http:\/\/www.sabine-seyffert.de\/blog\/?cat=22\" target=\"_blank\" rel=\"noopener\">dort<\/a> und andere kreative Sachen tummeln sich <a href=\"http:\/\/www.creadienstag.de\/2015\/12\/208.html\" target=\"_blank\" rel=\"noopener\">hier<\/a> und auch an <a href=\"http:\/\/kiddikram.blogspot.de\/\" target=\"_blank\" rel=\"noopener\">dieser<\/a> Stelle.<\/p>\n<p style=\"text-align: justify;\"><a href=\"http:\/\/www.sabine-seyffert.de\/blog\/wp-content\/uploads\/2015\/12\/A-82.jpg\"><img loading=\"lazy\" decoding=\"async\" class=\"size-full wp-image-6711 aligncenter\" src=\"http:\/\/www.sabine-seyffert.de\/blog\/wp-content\/uploads\/2015\/12\/A-82.jpg\" alt=\"A 8\" width=\"800\" height=\"600\" srcset=\"https:\/\/www.sabine-seyffert.de\/blog\/wp-content\/uploads\/2015\/12\/A-82.jpg 800w, https:\/\/www.sabine-seyffert.de\/blog\/wp-content\/uploads\/2015\/12\/A-82-300x225.jpg 300w\" sizes=\"auto, (max-width: 800px) 100vw, 800px\" \/><\/a>Ich w\u00fcnsche Euch allen einen guten Rutsch ins neue Jahr!<\/p>\n<p style=\"text-align: justify;\"><a href=\"http:\/\/www.sabine-seyffert.de\/blog\/?page_id=32#urheberrecht\">urheberrechtlich gesch\u00fctzt<\/a>, \u00a9 Sabine Seyffert<\/p>\n","protected":false},"excerpt":{"rendered":"<p>Nat\u00fcrlich wird auch hier Silvester gefeiert und zum Jahresende auf diesen letzten Tag im Jahr hingefiebert. Das Besondere am Silvesterabend sind ganz klar die bunten Raketen, die Bilder in den abendlichen Himmel malen und zum Tr\u00e4umen einladen. \u00dcberall funkelt und blinkt es am dunklen Himmelszeit und hier und da fallen reichlich Sterne von oben herab\u2026&#8230; <a href=\"https:\/\/www.sabine-seyffert.de\/blog\/diy-idee-zum-jahresende-silvester-abend-und-die-raketen-erhellen-die-nacht\/\" class=\"more-link\">Read more: DIY Idee zum Jahresende: Silvester Abend und die Raketen erhellen die Nacht\u2026<\/a><\/p>\n","protected":false},"author":2,"featured_media":6710,"comment_status":"open","ping_status":"open","sticky":false,"template":"","format":"standard","meta":{"_metis_text_type":"standard","_metis_text_length":2004,"_post_count":0,"footnotes":""},"categories":[41,60,22],"tags":[],"class_list":["post-6702","post","type-post","status-publish","format-standard","has-post-thumbnail","hentry","category-weihnachten","category-silvester","category-winter"],"_links":{"self":[{"href":"https:\/\/www.sabine-seyffert.de\/blog\/wp-json\/wp\/v2\/posts\/6702","targetHints":{"allow":["GET"]}}],"collection":[{"href":"https:\/\/www.sabine-seyffert.de\/blog\/wp-json\/wp\/v2\/posts"}],"about":[{"href":"https:\/\/www.sabine-seyffert.de\/blog\/wp-json\/wp\/v2\/types\/post"}],"author":[{"embeddable":true,"href":"https:\/\/www.sabine-seyffert.de\/blog\/wp-json\/wp\/v2\/users\/2"}],"replies":[{"embeddable":true,"href":"https:\/\/www.sabine-seyffert.de\/blog\/wp-json\/wp\/v2\/comments?post=6702"}],"version-history":[{"count":4,"href":"https:\/\/www.sabine-seyffert.de\/blog\/wp-json\/wp\/v2\/posts\/6702\/revisions"}],"predecessor-version":[{"id":29136,"href":"https:\/\/www.sabine-seyffert.de\/blog\/wp-json\/wp\/v2\/posts\/6702\/revisions\/29136"}],"wp:featuredmedia":[{"embeddable":true,"href":"https:\/\/www.sabine-seyffert.de\/blog\/wp-json\/wp\/v2\/media\/6710"}],"wp:attachment":[{"href":"https:\/\/www.sabine-seyffert.de\/blog\/wp-json\/wp\/v2\/media?parent=6702"}],"wp:term":[{"taxonomy":"category","embeddable":true,"href":"https:\/\/www.sabine-seyffert.de\/blog\/wp-json\/wp\/v2\/categories?post=6702"},{"taxonomy":"post_tag","embeddable":true,"href":"https:\/\/www.sabine-seyffert.de\/blog\/wp-json\/wp\/v2\/tags?post=6702"}],"curies":[{"name":"wp","href":"https:\/\/api.w.org\/{rel}","templated":true}]}}