{"id":6698,"date":"2015-12-24T12:03:41","date_gmt":"2015-12-24T10:03:41","guid":{"rendered":"http:\/\/www.sabine-seyffert.de\/blog\/?p=6698"},"modified":"2015-12-24T12:03:41","modified_gmt":"2015-12-24T10:03:41","slug":"frohe-weihnachten","status":"publish","type":"post","link":"https:\/\/www.sabine-seyffert.de\/blog\/frohe-weihnachten\/","title":{"rendered":"Frohe Weihnachten!"},"content":{"rendered":"<p style=\"text-align: justify;\"><img loading=\"lazy\" decoding=\"async\" src=\"https:\/\/ssl-vg03.met.vgwort.de\/na\/2e87c0f987aa48c38a30762d25387cde\" alt=\"\" width=\"1\" height=\"1\" \/>Nun ist es endlich soweit \u2013 der lang ersehnte Weihnachtstag ist da! Ich w\u00fcnsche Euch allen ein ganz wunderbares Weihnachtsfest mit Lichterglanz und leuchtenden Kinderaugen, fr\u00f6hlichem Treiben, k\u00f6stlichen Weihnachtsleckereien und reichlich Gem\u00fctlichkeit. M\u00f6gen Eure W\u00fcnsche und Tr\u00e4ume in Erf\u00fcllung gehen\u2026<\/p>\n<p style=\"text-align: justify;\">Dezemberliche Gr\u00fc\u00dfe mit einer gro\u00dfen Portion Weihnachtszauber,<\/p>\n<p style=\"text-align: justify;\">Sabine<\/p>\n<p style=\"text-align: center;\"><a href=\"http:\/\/www.sabine-seyffert.de\/blog\/wp-content\/uploads\/2015\/12\/Advent.jpg\"><img loading=\"lazy\" decoding=\"async\" class=\"alignnone size-full wp-image-6699\" src=\"http:\/\/www.sabine-seyffert.de\/blog\/wp-content\/uploads\/2015\/12\/Advent.jpg\" alt=\"Advent\" width=\"800\" height=\"600\" srcset=\"https:\/\/www.sabine-seyffert.de\/blog\/wp-content\/uploads\/2015\/12\/Advent.jpg 800w, https:\/\/www.sabine-seyffert.de\/blog\/wp-content\/uploads\/2015\/12\/Advent-300x225.jpg 300w\" sizes=\"auto, (max-width: 800px) 100vw, 800px\" \/><\/a><\/p>\n<p><a href=\"http:\/\/www.sabine-seyffert.de\/blog\/?page_id=32#urheberrecht\">urheberrechtlich gesch\u00fctzt<\/a>, \u00a9 Sabine Seyffert<\/p>\n","protected":false},"excerpt":{"rendered":"<p>Nun ist es endlich soweit \u2013 der lang ersehnte Weihnachtstag ist da! Ich w\u00fcnsche Euch allen ein ganz wunderbares Weihnachtsfest mit Lichterglanz und leuchtenden Kinderaugen, fr\u00f6hlichem Treiben, k\u00f6stlichen Weihnachtsleckereien und reichlich Gem\u00fctlichkeit. M\u00f6gen Eure W\u00fcnsche und Tr\u00e4ume in Erf\u00fcllung gehen\u2026 Dezemberliche Gr\u00fc\u00dfe mit einer gro\u00dfen Portion Weihnachtszauber, Sabine urheberrechtlich gesch\u00fctzt, \u00a9 Sabine Seyffert<\/p>\n","protected":false},"author":2,"featured_media":6699,"comment_status":"open","ping_status":"open","sticky":false,"template":"","format":"standard","meta":{"_metis_text_type":"","_metis_text_length":419,"_post_count":0,"footnotes":""},"categories":[41],"tags":[],"class_list":["post-6698","post","type-post","status-publish","format-standard","has-post-thumbnail","hentry","category-weihnachten"],"_links":{"self":[{"href":"https:\/\/www.sabine-seyffert.de\/blog\/wp-json\/wp\/v2\/posts\/6698","targetHints":{"allow":["GET"]}}],"collection":[{"href":"https:\/\/www.sabine-seyffert.de\/blog\/wp-json\/wp\/v2\/posts"}],"about":[{"href":"https:\/\/www.sabine-seyffert.de\/blog\/wp-json\/wp\/v2\/types\/post"}],"author":[{"embeddable":true,"href":"https:\/\/www.sabine-seyffert.de\/blog\/wp-json\/wp\/v2\/users\/2"}],"replies":[{"embeddable":true,"href":"https:\/\/www.sabine-seyffert.de\/blog\/wp-json\/wp\/v2\/comments?post=6698"}],"version-history":[{"count":2,"href":"https:\/\/www.sabine-seyffert.de\/blog\/wp-json\/wp\/v2\/posts\/6698\/revisions"}],"predecessor-version":[{"id":6701,"href":"https:\/\/www.sabine-seyffert.de\/blog\/wp-json\/wp\/v2\/posts\/6698\/revisions\/6701"}],"wp:featuredmedia":[{"embeddable":true,"href":"https:\/\/www.sabine-seyffert.de\/blog\/wp-json\/wp\/v2\/media\/6699"}],"wp:attachment":[{"href":"https:\/\/www.sabine-seyffert.de\/blog\/wp-json\/wp\/v2\/media?parent=6698"}],"wp:term":[{"taxonomy":"category","embeddable":true,"href":"https:\/\/www.sabine-seyffert.de\/blog\/wp-json\/wp\/v2\/categories?post=6698"},{"taxonomy":"post_tag","embeddable":true,"href":"https:\/\/www.sabine-seyffert.de\/blog\/wp-json\/wp\/v2\/tags?post=6698"}],"curies":[{"name":"wp","href":"https:\/\/api.w.org\/{rel}","templated":true}]}}