{"id":6672,"date":"2015-12-20T09:25:00","date_gmt":"2015-12-20T07:25:00","guid":{"rendered":"http:\/\/www.sabine-seyffert.de\/blog\/?p=6672"},"modified":"2017-03-02T10:43:26","modified_gmt":"2017-03-02T08:43:26","slug":"diy-upcycling-ausgefallen-pfiffige-verpackungsidee-nicht-nur-in-der-weihnachtszeit","status":"publish","type":"post","link":"https:\/\/www.sabine-seyffert.de\/blog\/diy-upcycling-ausgefallen-pfiffige-verpackungsidee-nicht-nur-in-der-weihnachtszeit\/","title":{"rendered":"DIY &#038; Upcycling: Ausgefallen, pfiffige Verpackungsidee, nicht nur in der Weihnachtszeit!"},"content":{"rendered":"<p style=\"text-align: justify;\"><img loading=\"lazy\" decoding=\"async\" src=\"https:\/\/ssl-vg03.met.vgwort.de\/na\/2e87c0f987aa48c38a30762d25387cde\" alt=\"\" width=\"1\" height=\"1\" \/>Vor Weihnachten warten ja so allerhand Geschenke darauf, eingepackt zu werden. F\u00fcr zwei dieser Geschenke habe ich mir spontan etwas ganz ausgefallenes einfallen lassen, dass ich Euch gerne noch zeigen m\u00f6chte, bevor sich die Adventszeit dem Ende neigt. Diese Verpackungsidee kann man, wenn man das weihnachtliche Motiv am Stiel wegl\u00e4sst, jederzeit im Jahr f\u00fcr Geschenke anwenden.<\/p>\n<p style=\"text-align: justify;\">\u00a0<a href=\"http:\/\/www.sabine-seyffert.de\/blog\/wp-content\/uploads\/2015\/12\/Boot-15.jpg\"><img loading=\"lazy\" decoding=\"async\" class=\"alignnone size-full wp-image-6674\" src=\"http:\/\/www.sabine-seyffert.de\/blog\/wp-content\/uploads\/2015\/12\/Boot-15.jpg\" alt=\"Boot 15\" width=\"800\" height=\"600\" srcset=\"https:\/\/www.sabine-seyffert.de\/blog\/wp-content\/uploads\/2015\/12\/Boot-15.jpg 800w, https:\/\/www.sabine-seyffert.de\/blog\/wp-content\/uploads\/2015\/12\/Boot-15-300x225.jpg 300w\" sizes=\"auto, (max-width: 800px) 100vw, 800px\" \/><\/a><\/p>\n<p style=\"text-align: justify;\"><strong>Das wird gebraucht:<\/strong><br \/>\nUnifarbenes Geschenkpapier, ein Blatt Zeitungspapier, Wasserfarben, Pinsel, einen Zahnstocher, einen Stift \/ Lackmalstift, Buchstabenstempel, ein Stempelkissen, Schere, ein Foto ( am besten nat\u00fcrlich von demjenigen, f\u00fcr den das Geschenk gedacht ist) und Kleber<\/p>\n<p style=\"text-align: center;\"><a href=\"http:\/\/www.sabine-seyffert.de\/blog\/wp-content\/uploads\/2015\/12\/Boot-13.jpg\"><img loading=\"lazy\" decoding=\"async\" class=\"alignnone size-full wp-image-6673\" src=\"http:\/\/www.sabine-seyffert.de\/blog\/wp-content\/uploads\/2015\/12\/Boot-13.jpg\" alt=\"Boot 13\" width=\"800\" height=\"600\" srcset=\"https:\/\/www.sabine-seyffert.de\/blog\/wp-content\/uploads\/2015\/12\/Boot-13.jpg 800w, https:\/\/www.sabine-seyffert.de\/blog\/wp-content\/uploads\/2015\/12\/Boot-13-300x225.jpg 300w\" sizes=\"auto, (max-width: 800px) 100vw, 800px\" \/><\/a><\/p>\n<p style=\"text-align: justify;\"><strong>So wird\u2019s gemacht:<\/strong><br \/>\nZuerst packt man das Geschenk in dem Geschenkpapier ein. In meinem Fall war es uni schwarzes Papier. Dann darf man sich an dem Zeitungspapier zu schaffen machen und ein Papierboot daraus falten.<\/p>\n<p style=\"text-align: center;\"><a href=\"http:\/\/www.sabine-seyffert.de\/blog\/wp-content\/uploads\/2015\/12\/Boot-12.jpg\"><img loading=\"lazy\" decoding=\"async\" class=\"alignnone size-full wp-image-6675\" src=\"http:\/\/www.sabine-seyffert.de\/blog\/wp-content\/uploads\/2015\/12\/Boot-12.jpg\" alt=\"Boot 12\" width=\"600\" height=\"800\" srcset=\"https:\/\/www.sabine-seyffert.de\/blog\/wp-content\/uploads\/2015\/12\/Boot-12.jpg 600w, https:\/\/www.sabine-seyffert.de\/blog\/wp-content\/uploads\/2015\/12\/Boot-12-225x300.jpg 225w\" sizes=\"auto, (max-width: 600px) 100vw, 600px\" \/><\/a><\/p>\n<p style=\"text-align: justify;\">Je nach Gr\u00f6\u00dfe des Geschenks muss man ggf. mehrfach falten um die richtige Schiffgr\u00f6\u00dfe zu erhalten. Aber alte Zeitungen hat man in der Regel ja meist im Haus.<\/p>\n<p><a href=\"http:\/\/www.sabine-seyffert.de\/blog\/wp-content\/uploads\/2015\/12\/Boot-7.jpg\"><img loading=\"lazy\" decoding=\"async\" class=\"alignnone size-full wp-image-6683\" src=\"http:\/\/www.sabine-seyffert.de\/blog\/wp-content\/uploads\/2015\/12\/Boot-7.jpg\" alt=\"Boot 7\" width=\"600\" height=\"800\" srcset=\"https:\/\/www.sabine-seyffert.de\/blog\/wp-content\/uploads\/2015\/12\/Boot-7.jpg 600w, https:\/\/www.sabine-seyffert.de\/blog\/wp-content\/uploads\/2015\/12\/Boot-7-225x300.jpg 225w\" sizes=\"auto, (max-width: 600px) 100vw, 600px\" \/><\/a><\/p>\n<p style=\"text-align: justify;\">Dann schneidet man sich das Foto so zurecht, das lediglich die Person als solche zu sehen ist und platziert dieses an gew\u00fcnschter Stelle in dem Papierboot. Damit die Geschenke nicht durcheinander geraten, habe ich die Fotos fest ins Boot hineingeklebt.<\/p>\n<p style=\"text-align: center;\"><a href=\"http:\/\/www.sabine-seyffert.de\/blog\/wp-content\/uploads\/2015\/12\/Boot-11.jpg\"><img loading=\"lazy\" decoding=\"async\" class=\"alignnone size-full wp-image-6677\" src=\"http:\/\/www.sabine-seyffert.de\/blog\/wp-content\/uploads\/2015\/12\/Boot-11.jpg\" alt=\"Boot 11\" width=\"600\" height=\"800\" srcset=\"https:\/\/www.sabine-seyffert.de\/blog\/wp-content\/uploads\/2015\/12\/Boot-11.jpg 600w, https:\/\/www.sabine-seyffert.de\/blog\/wp-content\/uploads\/2015\/12\/Boot-11-225x300.jpg 225w\" sizes=\"auto, (max-width: 600px) 100vw, 600px\" \/><\/a><\/p>\n<p style=\"text-align: justify;\">Wer mag kann in die Bootsmitte einen Zahnstocher pieken und mit kleiner Fahne bzw. Wimpel versehen. Weil Weihnachten naht, habe ich in der anderen Variante stattdessen einen kleinen Tannenbaum am Stiel befestigt.<\/p>\n<p style=\"text-align: center;\"><a href=\"http:\/\/www.sabine-seyffert.de\/blog\/wp-content\/uploads\/2015\/12\/Boot-1.jpg\"><img loading=\"lazy\" decoding=\"async\" class=\"alignnone size-full wp-image-6678\" src=\"http:\/\/www.sabine-seyffert.de\/blog\/wp-content\/uploads\/2015\/12\/Boot-1.jpg\" alt=\"Boot 1\" width=\"800\" height=\"600\" srcset=\"https:\/\/www.sabine-seyffert.de\/blog\/wp-content\/uploads\/2015\/12\/Boot-1.jpg 800w, https:\/\/www.sabine-seyffert.de\/blog\/wp-content\/uploads\/2015\/12\/Boot-1-300x225.jpg 300w\" sizes=\"auto, (max-width: 800px) 100vw, 800px\" \/><\/a><\/p>\n<p style=\"text-align: justify;\">Mit Hilfe der Buchstabenstempel habe ich die Namen noch aufgedruckt und auf einem der Geschenke mit einem Lackstift Mond und Sterne gemalt.<\/p>\n<p style=\"text-align: center;\"><a href=\"http:\/\/www.sabine-seyffert.de\/blog\/wp-content\/uploads\/2015\/12\/Boot-6.jpg\"><img loading=\"lazy\" decoding=\"async\" class=\"alignnone size-full wp-image-6679\" src=\"http:\/\/www.sabine-seyffert.de\/blog\/wp-content\/uploads\/2015\/12\/Boot-6.jpg\" alt=\"Boot 6\" width=\"800\" height=\"600\" srcset=\"https:\/\/www.sabine-seyffert.de\/blog\/wp-content\/uploads\/2015\/12\/Boot-6.jpg 800w, https:\/\/www.sabine-seyffert.de\/blog\/wp-content\/uploads\/2015\/12\/Boot-6-300x225.jpg 300w\" sizes=\"auto, (max-width: 800px) 100vw, 800px\" \/><\/a><\/p>\n<p style=\"text-align: justify;\">F\u00fcr das Meer bzw. die Wellen habe ich ein Zeitungsblatt ungleichm\u00e4\u00dfig mit schwarzer Wasserfarbe bemalt und dann in Wellenform geschnitten, die aufgeklebt wurden.<\/p>\n<p style=\"text-align: center;\"><a href=\"http:\/\/www.sabine-seyffert.de\/blog\/wp-content\/uploads\/2015\/12\/Boot-8.jpg\"><img loading=\"lazy\" decoding=\"async\" class=\"alignnone size-full wp-image-6680\" src=\"http:\/\/www.sabine-seyffert.de\/blog\/wp-content\/uploads\/2015\/12\/Boot-8.jpg\" alt=\"Boot 8\" width=\"600\" height=\"800\" srcset=\"https:\/\/www.sabine-seyffert.de\/blog\/wp-content\/uploads\/2015\/12\/Boot-8.jpg 600w, https:\/\/www.sabine-seyffert.de\/blog\/wp-content\/uploads\/2015\/12\/Boot-8-225x300.jpg 225w\" sizes=\"auto, (max-width: 600px) 100vw, 600px\" \/><\/a><\/p>\n<p style=\"text-align: justify;\">Weitere Ideen zu ausgefallenen Geschenkverpackungen habe ich <a href=\"http:\/\/www.sabine-seyffert.de\/blog\/?p=6218\" target=\"_blank\">hier<\/a>, <a href=\"http:\/\/www.sabine-seyffert.de\/blog\/?p=5210\" target=\"_blank\">da<\/a>, <a href=\"http:\/\/www.sabine-seyffert.de\/blog\/?p=6442\" target=\"_blank\">dort<\/a> und auch an <a href=\"http:\/\/www.sabine-seyffert.de\/blog\/?p=2780\" target=\"_blank\">dieser Stelle<\/a> schon einmal gezeigt. Andere kreative Sachen werden <a href=\"http:\/\/www.creadienstag.de\/2015\/12\/207.html\" target=\"_blank\">hier<\/a> und auch <a href=\"http:\/\/kiddikram.blogspot.de\/\" target=\"_blank\">da<\/a> gesammelt!<\/p>\n<p style=\"text-align: center;\"><a href=\"http:\/\/www.sabine-seyffert.de\/blog\/wp-content\/uploads\/2015\/12\/Boot-10.jpg\"><img loading=\"lazy\" decoding=\"async\" class=\"alignnone size-full wp-image-6681\" src=\"http:\/\/www.sabine-seyffert.de\/blog\/wp-content\/uploads\/2015\/12\/Boot-10.jpg\" alt=\"Boot 10\" width=\"800\" height=\"600\" srcset=\"https:\/\/www.sabine-seyffert.de\/blog\/wp-content\/uploads\/2015\/12\/Boot-10.jpg 800w, https:\/\/www.sabine-seyffert.de\/blog\/wp-content\/uploads\/2015\/12\/Boot-10-300x225.jpg 300w\" sizes=\"auto, (max-width: 800px) 100vw, 800px\" \/><\/a><\/p>\n<p style=\"text-align: justify;\"><a href=\"http:\/\/www.sabine-seyffert.de\/blog\/?page_id=32#urheberrecht\">urheberrechtlich gesch\u00fctzt<\/a>, \u00a9 Sabine Seyffert<\/p>\n","protected":false},"excerpt":{"rendered":"<p>Vor Weihnachten warten ja so allerhand Geschenke darauf, eingepackt zu werden. F\u00fcr zwei dieser Geschenke habe ich mir spontan etwas ganz ausgefallenes einfallen lassen, dass ich Euch gerne noch zeigen m\u00f6chte, bevor sich die Adventszeit dem Ende neigt. Diese Verpackungsidee kann man, wenn man das weihnachtliche Motiv am Stiel wegl\u00e4sst, jederzeit im Jahr f\u00fcr Geschenke&#8230; <a href=\"https:\/\/www.sabine-seyffert.de\/blog\/diy-upcycling-ausgefallen-pfiffige-verpackungsidee-nicht-nur-in-der-weihnachtszeit\/\" class=\"more-link\">Read more: DIY &#038; Upcycling: Ausgefallen, pfiffige Verpackungsidee, nicht nur in der Weihnachtszeit!<\/a><\/p>\n","protected":false},"author":2,"featured_media":6678,"comment_status":"open","ping_status":"open","sticky":false,"template":"","format":"standard","meta":{"_metis_text_type":"","_metis_text_length":2029,"_post_count":0,"footnotes":""},"categories":[41,49,47],"tags":[],"class_list":["post-6672","post","type-post","status-publish","format-standard","has-post-thumbnail","hentry","category-weihnachten","category-verpackungsideen","category-upcyceltes"],"_links":{"self":[{"href":"https:\/\/www.sabine-seyffert.de\/blog\/wp-json\/wp\/v2\/posts\/6672","targetHints":{"allow":["GET"]}}],"collection":[{"href":"https:\/\/www.sabine-seyffert.de\/blog\/wp-json\/wp\/v2\/posts"}],"about":[{"href":"https:\/\/www.sabine-seyffert.de\/blog\/wp-json\/wp\/v2\/types\/post"}],"author":[{"embeddable":true,"href":"https:\/\/www.sabine-seyffert.de\/blog\/wp-json\/wp\/v2\/users\/2"}],"replies":[{"embeddable":true,"href":"https:\/\/www.sabine-seyffert.de\/blog\/wp-json\/wp\/v2\/comments?post=6672"}],"version-history":[{"count":5,"href":"https:\/\/www.sabine-seyffert.de\/blog\/wp-json\/wp\/v2\/posts\/6672\/revisions"}],"predecessor-version":[{"id":6687,"href":"https:\/\/www.sabine-seyffert.de\/blog\/wp-json\/wp\/v2\/posts\/6672\/revisions\/6687"}],"wp:featuredmedia":[{"embeddable":true,"href":"https:\/\/www.sabine-seyffert.de\/blog\/wp-json\/wp\/v2\/media\/6678"}],"wp:attachment":[{"href":"https:\/\/www.sabine-seyffert.de\/blog\/wp-json\/wp\/v2\/media?parent=6672"}],"wp:term":[{"taxonomy":"category","embeddable":true,"href":"https:\/\/www.sabine-seyffert.de\/blog\/wp-json\/wp\/v2\/categories?post=6672"},{"taxonomy":"post_tag","embeddable":true,"href":"https:\/\/www.sabine-seyffert.de\/blog\/wp-json\/wp\/v2\/tags?post=6672"}],"curies":[{"name":"wp","href":"https:\/\/api.w.org\/{rel}","templated":true}]}}