{"id":6663,"date":"2015-12-18T11:16:42","date_gmt":"2015-12-18T09:16:42","guid":{"rendered":"http:\/\/www.sabine-seyffert.de\/blog\/?p=6663"},"modified":"2017-03-02T10:44:17","modified_gmt":"2017-03-02T08:44:17","slug":"diy-fuer-weihnachten-kerzen-bemalen-kinder-basteln-weihnachtsgeschenke","status":"publish","type":"post","link":"https:\/\/www.sabine-seyffert.de\/blog\/diy-fuer-weihnachten-kerzen-bemalen-kinder-basteln-weihnachtsgeschenke\/","title":{"rendered":"DIY f\u00fcr Weihnachten: Kerzen bemalen \u2013 Kinder basteln Weihnachtsgeschenke"},"content":{"rendered":"<p style=\"text-align: justify;\"><img loading=\"lazy\" decoding=\"async\" src=\"https:\/\/ssl-vg03.met.vgwort.de\/na\/850bd9b2b2c14575bc42d3b69406d055\" alt=\"\" width=\"1\" height=\"1\" \/>Eine Advents- und Weihnachtszeit ohne Kerzen? Bei uns schlichtweg undenkbar. Und weil bei uns in dieser Zeit allerhand Kerzen ihr Licht im ganzen Haus verteilen, haben wir uns in diesem Jahr einige Bastelideen mit Kerzen ausgedacht. Wie beispielsweise die <a href=\"http:\/\/www.sabine-seyffert.de\/blog\/?p=6562\" target=\"_blank\">leuchtenden Kerzen f\u00fcrs Fenster<\/a>, die sich wunderbar als Mitbringsel in der Adventszeit aber auch prima als Weihnachtsgeschenke eignen.<\/p>\n<p style=\"text-align: center;\"><a href=\"http:\/\/www.sabine-seyffert.de\/blog\/wp-content\/uploads\/2015\/12\/A-16.jpg\"><img loading=\"lazy\" decoding=\"async\" class=\"alignnone size-full wp-image-6664\" src=\"http:\/\/www.sabine-seyffert.de\/blog\/wp-content\/uploads\/2015\/12\/A-16.jpg\" alt=\"A 1\" width=\"600\" height=\"800\" srcset=\"https:\/\/www.sabine-seyffert.de\/blog\/wp-content\/uploads\/2015\/12\/A-16.jpg 600w, https:\/\/www.sabine-seyffert.de\/blog\/wp-content\/uploads\/2015\/12\/A-16-225x300.jpg 225w\" sizes=\"auto, (max-width: 600px) 100vw, 600px\" \/><\/a><\/p>\n<p style=\"text-align: justify;\">Eine weitere Idee f\u00fcr alle Kinder, die gerne Geschenke basteln ist folgende:<\/p>\n<p style=\"text-align: justify;\"><strong>Das wird gebraucht:<\/strong><br \/>\n1 gro\u00dfe, wei\u00dfe Kerze, farbige Kerzenpens \/ Kerzenstifte in unterschiedlichen Farben<\/p>\n<p style=\"text-align: center;\"><a href=\"http:\/\/www.sabine-seyffert.de\/blog\/wp-content\/uploads\/2015\/12\/A-25.jpg\"><img loading=\"lazy\" decoding=\"async\" class=\"alignnone size-full wp-image-6665\" src=\"http:\/\/www.sabine-seyffert.de\/blog\/wp-content\/uploads\/2015\/12\/A-25.jpg\" alt=\"A 2\" width=\"600\" height=\"800\" srcset=\"https:\/\/www.sabine-seyffert.de\/blog\/wp-content\/uploads\/2015\/12\/A-25.jpg 600w, https:\/\/www.sabine-seyffert.de\/blog\/wp-content\/uploads\/2015\/12\/A-25-225x300.jpg 225w\" sizes=\"auto, (max-width: 600px) 100vw, 600px\" \/><\/a><\/p>\n<p style=\"text-align: justify;\"><strong>So wird\u2019s gemacht:<\/strong><br \/>\nDiese Bastel- und Geschenkidee ist so denkbar einfach, dass es auch die kleinsten Kinderh\u00e4nde schaffen. Man nimmt eine wei\u00dfe Kerze aus der Verpackung und kann diese mit Hilfe der bunten Kerzenstifte verzieren und versch\u00f6nern. Dabei sind der Fantasie keinerlei Grenzen gesetzt.<\/p>\n<p style=\"text-align: center;\"><a href=\"http:\/\/www.sabine-seyffert.de\/blog\/wp-content\/uploads\/2015\/12\/A-02.jpg\"><img loading=\"lazy\" decoding=\"async\" class=\"alignnone size-full wp-image-6666\" src=\"http:\/\/www.sabine-seyffert.de\/blog\/wp-content\/uploads\/2015\/12\/A-02.jpg\" alt=\"A 0\" width=\"600\" height=\"800\" srcset=\"https:\/\/www.sabine-seyffert.de\/blog\/wp-content\/uploads\/2015\/12\/A-02.jpg 600w, https:\/\/www.sabine-seyffert.de\/blog\/wp-content\/uploads\/2015\/12\/A-02-225x300.jpg 225w\" sizes=\"auto, (max-width: 600px) 100vw, 600px\" \/><\/a><\/p>\n<p style=\"text-align: justify;\">Ob man mit den Stiften kleine allover Muster auf die Kerze tupft oder diese mit lauter kleinen P\u00fcnktchen verziert, oder aber weihnachtliche Motive damit malt, ist ganz egal. Schulkinder k\u00f6nnen mit Hilfe der Stifte auch einen kleinen Weihnachtsgru\u00df auf die Kerze schreiben oder den Namen darauf notieren, f\u00fcr die diese weihnachtliche Kerze gedacht ist!<\/p>\n<p style=\"text-align: center;\"><a href=\"http:\/\/www.sabine-seyffert.de\/blog\/wp-content\/uploads\/2015\/12\/A-46.jpg\"><img loading=\"lazy\" decoding=\"async\" class=\"alignnone size-full wp-image-6667\" src=\"http:\/\/www.sabine-seyffert.de\/blog\/wp-content\/uploads\/2015\/12\/A-46.jpg\" alt=\"A 4\" width=\"600\" height=\"800\" srcset=\"https:\/\/www.sabine-seyffert.de\/blog\/wp-content\/uploads\/2015\/12\/A-46.jpg 600w, https:\/\/www.sabine-seyffert.de\/blog\/wp-content\/uploads\/2015\/12\/A-46-225x300.jpg 225w\" sizes=\"auto, (max-width: 600px) 100vw, 600px\" \/><\/a><\/p>\n<p style=\"text-align: justify;\">Das Sch\u00f6ne an dieser stimmungsvollen DIY Idee ist, das man diese auch prima noch ganz kurz vor dem Weihnachtsabend basteln kann.<\/p>\n<p style=\"text-align: center;\"><a href=\"http:\/\/www.sabine-seyffert.de\/blog\/wp-content\/uploads\/2015\/12\/A-56.jpg\"><img loading=\"lazy\" decoding=\"async\" class=\"alignnone size-full wp-image-6668\" src=\"http:\/\/www.sabine-seyffert.de\/blog\/wp-content\/uploads\/2015\/12\/A-56.jpg\" alt=\"A 5\" width=\"600\" height=\"800\" srcset=\"https:\/\/www.sabine-seyffert.de\/blog\/wp-content\/uploads\/2015\/12\/A-56.jpg 600w, https:\/\/www.sabine-seyffert.de\/blog\/wp-content\/uploads\/2015\/12\/A-56-225x300.jpg 225w\" sizes=\"auto, (max-width: 600px) 100vw, 600px\" \/><\/a><\/p>\n<p style=\"text-align: justify;\">Wie w\u00e4re es beispielsweise mit einem gemeinsamen Kreativnachmittag am letzten Adventswochenende? Da bekommt jedes Familienmitglied eine Kerze und jeder darf munter drauf losmalen. Ein riesen Spa\u00df f\u00fcr die ganze Familie und eine sch\u00f6ne Besch\u00e4ftigung um die Adventszeit gemeinsam zu genie\u00dfen\u2026<\/p>\n<p style=\"text-align: center;\"><a href=\"http:\/\/www.sabine-seyffert.de\/blog\/wp-content\/uploads\/2015\/12\/A-64.jpg\"><img loading=\"lazy\" decoding=\"async\" class=\"alignnone size-full wp-image-6669\" src=\"http:\/\/www.sabine-seyffert.de\/blog\/wp-content\/uploads\/2015\/12\/A-64.jpg\" alt=\"A 6\" width=\"600\" height=\"800\" srcset=\"https:\/\/www.sabine-seyffert.de\/blog\/wp-content\/uploads\/2015\/12\/A-64.jpg 600w, https:\/\/www.sabine-seyffert.de\/blog\/wp-content\/uploads\/2015\/12\/A-64-225x300.jpg 225w\" sizes=\"auto, (max-width: 600px) 100vw, 600px\" \/><\/a><\/p>\n<p style=\"text-align: justify;\">Weitere Ideen f\u00fcr Weihnachten und den Advent findet Ihr \u00fcbrigens in <a href=\"http:\/\/www.sabine-seyffert.de\/blog\/?cat=41\" target=\"_blank\">dieser Rubrik<\/a>, kreative Ideen f\u00fcr kleine Kinderh\u00e4nde tummeln sich <a href=\"http:\/\/www.sabine-seyffert.de\/blog\/?cat=32\" target=\"_blank\">hier<\/a> &amp; <a href=\"http:\/\/kiddikram.blogspot.de\/\" target=\"_blank\">da<\/a> und Frau Zauberpunkt sammelt auf <a href=\"http:\/\/zauberpunkt.blogspot.ch\/2015\/11\/linkparty-weihnachtsgeschenke-basteln.html\" target=\"_blank\">Ihrem Blog<\/a> Ideen f\u00fcr Geschenke, die man mit Kindern basteln kann. Schaut doch mal vorbei!<\/p>\n<p style=\"text-align: justify;\"><a href=\"http:\/\/www.sabine-seyffert.de\/blog\/?page_id=32#urheberrecht\">urheberrechtlich gesch\u00fctzt<\/a>, \u00a9 Sabine Seyffert<\/p>\n<p style=\"text-align: justify;\">\n","protected":false},"excerpt":{"rendered":"<p>Eine Advents- und Weihnachtszeit ohne Kerzen? Bei uns schlichtweg undenkbar. Und weil bei uns in dieser Zeit allerhand Kerzen ihr Licht im ganzen Haus verteilen, haben wir uns in diesem Jahr einige Bastelideen mit Kerzen ausgedacht. Wie beispielsweise die leuchtenden Kerzen f\u00fcrs Fenster, die sich wunderbar als Mitbringsel in der Adventszeit aber auch prima als&#8230; <a href=\"https:\/\/www.sabine-seyffert.de\/blog\/diy-fuer-weihnachten-kerzen-bemalen-kinder-basteln-weihnachtsgeschenke\/\" class=\"more-link\">Read more: DIY f\u00fcr Weihnachten: Kerzen bemalen \u2013 Kinder basteln Weihnachtsgeschenke<\/a><\/p>\n","protected":false},"author":2,"featured_media":6669,"comment_status":"open","ping_status":"open","sticky":false,"template":"","format":"standard","meta":{"_metis_text_type":"","_metis_text_length":1955,"_post_count":0,"footnotes":""},"categories":[41,32,36],"tags":[],"class_list":["post-6663","post","type-post","status-publish","format-standard","has-post-thumbnail","hentry","category-weihnachten","category-kreatives-fur-kleine-kinderhande","category-klitzekleine-geschenkideen"],"_links":{"self":[{"href":"https:\/\/www.sabine-seyffert.de\/blog\/wp-json\/wp\/v2\/posts\/6663","targetHints":{"allow":["GET"]}}],"collection":[{"href":"https:\/\/www.sabine-seyffert.de\/blog\/wp-json\/wp\/v2\/posts"}],"about":[{"href":"https:\/\/www.sabine-seyffert.de\/blog\/wp-json\/wp\/v2\/types\/post"}],"author":[{"embeddable":true,"href":"https:\/\/www.sabine-seyffert.de\/blog\/wp-json\/wp\/v2\/users\/2"}],"replies":[{"embeddable":true,"href":"https:\/\/www.sabine-seyffert.de\/blog\/wp-json\/wp\/v2\/comments?post=6663"}],"version-history":[{"count":2,"href":"https:\/\/www.sabine-seyffert.de\/blog\/wp-json\/wp\/v2\/posts\/6663\/revisions"}],"predecessor-version":[{"id":6671,"href":"https:\/\/www.sabine-seyffert.de\/blog\/wp-json\/wp\/v2\/posts\/6663\/revisions\/6671"}],"wp:featuredmedia":[{"embeddable":true,"href":"https:\/\/www.sabine-seyffert.de\/blog\/wp-json\/wp\/v2\/media\/6669"}],"wp:attachment":[{"href":"https:\/\/www.sabine-seyffert.de\/blog\/wp-json\/wp\/v2\/media?parent=6663"}],"wp:term":[{"taxonomy":"category","embeddable":true,"href":"https:\/\/www.sabine-seyffert.de\/blog\/wp-json\/wp\/v2\/categories?post=6663"},{"taxonomy":"post_tag","embeddable":true,"href":"https:\/\/www.sabine-seyffert.de\/blog\/wp-json\/wp\/v2\/tags?post=6663"}],"curies":[{"name":"wp","href":"https:\/\/api.w.org\/{rel}","templated":true}]}}