{"id":666,"date":"2013-03-02T10:42:03","date_gmt":"2013-03-02T08:42:03","guid":{"rendered":"http:\/\/www.sabine-seyffert.de\/blog\/?p=666"},"modified":"2017-03-06T18:26:06","modified_gmt":"2017-03-06T16:26:06","slug":"bunte-wimpel-und-wehende-fahnchen-als-partydeko","status":"publish","type":"post","link":"https:\/\/www.sabine-seyffert.de\/blog\/bunte-wimpel-und-wehende-fahnchen-als-partydeko\/","title":{"rendered":"Bunte Wimpel und wehende F\u00e4hnchen als Partydeko"},"content":{"rendered":"<p style=\"text-align: justify;\"><img loading=\"lazy\" decoding=\"async\" src=\"https:\/\/ssl-vg03.met.vgwort.de\/na\/f8172d2c036642b3802ee70ea304652a\" alt=\"\" width=\"1\" height=\"1\" \/><a href=\"http:\/\/www.sabine-seyffert.de\/blog\/wp-content\/uploads\/2013\/03\/Wimpel-Copy-3.jpg\"><img loading=\"lazy\" decoding=\"async\" class=\"size-full wp-image-667 aligncenter\" src=\"http:\/\/www.sabine-seyffert.de\/blog\/wp-content\/uploads\/2013\/03\/Wimpel-Copy-3.jpg\" alt=\"Wimpel Copy 3\" width=\"650\" height=\"487\" srcset=\"https:\/\/www.sabine-seyffert.de\/blog\/wp-content\/uploads\/2013\/03\/Wimpel-Copy-3.jpg 800w, https:\/\/www.sabine-seyffert.de\/blog\/wp-content\/uploads\/2013\/03\/Wimpel-Copy-3-300x225.jpg 300w\" sizes=\"auto, (max-width: 650px) 100vw, 650px\" \/><\/a><\/p>\n<p style=\"text-align: justify;\">Der n\u00e4chste Kindergeburtstag steht in K\u00fcrze an und so habe ich f\u00fcr die Feier schon mal hier und da gest\u00f6bert um einen \u00dcberblick zu haben, was ich noch alles brauche. Bei einem Laden habe ich kleine Partyschirmchen entdeckt und wei\u00df, dass unsere j\u00fcngste Tochter diese so hei\u00df und innig liebt, da\u00df ich ihr damit eine riesen Freude machen w\u00fcrde. Ebenso gut wei\u00df ich, wie schnell die Tr\u00e4nen flie\u00dfen, weil die bunten Schirme erfahrungsgem\u00e4\u00df im Nu kaputt sind und ihre Sch\u00f6nheit nie von langer Dauer ist.<br \/>\nSo sa\u00df ich am Schreibtisch und gr\u00fcbelte dar\u00fcber nach was sich alternativ als lustige Party- und Tischdeko eignen w\u00fcrde. Und da ich noch von einem anderen Geschenk einige Stoffreste in meinem B\u00fcro herumlagen, kam mir ganz spontan die Idee, genau diese Reste zu nutzen:<\/p>\n<p><a href=\"http:\/\/www.sabine-seyffert.de\/blog\/wp-content\/uploads\/2013\/03\/Wimpel-Copy-4.jpg\"><img loading=\"lazy\" decoding=\"async\" class=\"size-full wp-image-668 aligncenter\" src=\"http:\/\/www.sabine-seyffert.de\/blog\/wp-content\/uploads\/2013\/03\/Wimpel-Copy-4.jpg\" alt=\"Wimpel Copy 4\" width=\"652\" height=\"499\" srcset=\"https:\/\/www.sabine-seyffert.de\/blog\/wp-content\/uploads\/2013\/03\/Wimpel-Copy-4.jpg 652w, https:\/\/www.sabine-seyffert.de\/blog\/wp-content\/uploads\/2013\/03\/Wimpel-Copy-4-300x229.jpg 300w\" sizes=\"auto, (max-width: 652px) 100vw, 652px\" \/><\/a><\/p>\n<p style=\"text-align: justify;\"><strong>Das wird gebraucht:<\/strong><br \/>\nZahnstocher aus Holz, Stoffreste, eine Stoffschere, N\u00e4hgarn und eine N\u00e4hmaschine<\/p>\n<p style=\"text-align: center;\"><a href=\"http:\/\/www.sabine-seyffert.de\/blog\/wp-content\/uploads\/2013\/03\/Wimpel-Copy-2.jpg\"><img loading=\"lazy\" decoding=\"async\" class=\"alignnone size-full wp-image-669\" src=\"http:\/\/www.sabine-seyffert.de\/blog\/wp-content\/uploads\/2013\/03\/Wimpel-Copy-2.jpg\" alt=\"Wimpel Copy 2\" width=\"655\" height=\"555\" srcset=\"https:\/\/www.sabine-seyffert.de\/blog\/wp-content\/uploads\/2013\/03\/Wimpel-Copy-2.jpg 655w, https:\/\/www.sabine-seyffert.de\/blog\/wp-content\/uploads\/2013\/03\/Wimpel-Copy-2-300x254.jpg 300w\" sizes=\"auto, (max-width: 655px) 100vw, 655px\" \/><\/a><\/p>\n<p style=\"text-align: justify;\"><strong>So wird\u2019s gemacht:<\/strong><br \/>\nDie Stoffreste waren so sch\u00f6n gemustert und somit sahen diese teilweise aus, wie genau die Schirmchen, die ich entdeckt hatte. Warum nicht aus den Resten selbst etwas \u00c4hnliches basteln? Zahnstocher haben wir im Haus \u2013 somit w\u00e4re das Grundger\u00fcst des Partypiekers schon mal vorhanden. Dann habe ich aus den Stoffresten mit Hilfe einer Stoffschere kleinere St\u00fccke ausgeschnitten. Und zwar kleine Rechtecke und Rauten, die dann zusammengeklappt kleine \u201eF\u00e4hnchen\u201c oder auch Wimpel ergeben. Damit diese auf den Zahnstochern halten, habe ich mir die N\u00e4hmaschine geschnappt und an dem Rand, wo der Stoff aufeinander liegt bzw. ca. 2 mm daneben eine kleine, einfache Naht gen\u00e4ht. Durch die kleine \u00d6ffnung, die an dem aufeinander liegenden Ende entstanden ist, habe ich die Zahnstocher geschoben. Das geht wirklich Ratz Fatz und sieht einfach niedlich aus. Einige der F\u00e4hnchen habe ich an den R\u00e4ndern mit der Zickzackschere umrandet, da meine Tochter derzeit ganz hei\u00df auf diese Zackenschere ist und damit t\u00e4glich hantiert. Zudem werden die Partypieker dadurch noch abwechslungsreicher.<br \/>\nJetzt fehlen nur noch der Kuchen, kleine Obstst\u00fccke oder kleine Brote, in die man die bunten Wimpel und F\u00e4hnchen als Deko stecken kann. Viel Spa\u00df beim Feiern!<\/p>\n<p style=\"text-align: center;\"><a href=\"http:\/\/www.sabine-seyffert.de\/blog\/wp-content\/uploads\/2013\/03\/Wimpel-Copy-5.jpg\"><img loading=\"lazy\" decoding=\"async\" class=\"alignnone size-full wp-image-670\" src=\"http:\/\/www.sabine-seyffert.de\/blog\/wp-content\/uploads\/2013\/03\/Wimpel-Copy-5.jpg\" alt=\"Wimpel Copy 5\" width=\"640\" height=\"650\" srcset=\"https:\/\/www.sabine-seyffert.de\/blog\/wp-content\/uploads\/2013\/03\/Wimpel-Copy-5.jpg 795w, https:\/\/www.sabine-seyffert.de\/blog\/wp-content\/uploads\/2013\/03\/Wimpel-Copy-5-295x300.jpg 295w\" sizes=\"auto, (max-width: 640px) 100vw, 640px\" \/><\/a><\/p>\n<p><a href=\"http:\/\/www.sabine-seyffert.de\/blog\/?page_id=32#urheberrecht\">urherrechtlich gesch\u00fctzt<\/a>, \u00a9 Sabine Seyffert<\/p>\n","protected":false},"excerpt":{"rendered":"<p>Der n\u00e4chste Kindergeburtstag steht in K\u00fcrze an und so habe ich f\u00fcr die Feier schon mal hier und da gest\u00f6bert um einen \u00dcberblick zu haben, was ich noch alles brauche. Bei einem Laden habe ich kleine Partyschirmchen entdeckt und wei\u00df, dass unsere j\u00fcngste Tochter diese so hei\u00df und innig liebt, da\u00df ich ihr damit eine&#8230; <a href=\"https:\/\/www.sabine-seyffert.de\/blog\/bunte-wimpel-und-wehende-fahnchen-als-partydeko\/\" class=\"more-link\">Read more: Bunte Wimpel und wehende F\u00e4hnchen als Partydeko<\/a><\/p>\n","protected":false},"author":1,"featured_media":0,"comment_status":"open","ping_status":"open","sticky":false,"template":"","format":"standard","meta":{"_metis_text_type":"","_metis_text_length":2166,"_post_count":0,"footnotes":""},"categories":[12,21],"tags":[],"class_list":["post-666","post","type-post","status-publish","format-standard","hentry","category-deko-ideen","category-kinderfeste-partys"],"_links":{"self":[{"href":"https:\/\/www.sabine-seyffert.de\/blog\/wp-json\/wp\/v2\/posts\/666","targetHints":{"allow":["GET"]}}],"collection":[{"href":"https:\/\/www.sabine-seyffert.de\/blog\/wp-json\/wp\/v2\/posts"}],"about":[{"href":"https:\/\/www.sabine-seyffert.de\/blog\/wp-json\/wp\/v2\/types\/post"}],"author":[{"embeddable":true,"href":"https:\/\/www.sabine-seyffert.de\/blog\/wp-json\/wp\/v2\/users\/1"}],"replies":[{"embeddable":true,"href":"https:\/\/www.sabine-seyffert.de\/blog\/wp-json\/wp\/v2\/comments?post=666"}],"version-history":[{"count":8,"href":"https:\/\/www.sabine-seyffert.de\/blog\/wp-json\/wp\/v2\/posts\/666\/revisions"}],"predecessor-version":[{"id":9901,"href":"https:\/\/www.sabine-seyffert.de\/blog\/wp-json\/wp\/v2\/posts\/666\/revisions\/9901"}],"wp:attachment":[{"href":"https:\/\/www.sabine-seyffert.de\/blog\/wp-json\/wp\/v2\/media?parent=666"}],"wp:term":[{"taxonomy":"category","embeddable":true,"href":"https:\/\/www.sabine-seyffert.de\/blog\/wp-json\/wp\/v2\/categories?post=666"},{"taxonomy":"post_tag","embeddable":true,"href":"https:\/\/www.sabine-seyffert.de\/blog\/wp-json\/wp\/v2\/tags?post=666"}],"curies":[{"name":"wp","href":"https:\/\/api.w.org\/{rel}","templated":true}]}}