{"id":6652,"date":"2015-12-17T09:07:56","date_gmt":"2015-12-17T07:07:56","guid":{"rendered":"http:\/\/www.sabine-seyffert.de\/blog\/?p=6652"},"modified":"2017-03-02T10:46:09","modified_gmt":"2017-03-02T08:46:09","slug":"geschenke-aus-der-kueche-weihnachtliche-kirschmarmelade-zum-verschenken","status":"publish","type":"post","link":"https:\/\/www.sabine-seyffert.de\/blog\/geschenke-aus-der-kueche-weihnachtliche-kirschmarmelade-zum-verschenken\/","title":{"rendered":"Geschenke aus der K\u00fcche \u2013 weihnachtliche Kirschmarmelade zum Verschenken"},"content":{"rendered":"<p style=\"text-align: justify;\"><img loading=\"lazy\" decoding=\"async\" src=\"https:\/\/ssl-vg03.met.vgwort.de\/na\/113d3b7f2ed249ba81c4e4766ccfbd3a\" alt=\"\" width=\"1\" height=\"1\" \/>Dass ich Geschenke aus der K\u00fcche sehr liebe, ist f\u00fcr Euch als Leser ganz sicher nichts Neues. Gerade in der <a href=\"http:\/\/www.sabine-seyffert.de\/blog\/?cat=41\" target=\"_blank\">Adventszeit und an Weihnachten<\/a> finde ich diese \u00fcberaus praktisch. Denn hier kann man kleinere Mitbringsel immer sehr gut gebrauchen. Daher geht es in unserer K\u00fcche zum Jahresende immer ganz weihnachtlich zu. Und aus diesem Grund habe ich auch dieses Jahr wieder einmal allerhand Marmelade eingekocht.<\/p>\n<p style=\"text-align: center;\"><a href=\"http:\/\/www.sabine-seyffert.de\/blog\/wp-content\/uploads\/2015\/12\/A-01.jpg\"><img loading=\"lazy\" decoding=\"async\" class=\"alignnone size-full wp-image-6653\" src=\"http:\/\/www.sabine-seyffert.de\/blog\/wp-content\/uploads\/2015\/12\/A-01.jpg\" alt=\"A 0\" width=\"800\" height=\"599\" srcset=\"https:\/\/www.sabine-seyffert.de\/blog\/wp-content\/uploads\/2015\/12\/A-01.jpg 800w, https:\/\/www.sabine-seyffert.de\/blog\/wp-content\/uploads\/2015\/12\/A-01-300x225.jpg 300w\" sizes=\"auto, (max-width: 800px) 100vw, 800px\" \/><\/a><\/p>\n<p style=\"text-align: justify;\"><strong>Das wird gebraucht:<\/strong><br \/>\nKnapp 1 Kilo Kirschen tiefgek\u00fchlt (bei mir waren es exakt 960 gr), 100 gr. Marzipanrohmasse, 2 Essl\u00f6ffel Amaretto, 1 Vanilleschote, 1 Kilo Gelierzucker 1:1, Zimt<\/p>\n<p style=\"text-align: center;\"><a href=\"http:\/\/www.sabine-seyffert.de\/blog\/wp-content\/uploads\/2015\/12\/A-55.jpg\"><img loading=\"lazy\" decoding=\"async\" class=\"alignnone size-full wp-image-6654\" src=\"http:\/\/www.sabine-seyffert.de\/blog\/wp-content\/uploads\/2015\/12\/A-55.jpg\" alt=\"A 5\" width=\"800\" height=\"600\" srcset=\"https:\/\/www.sabine-seyffert.de\/blog\/wp-content\/uploads\/2015\/12\/A-55.jpg 800w, https:\/\/www.sabine-seyffert.de\/blog\/wp-content\/uploads\/2015\/12\/A-55-300x225.jpg 300w\" sizes=\"auto, (max-width: 800px) 100vw, 800px\" \/><\/a><\/p>\n<p style=\"text-align: justify;\"><strong>So wird\u2019s gemacht:<\/strong><br \/>\nDie Kirschen l\u00e4sst man tauen und p\u00fcriert das Obst samt dem Marzipan gut durch, so dass man einen feinen Fruchtbrei hat. Diesen vermengt man in einem gro\u00dfen Topf mit dem Gelierzucker und kocht dies unter st\u00e4ndigem R\u00fchren auf.<\/p>\n<p style=\"text-align: center;\"><a href=\"http:\/\/www.sabine-seyffert.de\/blog\/wp-content\/uploads\/2015\/12\/A-91.jpg\"><img loading=\"lazy\" decoding=\"async\" class=\"alignnone size-full wp-image-6655\" src=\"http:\/\/www.sabine-seyffert.de\/blog\/wp-content\/uploads\/2015\/12\/A-91.jpg\" alt=\"A 9\" width=\"800\" height=\"600\" srcset=\"https:\/\/www.sabine-seyffert.de\/blog\/wp-content\/uploads\/2015\/12\/A-91.jpg 800w, https:\/\/www.sabine-seyffert.de\/blog\/wp-content\/uploads\/2015\/12\/A-91-300x225.jpg 300w\" sizes=\"auto, (max-width: 800px) 100vw, 800px\" \/><\/a><\/p>\n<p style=\"text-align: justify;\">Diese Obstzucker Mischung sollte 4-5 Minuten sprudelnd k\u00f6cheln. Auch dabei st\u00e4ndig r\u00fchren, damit nichts anbrennt! Kurz bevor man den Topf vom Herd nimmt, gibt man den Amaretto hinzu, das Mark einer aufgeschnittenen Vanilleschote sowie etwas Zimt.<\/p>\n<p style=\"text-align: center;\"><a href=\"http:\/\/www.sabine-seyffert.de\/blog\/wp-content\/uploads\/2015\/12\/A-102.jpg\"><img loading=\"lazy\" decoding=\"async\" class=\"alignnone size-full wp-image-6656\" src=\"http:\/\/www.sabine-seyffert.de\/blog\/wp-content\/uploads\/2015\/12\/A-102.jpg\" alt=\"A 10\" width=\"800\" height=\"600\" srcset=\"https:\/\/www.sabine-seyffert.de\/blog\/wp-content\/uploads\/2015\/12\/A-102.jpg 800w, https:\/\/www.sabine-seyffert.de\/blog\/wp-content\/uploads\/2015\/12\/A-102-300x225.jpg 300w\" sizes=\"auto, (max-width: 800px) 100vw, 800px\" \/><\/a><\/p>\n<p style=\"text-align: justify;\">Direkt im Anschluss f\u00fcllt man die Weihnachtsmarmelade schnell in saubere, trockene Marmeladengl\u00e4ser und verschlie\u00dft diese mit passendem Deckel.<\/p>\n<p style=\"text-align: center;\"><a href=\"http:\/\/www.sabine-seyffert.de\/blog\/wp-content\/uploads\/2015\/12\/A-15.jpg\"><img loading=\"lazy\" decoding=\"async\" class=\"alignnone size-full wp-image-6657\" src=\"http:\/\/www.sabine-seyffert.de\/blog\/wp-content\/uploads\/2015\/12\/A-15.jpg\" alt=\"A 1\" width=\"800\" height=\"600\" srcset=\"https:\/\/www.sabine-seyffert.de\/blog\/wp-content\/uploads\/2015\/12\/A-15.jpg 800w, https:\/\/www.sabine-seyffert.de\/blog\/wp-content\/uploads\/2015\/12\/A-15-300x225.jpg 300w\" sizes=\"auto, (max-width: 800px) 100vw, 800px\" \/><\/a><\/p>\n<p style=\"text-align: justify;\">Nachdem die Marmelade ausgek\u00fchlt ist, kann man die Gl\u00e4ser auf Wunsch mit einer Banderole, selbst gemachten Anh\u00e4ngern (\u00e4hnlich wie <a href=\"http:\/\/www.sabine-seyffert.de\/blog\/?p=5761\" target=\"_blank\">bei dieser Verpackungsidee<\/a> oder auch <a href=\"http:\/\/www.sabine-seyffert.de\/blog\/?p=5414\" target=\"_blank\">jener Idee<\/a>) oder einfach mit einem runden St\u00fcck Papier am Deckel verzieren und beschriften. Auf diese Weise hat man ein ganz k\u00f6stliches Mitbringsel zur Hand.<\/p>\n<p style=\"text-align: center;\"><a href=\"http:\/\/www.sabine-seyffert.de\/blog\/wp-content\/uploads\/2015\/12\/A-24.jpg\"><img loading=\"lazy\" decoding=\"async\" class=\"alignnone size-full wp-image-6658\" src=\"http:\/\/www.sabine-seyffert.de\/blog\/wp-content\/uploads\/2015\/12\/A-24.jpg\" alt=\"A 2\" width=\"778\" height=\"598\" srcset=\"https:\/\/www.sabine-seyffert.de\/blog\/wp-content\/uploads\/2015\/12\/A-24.jpg 778w, https:\/\/www.sabine-seyffert.de\/blog\/wp-content\/uploads\/2015\/12\/A-24-300x231.jpg 300w\" sizes=\"auto, (max-width: 778px) 100vw, 778px\" \/><\/a><\/p>\n<p style=\"text-align: justify;\">Allerdings solltet Ihr auch f\u00fcr Euch etwas von der leckeren Marmelade behalten und Euch die Adventszeit damit im wahrsten Sinne des Wortes \u201evers\u00fc\u00dfen\u201c!<\/p>\n<p style=\"text-align: center;\"><a href=\"http:\/\/www.sabine-seyffert.de\/blog\/wp-content\/uploads\/2015\/12\/A-45.jpg\"><img loading=\"lazy\" decoding=\"async\" class=\"alignnone size-full wp-image-6659\" src=\"http:\/\/www.sabine-seyffert.de\/blog\/wp-content\/uploads\/2015\/12\/A-45.jpg\" alt=\"A 4\" width=\"800\" height=\"600\" srcset=\"https:\/\/www.sabine-seyffert.de\/blog\/wp-content\/uploads\/2015\/12\/A-45.jpg 800w, https:\/\/www.sabine-seyffert.de\/blog\/wp-content\/uploads\/2015\/12\/A-45-300x225.jpg 300w\" sizes=\"auto, (max-width: 800px) 100vw, 800px\" \/><\/a><\/p>\n<p style=\"text-align: justify;\"><strong>Weitere Marmeladenrezepte findet Ihr hier:<\/strong><br \/>\n* \u201e<a href=\"http:\/\/www.sabine-seyffert.de\/blog\/?p=3367\" target=\"_blank\">Weihnachtliche Apfelmarmelade mit Marzipan &amp; Stollengew\u00fcrz<\/a>\u201c<br \/>\n* \u201e<a href=\"http:\/\/www.sabine-seyffert.de\/blog\/?p=5726\" target=\"_blank\">Erdbeer-Vanille-Traum<\/a>&#8221;<br \/>\n* \u201e<a href=\"http:\/\/www.sabine-seyffert.de\/blog\/?p=4924\" target=\"_blank\">Schwarzw\u00e4lderkirschmarmelade<\/a>\u201c<br \/>\n* \u201e<a href=\"http:\/\/www.sabine-seyffert.de\/blog\/?p=4346\" target=\"_blank\">Marmelade mit wei\u00dfer Schokolade<\/a>\u201c<\/p>\n<p style=\"text-align: center;\"><a href=\"http:\/\/www.sabine-seyffert.de\/blog\/wp-content\/uploads\/2015\/12\/A-35.jpg\"><img loading=\"lazy\" decoding=\"async\" class=\"alignnone size-full wp-image-6660\" src=\"http:\/\/www.sabine-seyffert.de\/blog\/wp-content\/uploads\/2015\/12\/A-35.jpg\" alt=\"A 3\" width=\"800\" height=\"600\" srcset=\"https:\/\/www.sabine-seyffert.de\/blog\/wp-content\/uploads\/2015\/12\/A-35.jpg 800w, https:\/\/www.sabine-seyffert.de\/blog\/wp-content\/uploads\/2015\/12\/A-35-300x225.jpg 300w\" sizes=\"auto, (max-width: 800px) 100vw, 800px\" \/><\/a><\/p>\n<p>Und wer noch zauberhafte Geschenkanh\u00e4nger f\u00fcr die Marmeladengl\u00e4ser sucht, sollte <a href=\"http:\/\/www.sabine-seyffert.de\/blog\/?p=6638\" target=\"_blank\">hier<\/a> mal vorbeischauen\u2026<\/p>\n<p><a href=\"http:\/\/www.sabine-seyffert.de\/blog\/?page_id=32#urheberrecht\">urheberrechtlich gesch\u00fctzt<\/a>, \u00a9 Sabine Seyffert<\/p>\n<p style=\"text-align: justify;\">\n","protected":false},"excerpt":{"rendered":"<p>Dass ich Geschenke aus der K\u00fcche sehr liebe, ist f\u00fcr Euch als Leser ganz sicher nichts Neues. Gerade in der Adventszeit und an Weihnachten finde ich diese \u00fcberaus praktisch. Denn hier kann man kleinere Mitbringsel immer sehr gut gebrauchen. Daher geht es in unserer K\u00fcche zum Jahresende immer ganz weihnachtlich zu. Und aus diesem Grund&#8230; <a href=\"https:\/\/www.sabine-seyffert.de\/blog\/geschenke-aus-der-kueche-weihnachtliche-kirschmarmelade-zum-verschenken\/\" class=\"more-link\">Read more: Geschenke aus der K\u00fcche \u2013 weihnachtliche Kirschmarmelade zum Verschenken<\/a><\/p>\n","protected":false},"author":2,"featured_media":6660,"comment_status":"open","ping_status":"open","sticky":false,"template":"","format":"standard","meta":{"_metis_text_type":"","_metis_text_length":2063,"_post_count":0,"footnotes":""},"categories":[41,43,31],"tags":[],"class_list":["post-6652","post","type-post","status-publish","format-standard","has-post-thumbnail","hentry","category-weihnachten","category-geschenke-aus-der-kueche","category-rezepte-suse-kuchen-co"],"_links":{"self":[{"href":"https:\/\/www.sabine-seyffert.de\/blog\/wp-json\/wp\/v2\/posts\/6652","targetHints":{"allow":["GET"]}}],"collection":[{"href":"https:\/\/www.sabine-seyffert.de\/blog\/wp-json\/wp\/v2\/posts"}],"about":[{"href":"https:\/\/www.sabine-seyffert.de\/blog\/wp-json\/wp\/v2\/types\/post"}],"author":[{"embeddable":true,"href":"https:\/\/www.sabine-seyffert.de\/blog\/wp-json\/wp\/v2\/users\/2"}],"replies":[{"embeddable":true,"href":"https:\/\/www.sabine-seyffert.de\/blog\/wp-json\/wp\/v2\/comments?post=6652"}],"version-history":[{"count":2,"href":"https:\/\/www.sabine-seyffert.de\/blog\/wp-json\/wp\/v2\/posts\/6652\/revisions"}],"predecessor-version":[{"id":6662,"href":"https:\/\/www.sabine-seyffert.de\/blog\/wp-json\/wp\/v2\/posts\/6652\/revisions\/6662"}],"wp:featuredmedia":[{"embeddable":true,"href":"https:\/\/www.sabine-seyffert.de\/blog\/wp-json\/wp\/v2\/media\/6660"}],"wp:attachment":[{"href":"https:\/\/www.sabine-seyffert.de\/blog\/wp-json\/wp\/v2\/media?parent=6652"}],"wp:term":[{"taxonomy":"category","embeddable":true,"href":"https:\/\/www.sabine-seyffert.de\/blog\/wp-json\/wp\/v2\/categories?post=6652"},{"taxonomy":"post_tag","embeddable":true,"href":"https:\/\/www.sabine-seyffert.de\/blog\/wp-json\/wp\/v2\/tags?post=6652"}],"curies":[{"name":"wp","href":"https:\/\/api.w.org\/{rel}","templated":true}]}}