{"id":6638,"date":"2015-12-15T06:35:34","date_gmt":"2015-12-15T04:35:34","guid":{"rendered":"http:\/\/www.sabine-seyffert.de\/blog\/?p=6638"},"modified":"2022-11-21T20:33:36","modified_gmt":"2022-11-21T18:33:36","slug":"diy-idee-fuer-den-advent-weihnachtliche-anhaenger-haeuserliebe-selbst-gedruckt","status":"publish","type":"post","link":"https:\/\/www.sabine-seyffert.de\/blog\/diy-idee-fuer-den-advent-weihnachtliche-anhaenger-haeuserliebe-selbst-gedruckt\/","title":{"rendered":"DIY Idee f\u00fcr den Advent: Weihnachtliche Anh\u00e4nger \u201eH\u00e4userliebe\u201c selbst gedruckt"},"content":{"rendered":"<p style=\"text-align: justify;\"><img loading=\"lazy\" decoding=\"async\" src=\"https:\/\/ssl-vg03.met.vgwort.de\/na\/5b730ce506ba43a28f0e94a290b119ea\" alt=\"\" width=\"1\" height=\"1\" \/>Bei einem Bastelnachmittag ist ganz pl\u00f6tzlich eine weihnachtliche Bastelidee entsprungen. Als kreativer Kopf kann ich meine Finger nicht wirklich still halten, w\u00e4hrend andere basteln. Also habe ich meiner Tochter Gesellschaft geleistet, w\u00e4hrend sie fr\u00f6hlich bunte Kunstwerke mit Kartoffeldruck angefertigt hat.<\/p>\n<p style=\"text-align: justify;\"><a href=\"http:\/\/www.sabine-seyffert.de\/blog\/wp-content\/uploads\/2015\/12\/B-1.jpg\"><img loading=\"lazy\" decoding=\"async\" class=\"size-full wp-image-6639 aligncenter\" src=\"http:\/\/www.sabine-seyffert.de\/blog\/wp-content\/uploads\/2015\/12\/B-1.jpg\" alt=\"B 1\" width=\"800\" height=\"600\" srcset=\"https:\/\/www.sabine-seyffert.de\/blog\/wp-content\/uploads\/2015\/12\/B-1.jpg 800w, https:\/\/www.sabine-seyffert.de\/blog\/wp-content\/uploads\/2015\/12\/B-1-300x225.jpg 300w\" sizes=\"auto, (max-width: 800px) 100vw, 800px\" \/><\/a>So habe ich aus den noch unbenutzten Kartoffeln und einem scharfen K\u00fcchenmesser einige Kartoffelstempel per Hand angefertigt.<\/p>\n<p style=\"text-align: center;\">\u00a0<a href=\"http:\/\/www.sabine-seyffert.de\/blog\/wp-content\/uploads\/2015\/12\/B-3.jpg\"><img loading=\"lazy\" decoding=\"async\" class=\"alignnone size-full wp-image-6641\" src=\"http:\/\/www.sabine-seyffert.de\/blog\/wp-content\/uploads\/2015\/12\/B-3.jpg\" alt=\"B 3\" width=\"800\" height=\"600\" srcset=\"https:\/\/www.sabine-seyffert.de\/blog\/wp-content\/uploads\/2015\/12\/B-3.jpg 800w, https:\/\/www.sabine-seyffert.de\/blog\/wp-content\/uploads\/2015\/12\/B-3-300x225.jpg 300w\" sizes=\"auto, (max-width: 800px) 100vw, 800px\" \/><\/a><\/p>\n<p style=\"text-align: justify;\"><strong>Das wird gebraucht:<\/strong><br \/>\nKartoffeln, ein scharfes, spitzes K\u00fcchenmesser, ein Glas Wasser, ein breiter Borstenpinsel, Wasserfarbe, Deckwei\u00df, Tonkarton, eine Schere, eine Lochzange, Geschenkband und optional schwarze Metall\u00f6sen mit passender Nietenzange<\/p>\n<p style=\"text-align: center;\"><a href=\"http:\/\/www.sabine-seyffert.de\/blog\/wp-content\/uploads\/2015\/12\/B-4.jpg\"><img loading=\"lazy\" decoding=\"async\" class=\"alignnone size-full wp-image-6642\" src=\"http:\/\/www.sabine-seyffert.de\/blog\/wp-content\/uploads\/2015\/12\/B-4.jpg\" alt=\"B 4\" width=\"800\" height=\"600\" srcset=\"https:\/\/www.sabine-seyffert.de\/blog\/wp-content\/uploads\/2015\/12\/B-4.jpg 800w, https:\/\/www.sabine-seyffert.de\/blog\/wp-content\/uploads\/2015\/12\/B-4-300x225.jpg 300w\" sizes=\"auto, (max-width: 800px) 100vw, 800px\" \/><\/a><\/p>\n<p style=\"text-align: justify;\"><strong>So wird\u2019s gemacht:<\/strong><br \/>\nAus dem wei\u00dfen, grauen und schwarzen Tonkarton habe ich mir allerhand Etiketten geschnitten, die ich als Geschenkanh\u00e4nger verwenden m\u00f6chte. Diesmal ohne jede Vorlage, ganz einfach und schnell per Hand. Daf\u00fcr sind diese geometrisch gesehen nicht perfekt, aber mit Liebe gemacht und f\u00fcr den gew\u00fcnschten Zweck vollkommen in Ordnung. Wer diese liebe akkurat haben m\u00f6chte, zeichnet sich vorab eine Vorlage und misst diese aus.<\/p>\n<p style=\"text-align: center;\"><a href=\"http:\/\/www.sabine-seyffert.de\/blog\/wp-content\/uploads\/2015\/12\/B-11.jpg\"><img loading=\"lazy\" decoding=\"async\" class=\"alignnone size-full wp-image-6643\" src=\"http:\/\/www.sabine-seyffert.de\/blog\/wp-content\/uploads\/2015\/12\/B-11.jpg\" alt=\"B 11\" width=\"800\" height=\"600\" srcset=\"https:\/\/www.sabine-seyffert.de\/blog\/wp-content\/uploads\/2015\/12\/B-11.jpg 800w, https:\/\/www.sabine-seyffert.de\/blog\/wp-content\/uploads\/2015\/12\/B-11-300x225.jpg 300w\" sizes=\"auto, (max-width: 800px) 100vw, 800px\" \/><\/a><\/p>\n<p style=\"text-align: justify;\">Dann bin ich den Kartoffeln mit einem scharfen Messer zu Leibe ger\u00fcckt und habe als absoluter \u201eH\u00e4userfan\u201c verschiedene H\u00e4user als Stempel geschnitzt, was nicht ganz so einfach war. Und damit es ein wenig weihnachtlicher wird, habe ich passend dazu noch Tannenb\u00e4ume als Motiv gebastelt.<\/p>\n<p style=\"text-align: center;\"><a href=\"http:\/\/www.sabine-seyffert.de\/blog\/wp-content\/uploads\/2015\/12\/B-5.jpg\"><img loading=\"lazy\" decoding=\"async\" class=\"alignnone size-full wp-image-6644\" src=\"http:\/\/www.sabine-seyffert.de\/blog\/wp-content\/uploads\/2015\/12\/B-5.jpg\" alt=\"B 5\" width=\"800\" height=\"600\" srcset=\"https:\/\/www.sabine-seyffert.de\/blog\/wp-content\/uploads\/2015\/12\/B-5.jpg 800w, https:\/\/www.sabine-seyffert.de\/blog\/wp-content\/uploads\/2015\/12\/B-5-300x225.jpg 300w\" sizes=\"auto, (max-width: 800px) 100vw, 800px\" \/><\/a><\/p>\n<p style=\"text-align: justify;\">Je nach Farbe der Anh\u00e4nger habe ich die Kartoffeln mit Deckwei\u00df sowie mit schwarzer Wasserfarbe bemalt. Wobei man unbedingt zuerst mit dem wei\u00dfen Druck beginnen sollte, damit dass wei\u00df auch wirklich als wei\u00df gedruckt wird!<\/p>\n<p style=\"text-align: center;\"><a href=\"http:\/\/www.sabine-seyffert.de\/blog\/wp-content\/uploads\/2015\/12\/B-7.jpg\"><img loading=\"lazy\" decoding=\"async\" class=\"alignnone size-full wp-image-6645\" src=\"http:\/\/www.sabine-seyffert.de\/blog\/wp-content\/uploads\/2015\/12\/B-7.jpg\" alt=\"B 7\" width=\"800\" height=\"600\" srcset=\"https:\/\/www.sabine-seyffert.de\/blog\/wp-content\/uploads\/2015\/12\/B-7.jpg 800w, https:\/\/www.sabine-seyffert.de\/blog\/wp-content\/uploads\/2015\/12\/B-7-300x225.jpg 300w\" sizes=\"auto, (max-width: 800px) 100vw, 800px\" \/><\/a><\/p>\n<p style=\"text-align: justify;\">Nach dem Trocknen der Farbe habe ich die Etiketten gelocht, einige mit schwarzen Metall\u00f6sen versehen, weil es edler ausschaut, und einige der Anh\u00e4nger noch mit einem Stempelschriftzug versch\u00f6nert. Mit etwas Geschenkband kann man diese nun wunderbar als Anh\u00e4nger f\u00fcr Weihnachtsgeschenke, Mitbringsel und andere Kleinigkeiten in der Adventszeit verwenden.<\/p>\n<p style=\"text-align: center;\"><a href=\"http:\/\/www.sabine-seyffert.de\/blog\/wp-content\/uploads\/2015\/12\/B-10.jpg\"><img loading=\"lazy\" decoding=\"async\" class=\"alignnone size-full wp-image-6646\" src=\"http:\/\/www.sabine-seyffert.de\/blog\/wp-content\/uploads\/2015\/12\/B-10.jpg\" alt=\"B 10\" width=\"800\" height=\"600\" srcset=\"https:\/\/www.sabine-seyffert.de\/blog\/wp-content\/uploads\/2015\/12\/B-10.jpg 800w, https:\/\/www.sabine-seyffert.de\/blog\/wp-content\/uploads\/2015\/12\/B-10-300x225.jpg 300w\" sizes=\"auto, (max-width: 800px) 100vw, 800px\" \/><\/a><\/p>\n<p style=\"text-align: justify;\">Weitere Ideen rund um den Advent und die Weihnachtszeit findet Ihr \u00fcbrigens in <a href=\"http:\/\/www.sabine-seyffert.de\/blog\/?cat=41\" target=\"_blank\" rel=\"noopener\">dieser Rubrik<\/a> und andere kreative Dinge gibt es <a href=\"http:\/\/www.creadienstag.de\/2015\/12\/206.html\" target=\"_blank\" rel=\"noopener\">hier<\/a> und auch an <a href=\"http:\/\/kiddikram.blogspot.de\/\" target=\"_blank\" rel=\"noopener\">dieser<\/a> Stelle!<\/p>\n<p><a href=\"http:\/\/www.sabine-seyffert.de\/blog\/?page_id=32#urheberrecht\">urheberrechtlich gesch\u00fctzt<\/a>, \u00a9 Sabine Seyffert<\/p>\n","protected":false},"excerpt":{"rendered":"<p>Bei einem Bastelnachmittag ist ganz pl\u00f6tzlich eine weihnachtliche Bastelidee entsprungen. Als kreativer Kopf kann ich meine Finger nicht wirklich still halten, w\u00e4hrend andere basteln. Also habe ich meiner Tochter Gesellschaft geleistet, w\u00e4hrend sie fr\u00f6hlich bunte Kunstwerke mit Kartoffeldruck angefertigt hat. So habe ich aus den noch unbenutzten Kartoffeln und einem scharfen K\u00fcchenmesser einige Kartoffelstempel per&#8230; <a href=\"https:\/\/www.sabine-seyffert.de\/blog\/diy-idee-fuer-den-advent-weihnachtliche-anhaenger-haeuserliebe-selbst-gedruckt\/\" class=\"more-link\">Read more: DIY Idee f\u00fcr den Advent: Weihnachtliche Anh\u00e4nger \u201eH\u00e4userliebe\u201c selbst gedruckt<\/a><\/p>\n","protected":false},"author":2,"featured_media":6642,"comment_status":"open","ping_status":"open","sticky":false,"template":"","format":"standard","meta":{"_metis_text_type":"","_metis_text_length":2194,"_post_count":0,"footnotes":""},"categories":[41,36],"tags":[],"class_list":["post-6638","post","type-post","status-publish","format-standard","has-post-thumbnail","hentry","category-weihnachten","category-klitzekleine-geschenkideen"],"_links":{"self":[{"href":"https:\/\/www.sabine-seyffert.de\/blog\/wp-json\/wp\/v2\/posts\/6638","targetHints":{"allow":["GET"]}}],"collection":[{"href":"https:\/\/www.sabine-seyffert.de\/blog\/wp-json\/wp\/v2\/posts"}],"about":[{"href":"https:\/\/www.sabine-seyffert.de\/blog\/wp-json\/wp\/v2\/types\/post"}],"author":[{"embeddable":true,"href":"https:\/\/www.sabine-seyffert.de\/blog\/wp-json\/wp\/v2\/users\/2"}],"replies":[{"embeddable":true,"href":"https:\/\/www.sabine-seyffert.de\/blog\/wp-json\/wp\/v2\/comments?post=6638"}],"version-history":[{"count":5,"href":"https:\/\/www.sabine-seyffert.de\/blog\/wp-json\/wp\/v2\/posts\/6638\/revisions"}],"predecessor-version":[{"id":24491,"href":"https:\/\/www.sabine-seyffert.de\/blog\/wp-json\/wp\/v2\/posts\/6638\/revisions\/24491"}],"wp:featuredmedia":[{"embeddable":true,"href":"https:\/\/www.sabine-seyffert.de\/blog\/wp-json\/wp\/v2\/media\/6642"}],"wp:attachment":[{"href":"https:\/\/www.sabine-seyffert.de\/blog\/wp-json\/wp\/v2\/media?parent=6638"}],"wp:term":[{"taxonomy":"category","embeddable":true,"href":"https:\/\/www.sabine-seyffert.de\/blog\/wp-json\/wp\/v2\/categories?post=6638"},{"taxonomy":"post_tag","embeddable":true,"href":"https:\/\/www.sabine-seyffert.de\/blog\/wp-json\/wp\/v2\/tags?post=6638"}],"curies":[{"name":"wp","href":"https:\/\/api.w.org\/{rel}","templated":true}]}}