{"id":6614,"date":"2015-12-09T20:34:14","date_gmt":"2015-12-09T18:34:14","guid":{"rendered":"http:\/\/www.sabine-seyffert.de\/blog\/?p=6614"},"modified":"2022-12-06T11:07:10","modified_gmt":"2022-12-06T09:07:10","slug":"in-der-weihnachtsbaeckerei-mit-viel-liebe-selbst-gemacht-vanillekipferl","status":"publish","type":"post","link":"https:\/\/www.sabine-seyffert.de\/blog\/in-der-weihnachtsbaeckerei-mit-viel-liebe-selbst-gemacht-vanillekipferl\/","title":{"rendered":"In der Weihnachtsb\u00e4ckerei \u2013 mit viel Liebe selbst gemacht: Vanillekipferl"},"content":{"rendered":"<p style=\"text-align: justify;\"><img loading=\"lazy\" decoding=\"async\" src=\"https:\/\/ssl-vg03.met.vgwort.de\/na\/48846a6fd4674db6941faef5e2df1342\" alt=\"\" width=\"1\" height=\"1\" \/>Eine Pl\u00e4tzchensorte darf bei uns in der Weihnachtszeit niemals fehlen: Vanillekipferl! Das war schon als Kind meine absolute Lieblingssorte an Weihnachtskeksen. Bei meiner Oma wurden diese stets mit ganz viel Liebe einzeln und per Hand gerollt. Nach dem Backen wanderten die so wunderbar duftenden Pl\u00e4tzchen in eine Pl\u00e4tzchenkiste, die geh\u00fctet wurde wie ein echter Schatz\u2026<\/p>\n<p style=\"text-align: justify;\"><a href=\"http:\/\/www.sabine-seyffert.de\/blog\/wp-content\/uploads\/2015\/12\/A-0.jpg\"><img loading=\"lazy\" decoding=\"async\" class=\"alignnone size-full wp-image-6615\" src=\"http:\/\/www.sabine-seyffert.de\/blog\/wp-content\/uploads\/2015\/12\/A-0.jpg\" alt=\"A 0\" width=\"800\" height=\"600\" srcset=\"https:\/\/www.sabine-seyffert.de\/blog\/wp-content\/uploads\/2015\/12\/A-0.jpg 800w, https:\/\/www.sabine-seyffert.de\/blog\/wp-content\/uploads\/2015\/12\/A-0-300x225.jpg 300w\" sizes=\"auto, (max-width: 800px) 100vw, 800px\" \/><\/a><\/p>\n<p style=\"text-align: justify;\">Irgendwann als meine Oma die Vanillekipferl nicht mehr selbst backen konnte, habe ich diese f\u00fcr sie gebacken. Heute sind diese k\u00f6stlichen Weihnachtskekse auch bei meinen Kindern sehr beliebt.<\/p>\n<p style=\"text-align: center;\"><a href=\"http:\/\/www.sabine-seyffert.de\/blog\/wp-content\/uploads\/2015\/12\/A-53.jpg\"><img loading=\"lazy\" decoding=\"async\" class=\"alignnone size-full wp-image-6616\" src=\"http:\/\/www.sabine-seyffert.de\/blog\/wp-content\/uploads\/2015\/12\/A-53.jpg\" alt=\"A 5\" width=\"800\" height=\"600\" srcset=\"https:\/\/www.sabine-seyffert.de\/blog\/wp-content\/uploads\/2015\/12\/A-53.jpg 800w, https:\/\/www.sabine-seyffert.de\/blog\/wp-content\/uploads\/2015\/12\/A-53-300x225.jpg 300w\" sizes=\"auto, (max-width: 800px) 100vw, 800px\" \/><\/a><\/p>\n<p style=\"text-align: justify;\"><strong>Das <\/strong><strong>wird <\/strong><strong>gebraucht:<\/strong><br \/>\n300 gr Mehl, 200gr Butter, 75 gr Zucker, 100 gr fein gemahlene Mandeln ohne Schale, 1 Vanilleschote, reichlich Vanillezucker<\/p>\n<p style=\"text-align: center;\"><a href=\"http:\/\/www.sabine-seyffert.de\/blog\/wp-content\/uploads\/2015\/12\/A-62.jpg\"><img loading=\"lazy\" decoding=\"async\" class=\"alignnone size-full wp-image-6617\" src=\"http:\/\/www.sabine-seyffert.de\/blog\/wp-content\/uploads\/2015\/12\/A-62.jpg\" alt=\"A 6\" width=\"800\" height=\"600\" srcset=\"https:\/\/www.sabine-seyffert.de\/blog\/wp-content\/uploads\/2015\/12\/A-62.jpg 800w, https:\/\/www.sabine-seyffert.de\/blog\/wp-content\/uploads\/2015\/12\/A-62-300x225.jpg 300w\" sizes=\"auto, (max-width: 800px) 100vw, 800px\" \/><\/a><\/p>\n<p style=\"text-align: justify;\"><strong>So wird\u2019s gemacht:<\/strong><br \/>\nMehl, Zucker, Mandeln, Butter, Vanillemark und Ei knetet man zu einem sch\u00f6nen Teig, der nicht mehr an den H\u00e4nden kleben sollte. Ganz nach alter Familientradition knete ich den Teig grunds\u00e4tzlich mit der Hand. So merkt man am besten ob dieser die richtige Konsistenz hat. Ist der zu trocken, gibt man noch einen kleinen W\u00fcrfel Butter hinzu, ist er zu feucht, fehlt etwas Mehl.<\/p>\n<p style=\"text-align: center;\"><a href=\"http:\/\/www.sabine-seyffert.de\/blog\/wp-content\/uploads\/2015\/12\/A-43.jpg\"><img loading=\"lazy\" decoding=\"async\" class=\"alignnone size-full wp-image-6618\" src=\"http:\/\/www.sabine-seyffert.de\/blog\/wp-content\/uploads\/2015\/12\/A-43.jpg\" alt=\"A 4\" width=\"800\" height=\"600\" srcset=\"https:\/\/www.sabine-seyffert.de\/blog\/wp-content\/uploads\/2015\/12\/A-43.jpg 800w, https:\/\/www.sabine-seyffert.de\/blog\/wp-content\/uploads\/2015\/12\/A-43-300x225.jpg 300w\" sizes=\"auto, (max-width: 800px) 100vw, 800px\" \/><\/a><\/p>\n<p style=\"text-align: justify;\">Dann bereitet man sich Backbleche vor. Diese kann man ganz d\u00fcnn einfetten oder mit Backpapier auslegen. Ebenso stellt man sich einen Suppenteller in Backofenn\u00e4he, den man mit <span style=\"text-decoration: underline;\">reichlich<\/span> Vanillezucker bef\u00fcllt. Nun hei\u00dft es jedoch etwas einmal Durchatmen und den gesamten Teig zu kleinen H\u00f6rnchen bzw. Kipferl rollen. Diese sollten m\u00f6glichst gleichm\u00e4\u00dfig gro\u00df sein.<\/p>\n<p style=\"text-align: center;\"><a href=\"http:\/\/www.sabine-seyffert.de\/blog\/wp-content\/uploads\/2015\/12\/A-33.jpg\"><img loading=\"lazy\" decoding=\"async\" class=\"alignnone size-full wp-image-6619\" src=\"http:\/\/www.sabine-seyffert.de\/blog\/wp-content\/uploads\/2015\/12\/A-33.jpg\" alt=\"A 3\" width=\"800\" height=\"600\" srcset=\"https:\/\/www.sabine-seyffert.de\/blog\/wp-content\/uploads\/2015\/12\/A-33.jpg 800w, https:\/\/www.sabine-seyffert.de\/blog\/wp-content\/uploads\/2015\/12\/A-33-300x225.jpg 300w\" sizes=\"auto, (max-width: 800px) 100vw, 800px\" \/><\/a><\/p>\n<p style=\"text-align: justify;\">Nach dem Backen hei\u00dft es \u201eschnell\u201c sein. Denn direkt wenn man das erste Blech mit Vanillekipferln aus dem Ofen holt, werden diese umgehend in dem Suppenteller gew\u00e4lzt, in dem sich der Vanillezucker befindet.<\/p>\n<p style=\"text-align: center;\"><a href=\"http:\/\/www.sabine-seyffert.de\/blog\/wp-content\/uploads\/2015\/12\/A-22.jpg\"><img loading=\"lazy\" decoding=\"async\" class=\"alignnone size-full wp-image-6620\" src=\"http:\/\/www.sabine-seyffert.de\/blog\/wp-content\/uploads\/2015\/12\/A-22.jpg\" alt=\"A 2\" width=\"800\" height=\"600\" srcset=\"https:\/\/www.sabine-seyffert.de\/blog\/wp-content\/uploads\/2015\/12\/A-22.jpg 800w, https:\/\/www.sabine-seyffert.de\/blog\/wp-content\/uploads\/2015\/12\/A-22-300x225.jpg 300w\" sizes=\"auto, (max-width: 800px) 100vw, 800px\" \/><\/a><\/p>\n<p style=\"text-align: justify;\">Und dieser bleibt an den Kipferln am besten haften, wenn diese noch ganz hei\u00df sind. Die in Zucker gew\u00e4lzten Kipferl wandern dann auf einen gro\u00dfen Teller zum Ausk\u00fchlen. Und wenn man nicht ganz genau aufpasst, dann wandert das ein oder andere Kipferl bereits in einen hungrigen Mund\u2026<\/p>\n<p style=\"text-align: center;\"><a href=\"http:\/\/www.sabine-seyffert.de\/blog\/wp-content\/uploads\/2015\/12\/A-13.jpg\"><img loading=\"lazy\" decoding=\"async\" class=\"alignnone size-full wp-image-6621\" src=\"http:\/\/www.sabine-seyffert.de\/blog\/wp-content\/uploads\/2015\/12\/A-13.jpg\" alt=\"A 1\" width=\"800\" height=\"600\" srcset=\"https:\/\/www.sabine-seyffert.de\/blog\/wp-content\/uploads\/2015\/12\/A-13.jpg 800w, https:\/\/www.sabine-seyffert.de\/blog\/wp-content\/uploads\/2015\/12\/A-13-300x225.jpg 300w\" sizes=\"auto, (max-width: 800px) 100vw, 800px\" \/><\/a><\/p>\n<p><a href=\"http:\/\/www.sabine-seyffert.de\/blog\/?page_id=32#urheberrecht\">urheberrechtlich gesch\u00fctzt<\/a>, \u00a9 Sabine Seyffert<\/p>\n","protected":false},"excerpt":{"rendered":"<p>Eine Pl\u00e4tzchensorte darf bei uns in der Weihnachtszeit niemals fehlen: Vanillekipferl! Das war schon als Kind meine absolute Lieblingssorte an Weihnachtskeksen. Bei meiner Oma wurden diese stets mit ganz viel Liebe einzeln und per Hand gerollt. Nach dem Backen wanderten die so wunderbar duftenden Pl\u00e4tzchen in eine Pl\u00e4tzchenkiste, die geh\u00fctet wurde wie ein echter Schatz\u2026&#8230; <a href=\"https:\/\/www.sabine-seyffert.de\/blog\/in-der-weihnachtsbaeckerei-mit-viel-liebe-selbst-gemacht-vanillekipferl\/\" class=\"more-link\">Read more: In der Weihnachtsb\u00e4ckerei \u2013 mit viel Liebe selbst gemacht: Vanillekipferl<\/a><\/p>\n","protected":false},"author":2,"featured_media":6621,"comment_status":"open","ping_status":"open","sticky":false,"template":"","format":"standard","meta":{"_metis_text_type":"","_metis_text_length":2002,"_post_count":0,"footnotes":""},"categories":[41,31],"tags":[],"class_list":["post-6614","post","type-post","status-publish","format-standard","has-post-thumbnail","hentry","category-weihnachten","category-rezepte-suse-kuchen-co"],"_links":{"self":[{"href":"https:\/\/www.sabine-seyffert.de\/blog\/wp-json\/wp\/v2\/posts\/6614","targetHints":{"allow":["GET"]}}],"collection":[{"href":"https:\/\/www.sabine-seyffert.de\/blog\/wp-json\/wp\/v2\/posts"}],"about":[{"href":"https:\/\/www.sabine-seyffert.de\/blog\/wp-json\/wp\/v2\/types\/post"}],"author":[{"embeddable":true,"href":"https:\/\/www.sabine-seyffert.de\/blog\/wp-json\/wp\/v2\/users\/2"}],"replies":[{"embeddable":true,"href":"https:\/\/www.sabine-seyffert.de\/blog\/wp-json\/wp\/v2\/comments?post=6614"}],"version-history":[{"count":5,"href":"https:\/\/www.sabine-seyffert.de\/blog\/wp-json\/wp\/v2\/posts\/6614\/revisions"}],"predecessor-version":[{"id":24732,"href":"https:\/\/www.sabine-seyffert.de\/blog\/wp-json\/wp\/v2\/posts\/6614\/revisions\/24732"}],"wp:featuredmedia":[{"embeddable":true,"href":"https:\/\/www.sabine-seyffert.de\/blog\/wp-json\/wp\/v2\/media\/6621"}],"wp:attachment":[{"href":"https:\/\/www.sabine-seyffert.de\/blog\/wp-json\/wp\/v2\/media?parent=6614"}],"wp:term":[{"taxonomy":"category","embeddable":true,"href":"https:\/\/www.sabine-seyffert.de\/blog\/wp-json\/wp\/v2\/categories?post=6614"},{"taxonomy":"post_tag","embeddable":true,"href":"https:\/\/www.sabine-seyffert.de\/blog\/wp-json\/wp\/v2\/tags?post=6614"}],"curies":[{"name":"wp","href":"https:\/\/api.w.org\/{rel}","templated":true}]}}