{"id":6583,"date":"2015-12-04T22:38:11","date_gmt":"2015-12-04T20:38:11","guid":{"rendered":"http:\/\/www.sabine-seyffert.de\/blog\/?p=6583"},"modified":"2018-06-26T17:08:21","modified_gmt":"2018-06-26T15:08:21","slug":"der-erste-besuch-auf-dem-weihnachtsmarkt-in-diesem-jahr-auf-zum-schloss","status":"publish","type":"post","link":"https:\/\/www.sabine-seyffert.de\/blog\/der-erste-besuch-auf-dem-weihnachtsmarkt-in-diesem-jahr-auf-zum-schloss\/","title":{"rendered":"Der erste Besuch auf dem Weihnachtsmarkt in diesem Jahr\u2013 auf zum Schloss!"},"content":{"rendered":"<p style=\"text-align: justify;\"><img loading=\"lazy\" decoding=\"async\" src=\"https:\/\/ssl-vg03.met.vgwort.de\/na\/9702d270bb154b62acddc52dbf3dc831\" alt=\"\" width=\"1\" height=\"1\" \/>Die Adventszeit ist eine meiner allerliebsten Zeiten im ganzen Jahr. Und ein Besuch auf dem Weihnachtsmarkt darf in diesen Tagen dann nat\u00fcrlich auch nicht fehlen. In den letzten Jahren habe ich Euch schon einmal ganz ausf\u00fchrlich von einem der sch\u00f6nsten Weihnachtsm\u00e4rkte berichtet, die ich kenne. Und zwar dem <a href=\"http:\/\/www.sabine-seyffert.de\/blog\/?p=3407\" target=\"_blank\" rel=\"noopener\">Weihnachtsmarkt im Freilichtmuseum<\/a> in Hagen. Au\u00dferdem ging es im letzten Jahr bereits zu einem Weihnachtsmarkt in ausgefallener Umgebung: <a href=\"http:\/\/www.sabine-seyffert.de\/blog\/?p=4897\" target=\"_blank\" rel=\"noopener\">Schloss Gr\u00fcnewald<\/a>.<\/p>\n<p style=\"text-align: center;\"><a href=\"http:\/\/www.sabine-seyffert.de\/blog\/wp-content\/uploads\/2015\/12\/A-61.jpg\"><img loading=\"lazy\" decoding=\"async\" class=\"alignnone size-full wp-image-6584\" src=\"http:\/\/www.sabine-seyffert.de\/blog\/wp-content\/uploads\/2015\/12\/A-61.jpg\" alt=\"A 6\" width=\"600\" height=\"800\" srcset=\"https:\/\/www.sabine-seyffert.de\/blog\/wp-content\/uploads\/2015\/12\/A-61.jpg 600w, https:\/\/www.sabine-seyffert.de\/blog\/wp-content\/uploads\/2015\/12\/A-61-225x300.jpg 225w\" sizes=\"auto, (max-width: 600px) 100vw, 600px\" \/><\/a><\/p>\n<p style=\"text-align: justify;\">Dieses Jahr findet erstmalig auch am <a href=\"https:\/\/de.wikipedia.org\/wiki\/Schloss_Benrath\" target=\"_blank\" rel=\"noopener\">Schloss Benrath<\/a> in D\u00fcsseldorf ein Weihnachtsmarkt statt. Aus diesem Grunde sind wir am sp\u00e4ten Nachmittag in Richtung Schloss aufgebrochen. Von weitem entdeckt man dann das Schloss.<\/p>\n<p style=\"text-align: center;\"><a href=\"http:\/\/www.sabine-seyffert.de\/blog\/wp-content\/uploads\/2015\/12\/A-51.jpg\"><img loading=\"lazy\" decoding=\"async\" class=\"alignnone size-full wp-image-6586\" src=\"http:\/\/www.sabine-seyffert.de\/blog\/wp-content\/uploads\/2015\/12\/A-51.jpg\" alt=\"A 5\" width=\"800\" height=\"600\" srcset=\"https:\/\/www.sabine-seyffert.de\/blog\/wp-content\/uploads\/2015\/12\/A-51.jpg 800w, https:\/\/www.sabine-seyffert.de\/blog\/wp-content\/uploads\/2015\/12\/A-51-300x225.jpg 300w\" sizes=\"auto, (max-width: 800px) 100vw, 800px\" \/><\/a><\/p>\n<p style=\"text-align: justify;\">Auf dem davorliegenden See ziehen Wildg\u00e4nse in aller Ruhe ihre Bahnen und die B\u00e4ume haben ihre Bl\u00e4tter l\u00e4ngst abgeworfen. Durch die kahlen \u00c4ste hat man einen wunderbaren Blick gen Abendhimmel. Dieser ist an diesem Abend ganz besonders sch\u00f6n, vielleicht weil die Luft vor K\u00e4lte winterlich leise klirrt\u2026<\/p>\n<p style=\"text-align: center;\"><a href=\"http:\/\/www.sabine-seyffert.de\/blog\/wp-content\/uploads\/2015\/12\/A-41.jpg\"><img loading=\"lazy\" decoding=\"async\" class=\"alignnone size-full wp-image-6587\" src=\"http:\/\/www.sabine-seyffert.de\/blog\/wp-content\/uploads\/2015\/12\/A-41.jpg\" alt=\"A 4\" width=\"800\" height=\"600\" srcset=\"https:\/\/www.sabine-seyffert.de\/blog\/wp-content\/uploads\/2015\/12\/A-41.jpg 800w, https:\/\/www.sabine-seyffert.de\/blog\/wp-content\/uploads\/2015\/12\/A-41-300x225.jpg 300w\" sizes=\"auto, (max-width: 800px) 100vw, 800px\" \/><\/a><\/p>\n<p style=\"text-align: justify;\">Einige der B\u00e4ume sind mit leuchtenden Sternen und Lichterketten geschm\u00fcckt, was in den winterlichen Baumkronen nat\u00fcrlich toll aussieht. Drau\u00dfen vor dem Schlosscaf\u00e9 stehen Tische mit St\u00fchlen und alle sind mit kleinen Laternen geschm\u00fcckt, die im Abendlicht sch\u00f6nes Kerzenlicht verbreiten.<\/p>\n<p style=\"text-align: center;\"><a href=\"http:\/\/www.sabine-seyffert.de\/blog\/wp-content\/uploads\/2015\/12\/A-31.jpg\"><img loading=\"lazy\" decoding=\"async\" class=\"alignnone size-full wp-image-6588\" src=\"http:\/\/www.sabine-seyffert.de\/blog\/wp-content\/uploads\/2015\/12\/A-31.jpg\" alt=\"A 3\" width=\"800\" height=\"600\" srcset=\"https:\/\/www.sabine-seyffert.de\/blog\/wp-content\/uploads\/2015\/12\/A-31.jpg 800w, https:\/\/www.sabine-seyffert.de\/blog\/wp-content\/uploads\/2015\/12\/A-31-300x225.jpg 300w\" sizes=\"auto, (max-width: 800px) 100vw, 800px\" \/><\/a><\/p>\n<p style=\"text-align: justify;\">Am Rand zum See hin, stehen allerhand Feuerk\u00f6rbe, in den Feuer prasselt. Das sorgt nicht nur f\u00fcr Gem\u00fctlichkeit, sondern auch f\u00fcr wohltuende W\u00e4rme. So kann man dann und wann am Feuer die kalt gefrorenen H\u00e4nde ein wenig aufw\u00e4rmen.<\/p>\n<p style=\"text-align: center;\"><a href=\"http:\/\/www.sabine-seyffert.de\/blog\/wp-content\/uploads\/2015\/12\/A-101.jpg\"><img loading=\"lazy\" decoding=\"async\" class=\"alignnone size-full wp-image-6589\" src=\"http:\/\/www.sabine-seyffert.de\/blog\/wp-content\/uploads\/2015\/12\/A-101.jpg\" alt=\"A 10\" width=\"600\" height=\"800\" srcset=\"https:\/\/www.sabine-seyffert.de\/blog\/wp-content\/uploads\/2015\/12\/A-101.jpg 600w, https:\/\/www.sabine-seyffert.de\/blog\/wp-content\/uploads\/2015\/12\/A-101-225x300.jpg 225w\" sizes=\"auto, (max-width: 600px) 100vw, 600px\" \/><\/a><\/p>\n<p style=\"text-align: justify;\">Pl\u00f6tzlich segeln lautlos riesengro\u00dfe Seifenblasen durch die Luft, tanzen durch den abendlichen Himmel und schweben ganz schwerelos \u00fcber das Wasser dahin. Ein traumhaft sch\u00f6ner Anblick dem Treiben der bunten Seifenblasen zu zuschauen.<\/p>\n<p style=\"text-align: center;\"><a href=\"http:\/\/www.sabine-seyffert.de\/blog\/wp-content\/uploads\/2015\/12\/A-12.jpg\"><img loading=\"lazy\" decoding=\"async\" class=\"alignnone size-full wp-image-6590\" src=\"http:\/\/www.sabine-seyffert.de\/blog\/wp-content\/uploads\/2015\/12\/A-12.jpg\" alt=\"A 12\" width=\"800\" height=\"600\" srcset=\"https:\/\/www.sabine-seyffert.de\/blog\/wp-content\/uploads\/2015\/12\/A-12.jpg 800w, https:\/\/www.sabine-seyffert.de\/blog\/wp-content\/uploads\/2015\/12\/A-12-300x225.jpg 300w\" sizes=\"auto, (max-width: 800px) 100vw, 800px\" \/><\/a><\/p>\n<p style=\"text-align: justify;\">Au\u00dferdem sind wir auf dem Weihnachtsmarkt ein paar wei\u00dfen Sternen begegnet. (Diese stammen \u00fcbrigens vom Stelzentheater Lumin\u00e9e. An Lucy Maschler daher ein lieber Dank daf\u00fcr, dass ich meine Bilder der Stelzenk\u00fcnstler hier zeigen darf!)<\/p>\n<p style=\"text-align: center;\"><a href=\"http:\/\/www.sabine-seyffert.de\/blog\/wp-content\/uploads\/2015\/12\/A-2.jpg\"><img loading=\"lazy\" decoding=\"async\" class=\"alignnone size-full wp-image-6591\" src=\"http:\/\/www.sabine-seyffert.de\/blog\/wp-content\/uploads\/2015\/12\/A-2.jpg\" alt=\"A 2\" width=\"600\" height=\"800\" srcset=\"https:\/\/www.sabine-seyffert.de\/blog\/wp-content\/uploads\/2015\/12\/A-2.jpg 600w, https:\/\/www.sabine-seyffert.de\/blog\/wp-content\/uploads\/2015\/12\/A-2-225x300.jpg 225w\" sizes=\"auto, (max-width: 600px) 100vw, 600px\" \/><\/a><\/p>\n<p style=\"text-align: justify;\">Diese k\u00fcnstlerischen \u201eMomente\u201c, die wir dort erleben durften, sind wirklich bezaubernd. Die habe ich in dieser Form auch bislang auf keinem anderen Weihnachtsmarkt gesehen.<\/p>\n<p style=\"text-align: center;\"><a href=\"http:\/\/www.sabine-seyffert.de\/blog\/wp-content\/uploads\/2015\/12\/A-11.jpg\"><img loading=\"lazy\" decoding=\"async\" class=\"alignnone size-full wp-image-6592\" src=\"http:\/\/www.sabine-seyffert.de\/blog\/wp-content\/uploads\/2015\/12\/A-11.jpg\" alt=\"A 1\" width=\"800\" height=\"600\" srcset=\"https:\/\/www.sabine-seyffert.de\/blog\/wp-content\/uploads\/2015\/12\/A-11.jpg 800w, https:\/\/www.sabine-seyffert.de\/blog\/wp-content\/uploads\/2015\/12\/A-11-300x225.jpg 300w\" sizes=\"auto, (max-width: 800px) 100vw, 800px\" \/><\/a><\/p>\n<p><a href=\"http:\/\/www.sabine-seyffert.de\/blog\/?page_id=32#urheberrecht\">urheberrechtlich gesch\u00fctzt<\/a>, \u00a9 Sabine Seyffert<\/p>\n","protected":false},"excerpt":{"rendered":"<p>Die Adventszeit ist eine meiner allerliebsten Zeiten im ganzen Jahr. Und ein Besuch auf dem Weihnachtsmarkt darf in diesen Tagen dann nat\u00fcrlich auch nicht fehlen. In den letzten Jahren habe ich Euch schon einmal ganz ausf\u00fchrlich von einem der sch\u00f6nsten Weihnachtsm\u00e4rkte berichtet, die ich kenne. Und zwar dem Weihnachtsmarkt im Freilichtmuseum in Hagen. Au\u00dferdem ging&#8230; <a href=\"https:\/\/www.sabine-seyffert.de\/blog\/der-erste-besuch-auf-dem-weihnachtsmarkt-in-diesem-jahr-auf-zum-schloss\/\" class=\"more-link\">Read more: Der erste Besuch auf dem Weihnachtsmarkt in diesem Jahr\u2013 auf zum Schloss!<\/a><\/p>\n","protected":false},"author":2,"featured_media":6592,"comment_status":"open","ping_status":"open","sticky":false,"template":"","format":"standard","meta":{"_metis_text_type":"","_metis_text_length":2189,"_post_count":0,"footnotes":""},"categories":[41],"tags":[],"class_list":["post-6583","post","type-post","status-publish","format-standard","has-post-thumbnail","hentry","category-weihnachten"],"_links":{"self":[{"href":"https:\/\/www.sabine-seyffert.de\/blog\/wp-json\/wp\/v2\/posts\/6583","targetHints":{"allow":["GET"]}}],"collection":[{"href":"https:\/\/www.sabine-seyffert.de\/blog\/wp-json\/wp\/v2\/posts"}],"about":[{"href":"https:\/\/www.sabine-seyffert.de\/blog\/wp-json\/wp\/v2\/types\/post"}],"author":[{"embeddable":true,"href":"https:\/\/www.sabine-seyffert.de\/blog\/wp-json\/wp\/v2\/users\/2"}],"replies":[{"embeddable":true,"href":"https:\/\/www.sabine-seyffert.de\/blog\/wp-json\/wp\/v2\/comments?post=6583"}],"version-history":[{"count":4,"href":"https:\/\/www.sabine-seyffert.de\/blog\/wp-json\/wp\/v2\/posts\/6583\/revisions"}],"predecessor-version":[{"id":12861,"href":"https:\/\/www.sabine-seyffert.de\/blog\/wp-json\/wp\/v2\/posts\/6583\/revisions\/12861"}],"wp:featuredmedia":[{"embeddable":true,"href":"https:\/\/www.sabine-seyffert.de\/blog\/wp-json\/wp\/v2\/media\/6592"}],"wp:attachment":[{"href":"https:\/\/www.sabine-seyffert.de\/blog\/wp-json\/wp\/v2\/media?parent=6583"}],"wp:term":[{"taxonomy":"category","embeddable":true,"href":"https:\/\/www.sabine-seyffert.de\/blog\/wp-json\/wp\/v2\/categories?post=6583"},{"taxonomy":"post_tag","embeddable":true,"href":"https:\/\/www.sabine-seyffert.de\/blog\/wp-json\/wp\/v2\/tags?post=6583"}],"curies":[{"name":"wp","href":"https:\/\/api.w.org\/{rel}","templated":true}]}}