{"id":6562,"date":"2015-12-01T06:51:02","date_gmt":"2015-12-01T04:51:02","guid":{"rendered":"http:\/\/www.sabine-seyffert.de\/blog\/?p=6562"},"modified":"2017-03-02T10:53:53","modified_gmt":"2017-03-02T08:53:53","slug":"diy-kerzen-fuers-fenster-mit-kindern-weihnachtsgeschenke-basteln","status":"publish","type":"post","link":"https:\/\/www.sabine-seyffert.de\/blog\/diy-kerzen-fuers-fenster-mit-kindern-weihnachtsgeschenke-basteln\/","title":{"rendered":"DIY Kerzen f\u00fcrs Fenster \/ Mit Kindern Weihnachtsgeschenke basteln"},"content":{"rendered":"<p style=\"text-align: justify;\"><img loading=\"lazy\" decoding=\"async\" src=\"https:\/\/ssl-vg03.met.vgwort.de\/na\/2ffb4051d7444724820e55e87a3af33c\" alt=\"\" width=\"1\" height=\"1\" \/>In der Adventszeit ziehen bei uns jedes Jahr viele Kerzen ein. Das warme Licht und der helle Schein verbreiten jedes Mal eine gem\u00fctliche Atmosph\u00e4re. Da tut es so gut eine Weile innezuhalten und den Moment zu genie\u00dfen\u2026<br \/>\nDoch seit geraumer Zeit gibt es bei uns nun auch Kerzen f\u00fcrs Fenster. Die sind gl\u00fccklicherweise ganz ungef\u00e4hrlich und auch f\u00fcr Kinderh\u00e4nde prima geeignet. Besser gesagt, die wurden sogar eigens von Kinderh\u00e4nden geschaffen. Und diese Kerzen verbreiten nicht nur ein tolles Licht, sondern bringen allerhand \u201eBunt\u201c in die Winterzeit.<\/p>\n<p style=\"text-align: center;\"><a href=\"http:\/\/www.sabine-seyffert.de\/blog\/wp-content\/uploads\/2015\/11\/A-33.jpg\"><img loading=\"lazy\" decoding=\"async\" class=\"alignnone size-full wp-image-6563\" src=\"http:\/\/www.sabine-seyffert.de\/blog\/wp-content\/uploads\/2015\/11\/A-33.jpg\" alt=\"A 3\" width=\"600\" height=\"800\" srcset=\"https:\/\/www.sabine-seyffert.de\/blog\/wp-content\/uploads\/2015\/11\/A-33.jpg 600w, https:\/\/www.sabine-seyffert.de\/blog\/wp-content\/uploads\/2015\/11\/A-33-225x300.jpg 225w\" sizes=\"auto, (max-width: 600px) 100vw, 600px\" \/><\/a><\/p>\n<p style=\"text-align: justify;\"><strong>Das wird gebraucht:<\/strong><br \/>\nSchwarzer Tonkarton, eine Kinderschere (alternativ eine Prickelnadel samt Filzplatte), Kleber \/ Klebstift, farbiges Transparentpapier, ein wei\u00dfer Buntstift<\/p>\n<p style=\"text-align: center;\"><a href=\"http:\/\/www.sabine-seyffert.de\/blog\/wp-content\/uploads\/2015\/11\/A-0.jpg\"><img loading=\"lazy\" decoding=\"async\" class=\"alignnone size-full wp-image-6564\" src=\"http:\/\/www.sabine-seyffert.de\/blog\/wp-content\/uploads\/2015\/11\/A-0.jpg\" alt=\"A 0\" width=\"600\" height=\"800\" srcset=\"https:\/\/www.sabine-seyffert.de\/blog\/wp-content\/uploads\/2015\/11\/A-0.jpg 600w, https:\/\/www.sabine-seyffert.de\/blog\/wp-content\/uploads\/2015\/11\/A-0-225x300.jpg 225w\" sizes=\"auto, (max-width: 600px) 100vw, 600px\" \/><\/a><\/p>\n<p style=\"text-align: justify;\"><strong>So wird\u2019s gemacht:<\/strong><br \/>\nWie gut, dass die Tage k\u00fcrzer werden und das Wetter samt Temperatur nicht unbedingt nach Drau\u00dfen locken. So sa\u00dfen wir mal wieder an einem Nachmittag beisammen und es wurde flei\u00dfig gebastelt. Dabei heraus kamen ein ganzer Schwung an bunten \u201eKerzen\u201c, die sich nicht nur ganz hervorragend als stimmungsvolle Fensterdeko eignen, sondern auch ein tolles Geschenk abgeben. Und so von Kinderhand gebastelte Geschenke sind ja immer gern gesehen. Bei Euch auch?<\/p>\n<p style=\"text-align: center;\"><a href=\"http:\/\/www.sabine-seyffert.de\/blog\/wp-content\/uploads\/2015\/11\/A-24.jpg\"><img loading=\"lazy\" decoding=\"async\" class=\"alignnone size-full wp-image-6565\" src=\"http:\/\/www.sabine-seyffert.de\/blog\/wp-content\/uploads\/2015\/11\/A-24.jpg\" alt=\"A 2\" width=\"600\" height=\"800\" srcset=\"https:\/\/www.sabine-seyffert.de\/blog\/wp-content\/uploads\/2015\/11\/A-24.jpg 600w, https:\/\/www.sabine-seyffert.de\/blog\/wp-content\/uploads\/2015\/11\/A-24-225x300.jpg 225w\" sizes=\"auto, (max-width: 600px) 100vw, 600px\" \/><\/a><\/p>\n<p style=\"text-align: justify;\">Mit dem Buntstift zeichnet man sich eine Kerze auf den schwarzen Tonkarton. Mit der Schere schneidet man diese Kerze nun vorsichtig aus.<br \/>\nJetzt zeichnet man sich mit Hilfe des Bleistifts den Umriss der Kerze, mit circa einem Zentimeter Rand nochmals als \u201ePendant\u201c, in diese Kerze hinein. Dieses Innere trennt man im Anschluss mit der Schere heraus oder l\u00e4sst die Kinder dies mit der Nadel herausprickeln.<\/p>\n<p style=\"text-align: center;\"><a href=\"http:\/\/www.sabine-seyffert.de\/blog\/wp-content\/uploads\/2015\/11\/A-54.jpg\"><img loading=\"lazy\" decoding=\"async\" class=\"alignnone size-full wp-image-6566\" src=\"http:\/\/www.sabine-seyffert.de\/blog\/wp-content\/uploads\/2015\/11\/A-54.jpg\" alt=\"A 5\" width=\"600\" height=\"742\" srcset=\"https:\/\/www.sabine-seyffert.de\/blog\/wp-content\/uploads\/2015\/11\/A-54.jpg 600w, https:\/\/www.sabine-seyffert.de\/blog\/wp-content\/uploads\/2015\/11\/A-54-243x300.jpg 243w\" sizes=\"auto, (max-width: 600px) 100vw, 600px\" \/><\/a><\/p>\n<p style=\"text-align: justify;\">Damit die Kerze auch wirklich sch\u00f6n erstrahlt, klebt man nun von der R\u00fcckseite farbiges Transparentpapier dahinter. Dazu kann man ganz verschiedene Muster w\u00e4hlen oder die Kerzen auf Wunsch auch einfarbig gestalten: Streifen, Punkte, Sternchen, ein kunterbunter Mix aus Transparentpapierresten \u2013 alles ist erlaubt.<\/p>\n<p style=\"text-align: center;\"><a href=\"http:\/\/www.sabine-seyffert.de\/blog\/wp-content\/uploads\/2015\/11\/A-16.jpg\"><img loading=\"lazy\" decoding=\"async\" class=\"alignnone size-full wp-image-6567\" src=\"http:\/\/www.sabine-seyffert.de\/blog\/wp-content\/uploads\/2015\/11\/A-16.jpg\" alt=\"A 1\" width=\"800\" height=\"600\" srcset=\"https:\/\/www.sabine-seyffert.de\/blog\/wp-content\/uploads\/2015\/11\/A-16.jpg 800w, https:\/\/www.sabine-seyffert.de\/blog\/wp-content\/uploads\/2015\/11\/A-16-300x225.jpg 300w\" sizes=\"auto, (max-width: 800px) 100vw, 800px\" \/><\/a><\/p>\n<p style=\"text-align: justify;\">Bei \u00e4lteren Kindern, kann man bei den ausgeschnittenen Kerzen auch die oberen Flammen mit Transparentpapier gestalten. Hier bietet es sich nat\u00fcrlich an einen warmen Farbton zu w\u00e4hlen, der dem Kerzenlicht gleicht.<\/p>\n<p style=\"text-align: center;\"><a href=\"http:\/\/www.sabine-seyffert.de\/blog\/wp-content\/uploads\/2015\/11\/A-44.jpg\"><img loading=\"lazy\" decoding=\"async\" class=\"alignnone size-full wp-image-6568\" src=\"http:\/\/www.sabine-seyffert.de\/blog\/wp-content\/uploads\/2015\/11\/A-44.jpg\" alt=\"A 4\" width=\"800\" height=\"567\" srcset=\"https:\/\/www.sabine-seyffert.de\/blog\/wp-content\/uploads\/2015\/11\/A-44.jpg 800w, https:\/\/www.sabine-seyffert.de\/blog\/wp-content\/uploads\/2015\/11\/A-44-300x213.jpg 300w\" sizes=\"auto, (max-width: 800px) 100vw, 800px\" \/><\/a><\/p>\n<p style=\"text-align: justify;\">Ideen rund um die Adventszeit gibt es <a href=\"http:\/\/www.sabine-seyffert.de\/blog\/?cat=41\" target=\"_blank\">hier<\/a>, Kunterbuntes f\u00fcr kleine Kinderh\u00e4nde <a href=\"http:\/\/www.sabine-seyffert.de\/blog\/?cat=32\" target=\"_blank\">dort<\/a>, Ideen f\u00fcr mit Kindern gebastelte Weihnachtsgeschenke bei <a href=\"http:\/\/zauberpunkt.blogspot.ch\/2015\/11\/linkparty-weihnachtsgeschenke-basteln.html\" target=\"_blank\">Nicole<\/a> und andere kreative Idee tummeln sich <a href=\"http:\/\/www.creadienstag.de\/2015\/11\/204.html\" target=\"_blank\">hier<\/a> und auch an <a href=\"http:\/\/kiddikram.blogspot.de\/\" target=\"_blank\">dieser<\/a> Stelle.<\/p>\n<p style=\"text-align: justify;\">Ich w\u00fcnsche Euch einen ganz wunderbaren Start in den Dezember!<\/p>\n<p style=\"text-align: justify;\"><a href=\"http:\/\/www.sabine-seyffert.de\/blog\/?page_id=32#urheberrecht\">urheberrechtlich gesch\u00fctzt<\/a>, \u00a9 Sabine Seyffert<\/p>\n","protected":false},"excerpt":{"rendered":"<p>In der Adventszeit ziehen bei uns jedes Jahr viele Kerzen ein. Das warme Licht und der helle Schein verbreiten jedes Mal eine gem\u00fctliche Atmosph\u00e4re. Da tut es so gut eine Weile innezuhalten und den Moment zu genie\u00dfen\u2026 Doch seit geraumer Zeit gibt es bei uns nun auch Kerzen f\u00fcrs Fenster. Die sind gl\u00fccklicherweise ganz ungef\u00e4hrlich&#8230; <a href=\"https:\/\/www.sabine-seyffert.de\/blog\/diy-kerzen-fuers-fenster-mit-kindern-weihnachtsgeschenke-basteln\/\" class=\"more-link\">Read more: DIY Kerzen f\u00fcrs Fenster \/ Mit Kindern Weihnachtsgeschenke basteln<\/a><\/p>\n","protected":false},"author":2,"featured_media":6565,"comment_status":"open","ping_status":"open","sticky":false,"template":"","format":"standard","meta":{"_metis_text_type":"","_metis_text_length":2456,"_post_count":0,"footnotes":""},"categories":[41,32,36],"tags":[],"class_list":["post-6562","post","type-post","status-publish","format-standard","has-post-thumbnail","hentry","category-weihnachten","category-kreatives-fur-kleine-kinderhande","category-klitzekleine-geschenkideen"],"_links":{"self":[{"href":"https:\/\/www.sabine-seyffert.de\/blog\/wp-json\/wp\/v2\/posts\/6562","targetHints":{"allow":["GET"]}}],"collection":[{"href":"https:\/\/www.sabine-seyffert.de\/blog\/wp-json\/wp\/v2\/posts"}],"about":[{"href":"https:\/\/www.sabine-seyffert.de\/blog\/wp-json\/wp\/v2\/types\/post"}],"author":[{"embeddable":true,"href":"https:\/\/www.sabine-seyffert.de\/blog\/wp-json\/wp\/v2\/users\/2"}],"replies":[{"embeddable":true,"href":"https:\/\/www.sabine-seyffert.de\/blog\/wp-json\/wp\/v2\/comments?post=6562"}],"version-history":[{"count":3,"href":"https:\/\/www.sabine-seyffert.de\/blog\/wp-json\/wp\/v2\/posts\/6562\/revisions"}],"predecessor-version":[{"id":6571,"href":"https:\/\/www.sabine-seyffert.de\/blog\/wp-json\/wp\/v2\/posts\/6562\/revisions\/6571"}],"wp:featuredmedia":[{"embeddable":true,"href":"https:\/\/www.sabine-seyffert.de\/blog\/wp-json\/wp\/v2\/media\/6565"}],"wp:attachment":[{"href":"https:\/\/www.sabine-seyffert.de\/blog\/wp-json\/wp\/v2\/media?parent=6562"}],"wp:term":[{"taxonomy":"category","embeddable":true,"href":"https:\/\/www.sabine-seyffert.de\/blog\/wp-json\/wp\/v2\/categories?post=6562"},{"taxonomy":"post_tag","embeddable":true,"href":"https:\/\/www.sabine-seyffert.de\/blog\/wp-json\/wp\/v2\/tags?post=6562"}],"curies":[{"name":"wp","href":"https:\/\/api.w.org\/{rel}","templated":true}]}}