{"id":649,"date":"2013-03-01T09:06:09","date_gmt":"2013-03-01T07:06:09","guid":{"rendered":"http:\/\/www.sabine-seyffert.de\/blog\/?p=649"},"modified":"2015-09-21T19:09:11","modified_gmt":"2015-09-21T17:09:11","slug":"lila-wie-lavendel","status":"publish","type":"post","link":"https:\/\/www.sabine-seyffert.de\/blog\/lila-wie-lavendel\/","title":{"rendered":"Lila wie Lavendel"},"content":{"rendered":"<p><a href=\"http:\/\/www.sabine-seyffert.de\/blog\/wp-content\/uploads\/2013\/03\/Lila-4-Copy.jpg\"><img loading=\"lazy\" decoding=\"async\" src=\"https:\/\/ssl-vg03.met.vgwort.de\/na\/6ade221622e14357b51bc31cd5d498d5\" alt=\"\" width=\"1\" height=\"1\" \/><img loading=\"lazy\" decoding=\"async\" class=\"size-full wp-image-653 aligncenter\" src=\"http:\/\/www.sabine-seyffert.de\/blog\/wp-content\/uploads\/2013\/03\/Lila-4-Copy.jpg\" alt=\"Lila 4 Copy\" width=\"800\" height=\"600\" srcset=\"https:\/\/www.sabine-seyffert.de\/blog\/wp-content\/uploads\/2013\/03\/Lila-4-Copy.jpg 800w, https:\/\/www.sabine-seyffert.de\/blog\/wp-content\/uploads\/2013\/03\/Lila-4-Copy-300x225.jpg 300w\" sizes=\"auto, (max-width: 800px) 100vw, 800px\" \/><\/a><\/p>\n<p style=\"text-align: justify;\">Bei <a href=\"http:\/\/www.was-eigenes.blogspot.de\" target=\"_blank\">Bine<\/a> auf Ihrem Blog was eigenes geht\u2019s es weiter mit dem tollen Projekt <a href=\"http:\/\/www.was-eigenes.blogspot.de\/2013\/03\/powerful-violet-color-me-happy-3.html\" target=\"_blank\">Color me happy<\/a>. Nach der Farbe Rot im Februar (wer mag, kann <a href=\"http:\/\/www.sabine-seyffert.de\/blog\/?p=431\" target=\"_blank\">hier<\/a> meinen Beitrag dazu gerne nochmals anschauen), dreht es sich im Monat M\u00e4rz um die Farbe powerful violet. Das ist eigentlich so gar nicht meine Farbe, zumindest allein betrachtet. Dachte ich zumindest. Aber wie das Leben so spielt, manchmal muss man eben einen zweiten oder gar dritten Blick auf die Dinge werfen. Und siehe da, lila gibt es auch bei uns und wird als solches doch sehr geliebt. So sehr, das dieses besagte Lila gar nicht mehr aus unserem Leben wegzudenken ist.<\/p>\n<p><a href=\"http:\/\/www.sabine-seyffert.de\/blog\/wp-content\/uploads\/2013\/03\/Lila-3-Copy.jpg\"><img loading=\"lazy\" decoding=\"async\" class=\"size-full wp-image-650 aligncenter\" src=\"http:\/\/www.sabine-seyffert.de\/blog\/wp-content\/uploads\/2013\/03\/Lila-3-Copy.jpg\" alt=\"Lila 3 Copy\" width=\"800\" height=\"600\" srcset=\"https:\/\/www.sabine-seyffert.de\/blog\/wp-content\/uploads\/2013\/03\/Lila-3-Copy.jpg 800w, https:\/\/www.sabine-seyffert.de\/blog\/wp-content\/uploads\/2013\/03\/Lila-3-Copy-300x225.jpg 300w\" sizes=\"auto, (max-width: 800px) 100vw, 800px\" \/><\/a><\/p>\n<p style=\"text-align: justify;\">Sei es als Hortensie, die im Sommer einfach wundersch\u00f6n in unserem Garten bl\u00fcht und vor vielen Jahren einmal ein Abschiedsgeschenk eines Ausbildungsgangs an mich war. Oder als Distel, die zwar \u201epiekst\u201c aber schon so ihren ganz pers\u00f6nlichen Charme hat. (Und \u201estachelige\u201c Tage hat wohl jeder von uns mal, oder?) Das wichtigste Lila im Hause Seyffert geh\u00f6rt jedoch meiner j\u00fcngsten Tochter und zwar in folgender Form: Lavendel \u00d6l!<\/p>\n<p><a href=\"http:\/\/www.sabine-seyffert.de\/blog\/wp-content\/uploads\/2013\/03\/Lila-1-Copy.jpg\"><img loading=\"lazy\" decoding=\"async\" class=\"size-full wp-image-652 aligncenter\" src=\"http:\/\/www.sabine-seyffert.de\/blog\/wp-content\/uploads\/2013\/03\/Lila-1-Copy.jpg\" alt=\"Lila 1 Copy\" width=\"800\" height=\"600\" srcset=\"https:\/\/www.sabine-seyffert.de\/blog\/wp-content\/uploads\/2013\/03\/Lila-1-Copy.jpg 800w, https:\/\/www.sabine-seyffert.de\/blog\/wp-content\/uploads\/2013\/03\/Lila-1-Copy-300x225.jpg 300w\" sizes=\"auto, (max-width: 800px) 100vw, 800px\" \/><\/a><\/p>\n<p style=\"text-align: justify;\">Dazu sei gesagt, dass Kind Nummer vier ein absolutes Schreikind war. Als Mutter von bereits drei Kindern, davon Zwillinge, ist man eigentlich die Ruhe selbst. Aber meine vierte Tochter belehrte mich eines besseren. Das einzige, was sie zur Ruhe brachte und sie von gleich auf restlos entspannen lie\u00df, waren Massagen. So wurde dies zum t\u00e4glichen Ritual, dass ich sie jeden Abend eine halbe Stunde lang massierte. W\u00e4hrend bei anderen die Babymassage im Krabbelalter zunehmend in Vergessenheit ger\u00e4t, wurde diese bei uns immer wichtiger und ist es bis zum heutigen Tag. Und zwar so wichtig, dass dieses Ritual mittlerweile eine eigene Wortkreation bekam: \u201eEinlavendeln\u201c &#8211; na, wenn das nicht bestens zur Farbe Lila passt! Also Handtuch raus, Heizung aufgedreht, gem\u00fctlich hingelegt, Augen zu und dann her mit dem Lavendel\u00f6l\u2026<\/p>\n<p><a href=\"http:\/\/www.sabine-seyffert.de\/blog\/?page_id=32#urheberrecht\">urherrechtlich gesch\u00fctzt<\/a>, \u00a9 Sabine Seyffert<a href=\"http:\/\/www.sabine-seyffert.de\/blog\/wp-content\/uploads\/2013\/03\/Lila-7-besser-Copy.jpg\"><img loading=\"lazy\" decoding=\"async\" class=\"size-full wp-image-651 aligncenter\" src=\"http:\/\/www.sabine-seyffert.de\/blog\/wp-content\/uploads\/2013\/03\/Lila-7-besser-Copy.jpg\" alt=\"Lila 7 besser Copy\" width=\"551\" height=\"464\" srcset=\"https:\/\/www.sabine-seyffert.de\/blog\/wp-content\/uploads\/2013\/03\/Lila-7-besser-Copy.jpg 551w, https:\/\/www.sabine-seyffert.de\/blog\/wp-content\/uploads\/2013\/03\/Lila-7-besser-Copy-300x252.jpg 300w\" sizes=\"auto, (max-width: 551px) 100vw, 551px\" \/><\/a><\/p>\n","protected":false},"excerpt":{"rendered":"<p>Bei Bine auf Ihrem Blog was eigenes geht\u2019s es weiter mit dem tollen Projekt Color me happy. Nach der Farbe Rot im Februar (wer mag, kann hier meinen Beitrag dazu gerne nochmals anschauen), dreht es sich im Monat M\u00e4rz um die Farbe powerful violet. Das ist eigentlich so gar nicht meine Farbe, zumindest allein betrachtet&#8230;. <a href=\"https:\/\/www.sabine-seyffert.de\/blog\/lila-wie-lavendel\/\" class=\"more-link\">Read more: Lila wie Lavendel<\/a><\/p>\n","protected":false},"author":1,"featured_media":0,"comment_status":"open","ping_status":"open","sticky":false,"template":"","format":"standard","meta":{"_metis_text_type":"","_metis_text_length":1915,"_post_count":0,"footnotes":""},"categories":[13],"tags":[],"class_list":["post-649","post","type-post","status-publish","format-standard","hentry","category-massagen"],"_links":{"self":[{"href":"https:\/\/www.sabine-seyffert.de\/blog\/wp-json\/wp\/v2\/posts\/649","targetHints":{"allow":["GET"]}}],"collection":[{"href":"https:\/\/www.sabine-seyffert.de\/blog\/wp-json\/wp\/v2\/posts"}],"about":[{"href":"https:\/\/www.sabine-seyffert.de\/blog\/wp-json\/wp\/v2\/types\/post"}],"author":[{"embeddable":true,"href":"https:\/\/www.sabine-seyffert.de\/blog\/wp-json\/wp\/v2\/users\/1"}],"replies":[{"embeddable":true,"href":"https:\/\/www.sabine-seyffert.de\/blog\/wp-json\/wp\/v2\/comments?post=649"}],"version-history":[{"count":12,"href":"https:\/\/www.sabine-seyffert.de\/blog\/wp-json\/wp\/v2\/posts\/649\/revisions"}],"predecessor-version":[{"id":6168,"href":"https:\/\/www.sabine-seyffert.de\/blog\/wp-json\/wp\/v2\/posts\/649\/revisions\/6168"}],"wp:attachment":[{"href":"https:\/\/www.sabine-seyffert.de\/blog\/wp-json\/wp\/v2\/media?parent=649"}],"wp:term":[{"taxonomy":"category","embeddable":true,"href":"https:\/\/www.sabine-seyffert.de\/blog\/wp-json\/wp\/v2\/categories?post=649"},{"taxonomy":"post_tag","embeddable":true,"href":"https:\/\/www.sabine-seyffert.de\/blog\/wp-json\/wp\/v2\/tags?post=649"}],"curies":[{"name":"wp","href":"https:\/\/api.w.org\/{rel}","templated":true}]}}