{"id":6465,"date":"2015-11-09T12:08:32","date_gmt":"2015-11-09T10:08:32","guid":{"rendered":"http:\/\/www.sabine-seyffert.de\/blog\/?p=6465"},"modified":"2022-12-02T19:48:13","modified_gmt":"2022-12-02T17:48:13","slug":"upcycling-laterne-weisses-haus-in-dunkler-nacht","status":"publish","type":"post","link":"https:\/\/www.sabine-seyffert.de\/blog\/upcycling-laterne-weisses-haus-in-dunkler-nacht\/","title":{"rendered":"Upcycling Laterne: Wei\u00dfes Haus in dunkler Nacht"},"content":{"rendered":"<p style=\"text-align: justify;\"><img loading=\"lazy\" decoding=\"async\" src=\"https:\/\/ssl-vg03.met.vgwort.de\/na\/f4683595fd5b484d8ad62a5ce04cec97\" alt=\"\" width=\"1\" height=\"1\" \/>Das Laternenfest r\u00fcckt immer n\u00e4her und somit werkeln wir hier flei\u00dfig allerhand Laternen. Und dabei kommen uns immer wieder neue Ideen. Wo wir die letzten Jahre flei\u00dfig Laternen aus alten Sp\u00fcliflaschen gebastelt haben wie <a href=\"http:\/\/www.sabine-seyffert.de\/blog\/?p=4809\" target=\"_blank\" rel=\"noopener\">Fuchs<\/a>, <a href=\"http:\/\/www.sabine-seyffert.de\/blog\/?p=3017\" target=\"_blank\" rel=\"noopener\">Pinguin<\/a>, <a href=\"http:\/\/www.sabine-seyffert.de\/blog\/?p=4778\" target=\"_blank\" rel=\"noopener\">Froschk\u00f6nig<\/a> oder <a href=\"http:\/\/www.sabine-seyffert.de\/blog\/?p=3082\" target=\"_blank\" rel=\"noopener\">Gl\u00fccksk\u00e4fer<\/a>, geht es in diesem Jahr alten Milchkartons an den Kragen.<\/p>\n<p style=\"text-align: center;\"><a href=\"http:\/\/www.sabine-seyffert.de\/blog\/wp-content\/uploads\/2015\/11\/A-51.jpg\"><img loading=\"lazy\" decoding=\"async\" class=\"alignnone size-full wp-image-6467\" src=\"http:\/\/www.sabine-seyffert.de\/blog\/wp-content\/uploads\/2015\/11\/A-51.jpg\" alt=\"A 5\" width=\"800\" height=\"600\" srcset=\"https:\/\/www.sabine-seyffert.de\/blog\/wp-content\/uploads\/2015\/11\/A-51.jpg 800w, https:\/\/www.sabine-seyffert.de\/blog\/wp-content\/uploads\/2015\/11\/A-51-300x225.jpg 300w\" sizes=\"auto, (max-width: 800px) 100vw, 800px\" \/><\/a><\/p>\n<p style=\"text-align: justify;\"><strong>Das wird gebraucht:<\/strong><br \/>\n1 leere Milchkarton (1 Liter), Schere, Bastelmesser \/ Cutter, doppelseitiges Klebeband, wei\u00dfes Tonpapier, wei\u00dfes Transparentpapier, Kleber, eine kleine Nadel und d\u00fcnnen Draht<\/p>\n<p style=\"text-align: center;\"><a href=\"http:\/\/www.sabine-seyffert.de\/blog\/wp-content\/uploads\/2015\/11\/A-41.jpg\"><img loading=\"lazy\" decoding=\"async\" class=\"alignnone size-full wp-image-6468\" src=\"http:\/\/www.sabine-seyffert.de\/blog\/wp-content\/uploads\/2015\/11\/A-41.jpg\" alt=\"A 4\" width=\"800\" height=\"600\" srcset=\"https:\/\/www.sabine-seyffert.de\/blog\/wp-content\/uploads\/2015\/11\/A-41.jpg 800w, https:\/\/www.sabine-seyffert.de\/blog\/wp-content\/uploads\/2015\/11\/A-41-300x225.jpg 300w\" sizes=\"auto, (max-width: 800px) 100vw, 800px\" \/><\/a><\/p>\n<p style=\"text-align: justify;\"><strong>So wird\u2019s gemacht:<\/strong><br \/>\nNach unserer <a href=\"http:\/\/www.sabine-seyffert.de\/blog\/?p=6414\" target=\"_blank\" rel=\"noopener\">Schwebebahnlaterne<\/a> von letzter Woche, kommt nun ein richtiges Laternenhaus hinzu. Dazu sp\u00fclt man den Milchkarton gut aus und l\u00e4sst ihn trocknen. Dann beklebt man alle vier Kanten der gesamten L\u00e4nge nach mit doppelseitigem Klebeband. Anschlie\u00dfend zieht \u201eumwickelt\u201c man den Milchkarton rundherum in wei\u00dfes Tonpapier und dr\u00fcckt dieses gut fest.<\/p>\n<p style=\"text-align: center;\"><a href=\"http:\/\/www.sabine-seyffert.de\/blog\/wp-content\/uploads\/2015\/11\/A-61.jpg\"><img loading=\"lazy\" decoding=\"async\" class=\"alignnone size-full wp-image-6469\" src=\"http:\/\/www.sabine-seyffert.de\/blog\/wp-content\/uploads\/2015\/11\/A-61.jpg\" alt=\"A 6\" width=\"800\" height=\"600\" srcset=\"https:\/\/www.sabine-seyffert.de\/blog\/wp-content\/uploads\/2015\/11\/A-61.jpg 800w, https:\/\/www.sabine-seyffert.de\/blog\/wp-content\/uploads\/2015\/11\/A-61-300x225.jpg 300w\" sizes=\"auto, (max-width: 800px) 100vw, 800px\" \/><\/a><\/p>\n<p style=\"text-align: justify;\">Anschlie\u00dfend trennt man den oberen Rand des Milchkartons ab, so dass ein Hausdach entsteht. Damit die Laterne auch gut leuchtet, bekommt das wei\u00dfe Haus nun eine Reihe von sch\u00f6nen Fenstern und einer Eingangst\u00fcr. Diese ritzt man am besten mit Hilfe eines Bastelmessers heraus.<\/p>\n<p style=\"text-align: center;\"><a href=\"http:\/\/www.sabine-seyffert.de\/blog\/wp-content\/uploads\/2015\/11\/A-71.jpg\"><img loading=\"lazy\" decoding=\"async\" class=\"alignnone size-full wp-image-6470\" src=\"http:\/\/www.sabine-seyffert.de\/blog\/wp-content\/uploads\/2015\/11\/A-71.jpg\" alt=\"A 7\" width=\"800\" height=\"600\" srcset=\"https:\/\/www.sabine-seyffert.de\/blog\/wp-content\/uploads\/2015\/11\/A-71.jpg 800w, https:\/\/www.sabine-seyffert.de\/blog\/wp-content\/uploads\/2015\/11\/A-71-300x225.jpg 300w\" sizes=\"auto, (max-width: 800px) 100vw, 800px\" \/><\/a><\/p>\n<p style=\"text-align: justify;\">Sind gen\u00fcgend Fenster und T\u00fcren herausgetrennt worden, schneidet man sich in passender Gr\u00f6\u00dfe aus dem wei\u00dfen Transparentpapier St\u00fccke und klebt diese von Innen (im Inneren des Milchkartons) dagegen.<\/p>\n<p style=\"text-align: center;\"><a href=\"http:\/\/www.sabine-seyffert.de\/blog\/wp-content\/uploads\/2015\/11\/A-8.jpg\"><img loading=\"lazy\" decoding=\"async\" class=\"alignnone size-full wp-image-6472\" src=\"http:\/\/www.sabine-seyffert.de\/blog\/wp-content\/uploads\/2015\/11\/A-8.jpg\" alt=\"A 8\" width=\"600\" height=\"800\" srcset=\"https:\/\/www.sabine-seyffert.de\/blog\/wp-content\/uploads\/2015\/11\/A-8.jpg 600w, https:\/\/www.sabine-seyffert.de\/blog\/wp-content\/uploads\/2015\/11\/A-8-225x300.jpg 225w\" sizes=\"auto, (max-width: 600px) 100vw, 600px\" \/><\/a><\/p>\n<p style=\"text-align: justify;\">Nun stellt man ein Teelicht auf den Milchkartonboden und das Haus beginnt zu leuchten. Wer dieses Laternenhaus nicht nur als Windlicht f\u00fcr Regal oder Fensterbank nutzen m\u00f6chte, der piekt mit einer Nadel ins Hausdach (Vorder- und R\u00fcckseite) jeweils ein kleines Loch.<\/p>\n<p style=\"text-align: center;\"><a href=\"http:\/\/www.sabine-seyffert.de\/blog\/wp-content\/uploads\/2015\/11\/A-91.jpg\"><img loading=\"lazy\" decoding=\"async\" class=\"alignnone size-full wp-image-6473\" src=\"http:\/\/www.sabine-seyffert.de\/blog\/wp-content\/uploads\/2015\/11\/A-91.jpg\" alt=\"A 9\" width=\"600\" height=\"800\" srcset=\"https:\/\/www.sabine-seyffert.de\/blog\/wp-content\/uploads\/2015\/11\/A-91.jpg 600w, https:\/\/www.sabine-seyffert.de\/blog\/wp-content\/uploads\/2015\/11\/A-91-225x300.jpg 225w\" sizes=\"auto, (max-width: 600px) 100vw, 600px\" \/><\/a><\/p>\n<p style=\"text-align: justify;\">Dadurch zieht man etwas d\u00fcnnen Basteldraht und dreht die Enden so zusammen, dass eine kleine Schlaufe bzw. Aufh\u00e4ngung f\u00fcr die Laterne entsteht.<\/p>\n<p style=\"text-align: center;\"><a href=\"http:\/\/www.sabine-seyffert.de\/blog\/wp-content\/uploads\/2015\/11\/Haus-Laterne-2.jpg\"><img loading=\"lazy\" decoding=\"async\" class=\"alignnone size-full wp-image-6474\" src=\"http:\/\/www.sabine-seyffert.de\/blog\/wp-content\/uploads\/2015\/11\/Haus-Laterne-2.jpg\" alt=\"Haus Laterne 2\" width=\"600\" height=\"800\" srcset=\"https:\/\/www.sabine-seyffert.de\/blog\/wp-content\/uploads\/2015\/11\/Haus-Laterne-2.jpg 600w, https:\/\/www.sabine-seyffert.de\/blog\/wp-content\/uploads\/2015\/11\/Haus-Laterne-2-225x300.jpg 225w\" sizes=\"auto, (max-width: 600px) 100vw, 600px\" \/><\/a><\/p>\n<p style=\"text-align: justify;\">Habt Ihr Lust auf eine entspannende Fantasiereise zum Thema Laternenzeit? Dann schaut mal <a href=\"http:\/\/www.sabine-seyffert.de\/blog\/?p=3105\" target=\"_blank\" rel=\"noopener\">hier<\/a> vorbei. Selbst gebackene Weckm\u00e4nner tummeln sich <a href=\"http:\/\/www.sabine-seyffert.de\/blog\/?p=4912\" target=\"_blank\" rel=\"noopener\">hier<\/a>, herbstliches in <a href=\"http:\/\/www.sabine-seyffert.de\/blog\/?cat=25\" target=\"_blank\" rel=\"noopener\">dieser<\/a> Rubrik und andere kreative Dinge werden <a href=\"http:\/\/www.creadienstag.de\/2015\/11\/201.html\" target=\"_blank\" rel=\"noopener\">da<\/a> und <a href=\"http:\/\/kiddikram.blogspot.de\/\" target=\"_blank\" rel=\"noopener\">dort<\/a> gesammelt.<\/p>\n<p style=\"text-align: center;\"><a href=\"http:\/\/www.sabine-seyffert.de\/blog\/wp-content\/uploads\/2015\/11\/Haus-Laterne-3.jpg\"><img loading=\"lazy\" decoding=\"async\" class=\"alignnone size-full wp-image-6475\" src=\"http:\/\/www.sabine-seyffert.de\/blog\/wp-content\/uploads\/2015\/11\/Haus-Laterne-3.jpg\" alt=\"Haus Laterne 3\" width=\"600\" height=\"777\" srcset=\"https:\/\/www.sabine-seyffert.de\/blog\/wp-content\/uploads\/2015\/11\/Haus-Laterne-3.jpg 600w, https:\/\/www.sabine-seyffert.de\/blog\/wp-content\/uploads\/2015\/11\/Haus-Laterne-3-232x300.jpg 232w\" sizes=\"auto, (max-width: 600px) 100vw, 600px\" \/><\/a><\/p>\n<p style=\"text-align: justify;\"><a href=\"http:\/\/www.sabine-seyffert.de\/blog\/?page_id=32#urheberrecht\">urheberrechtlich gesch\u00fctzt<\/a>, \u00a9 Sabine Seyffert<\/p>\n<p style=\"text-align: justify;\">\n","protected":false},"excerpt":{"rendered":"<p>Das Laternenfest r\u00fcckt immer n\u00e4her und somit werkeln wir hier flei\u00dfig allerhand Laternen. Und dabei kommen uns immer wieder neue Ideen. Wo wir die letzten Jahre flei\u00dfig Laternen aus alten Sp\u00fcliflaschen gebastelt haben wie Fuchs, Pinguin, Froschk\u00f6nig oder Gl\u00fccksk\u00e4fer, geht es in diesem Jahr alten Milchkartons an den Kragen. Das wird gebraucht: 1 leere Milchkarton&#8230; <a href=\"https:\/\/www.sabine-seyffert.de\/blog\/upcycling-laterne-weisses-haus-in-dunkler-nacht\/\" class=\"more-link\">Read more: Upcycling Laterne: Wei\u00dfes Haus in dunkler Nacht<\/a><\/p>\n","protected":false},"author":2,"featured_media":6475,"comment_status":"open","ping_status":"open","sticky":false,"template":"","format":"standard","meta":{"_metis_text_type":"","_metis_text_length":2058,"_post_count":0,"footnotes":""},"categories":[41,12,25,54,47],"tags":[],"class_list":["post-6465","post","type-post","status-publish","format-standard","has-post-thumbnail","hentry","category-weihnachten","category-deko-ideen","category-herbst","category-laterne-co","category-upcyceltes"],"_links":{"self":[{"href":"https:\/\/www.sabine-seyffert.de\/blog\/wp-json\/wp\/v2\/posts\/6465","targetHints":{"allow":["GET"]}}],"collection":[{"href":"https:\/\/www.sabine-seyffert.de\/blog\/wp-json\/wp\/v2\/posts"}],"about":[{"href":"https:\/\/www.sabine-seyffert.de\/blog\/wp-json\/wp\/v2\/types\/post"}],"author":[{"embeddable":true,"href":"https:\/\/www.sabine-seyffert.de\/blog\/wp-json\/wp\/v2\/users\/2"}],"replies":[{"embeddable":true,"href":"https:\/\/www.sabine-seyffert.de\/blog\/wp-json\/wp\/v2\/comments?post=6465"}],"version-history":[{"count":6,"href":"https:\/\/www.sabine-seyffert.de\/blog\/wp-json\/wp\/v2\/posts\/6465\/revisions"}],"predecessor-version":[{"id":24527,"href":"https:\/\/www.sabine-seyffert.de\/blog\/wp-json\/wp\/v2\/posts\/6465\/revisions\/24527"}],"wp:featuredmedia":[{"embeddable":true,"href":"https:\/\/www.sabine-seyffert.de\/blog\/wp-json\/wp\/v2\/media\/6475"}],"wp:attachment":[{"href":"https:\/\/www.sabine-seyffert.de\/blog\/wp-json\/wp\/v2\/media?parent=6465"}],"wp:term":[{"taxonomy":"category","embeddable":true,"href":"https:\/\/www.sabine-seyffert.de\/blog\/wp-json\/wp\/v2\/categories?post=6465"},{"taxonomy":"post_tag","embeddable":true,"href":"https:\/\/www.sabine-seyffert.de\/blog\/wp-json\/wp\/v2\/tags?post=6465"}],"curies":[{"name":"wp","href":"https:\/\/api.w.org\/{rel}","templated":true}]}}